{"id":101585,"date":"2025-10-08T02:46:20","date_gmt":"2025-10-08T02:46:20","guid":{"rendered":"https:\/\/www.europesays.com\/pt\/101585\/"},"modified":"2025-10-08T02:46:20","modified_gmt":"2025-10-08T02:46:20","slug":"comunidade-icl-vence-censura-das-big-techs-e-mais-de-100-mil-vao-assistir-documentario","status":"publish","type":"post","link":"https:\/\/www.europesays.com\/pt\/101585\/","title":{"rendered":"Comunidade ICL vence censura das big techs e mais de 100 mil v\u00e3o assistir document\u00e1rio"},"content":{"rendered":"<p>Apesar da censura da Meta e do Google, que pararam de veicular an\u00fancios sobre o document\u00e1rio \u201c<a href=\"https:\/\/iclnoticias.com.br\/video\/trailer-vai-pra-argentina-carajo-document\/\" target=\"_blank\" rel=\"noopener nofollow\">Vai pra Argentina, carajo<\/a>!\u201d, que ser\u00e1 lan\u00e7ado pelo <a href=\"https:\/\/iclnoticias.com.br\/conhecimento\/icl\/\" target=\"_blank\" rel=\"noopener nofollow\">ICL<\/a> na quinta-feira (9), mais de 100 mil pessoas j\u00e1 se inscreveram para assistir ao <a href=\"https:\/\/iclnoticias.com.br\/conhecimento\/pensamento-critico\/\" rel=\"nofollow noopener\" target=\"_blank\">filme<\/a>.<\/p>\n<p>O grande n\u00famero de inscritos s\u00f3 foi poss\u00edvel gra\u00e7as \u00e0 mobiliza\u00e7\u00e3o da comunidade do <a href=\"https:\/\/iclnoticias.com.br\/conhecimento\/icl\/\" target=\"_blank\" rel=\"noopener nofollow\">ICL<\/a>, que se empenhou em divulgar organicamente o trailer do document\u00e1rio. Em publica\u00e7\u00e3o nas redes sociais, <a href=\"https:\/\/iclnoticias.com.br\/conhecimento\/eduardo-moreira\/\" target=\"_blank\" rel=\"noopener nofollow\">Eduardo Moreira<\/a>, fundador do Instituto Conhecimento Liberta, revelou que mais de 15 mil pessoas baixaram o trailer do filme para postar e divulgar nas redes sociais.<\/p>\n<p>A censura das big techs prejudicou a campanha de promo\u00e7\u00e3o nas redes do document\u00e1rio. Postagens apresentando o trailer do document\u00e1rio, que aborda o descontrole das pol\u00edticas econ\u00f4mica e social de Javier Milei, foram classificados pelas plataformas como \u201cpropaganda pol\u00edtica\u201d e proibidas de serem veiculadas.<\/p>\n<p>\u201cIsso nos causou estranhamento, porque \u00e9 um document\u00e1rio como o que a gente fez sobre <a href=\"https:\/\/iclnoticias.com.br\/conhecimento\/cuba-artigo\/\" target=\"_blank\" rel=\"noopener nofollow\">Cuba<\/a>, por exemplo, e n\u00e3o tivemos os mesmos problemas\u201d, analisa <a href=\"https:\/\/iclnoticias.com.br\/conhecimento\/eduardo-moreira\/\" target=\"_blank\" rel=\"noopener nofollow\">Eduardo Moreira<\/a>, que aparece no filme apresentando os efeitos da gest\u00e3o Milei na vida dos argentinos mais pobres.<\/p>\n<p><a href=\"https:\/\/icl.com.br\/lp\/w55\/?act=1148016&amp;acl=364&amp;utm_source=portal-icl-noticias&amp;utm_medium=banner&amp;utm_campaign=icl-w55&amp;utm_term=convite&amp;utm_content=organico\" target=\"_blank\" rel=\"noopener nofollow\">Para garantir seu ingresso gr\u00e1tis, clique aqui<\/a>.<\/p>\n<p>O an\u00fancio foi encaminhado para ser veiculado na categoria entretenimento, mas Meta e Google n\u00e3o permitiram utilizar esse segmento, rejeitando e desabilitando a veicula\u00e7\u00e3o do an\u00fancio do document\u00e1rio. \u201cDeterminamos que esse \u00e9 um an\u00fancio sobre temas sociais, elei\u00e7\u00f5es ou pol\u00edtica. Portanto, voc\u00ea deve escolher Temas sociais, elei\u00e7\u00f5es ou pol\u00edtica na categoria de an\u00fancios especial\u201d, informou o Instagram.<\/p>\n<p><img fetchpriority=\"high\" decoding=\"async\" aria-describedby=\"caption-attachment-93026\" class=\"wp-image-93026\" src=\"https:\/\/www.europesays.com\/pt\/wp-content\/uploads\/2025\/10\/WhatsApp-Image-2025-10-01-at-17.58.12-1.webp.webp\" alt=\"ICL\" width=\"720\" height=\"876\"\/><\/p>\n<p id=\"caption-attachment-93026\" class=\"wp-caption-text\">Mensagem do Instagram rejeitando o an\u00fancio do <a href=\"https:\/\/iclnoticias.com.br\/conhecimento\/icl\/\" rel=\"nofollow noopener\" target=\"_blank\">ICL<\/a>. (Foto: Reprodu\u00e7\u00e3o)<\/p>\n<p>Com a decis\u00e3o das big techs, an\u00fancios tiveram circula\u00e7\u00e3o limitada e alcan\u00e7aram um n\u00famero menor de pessoas. \u201cO que est\u00e1 acontecendo com a gente \u00e9 um absurdo e mostra como tem lado as Big Techs, como existe um projeto pol\u00edtico por tr\u00e1s delas. N\u00e3o \u00e9 \u00e0 toa que todos os caras das Big Techs est\u00e3o ao lado de Donald Trump. \u00c9 projeto pol\u00edtico sim e \u00e9 colado \u00e0 extrema-direita sim\u201d, afirmou <a href=\"https:\/\/iclnoticias.com.br\/conhecimento\/eduardo-moreira\/\" rel=\"nofollow noopener\" target=\"_blank\">Eduardo Moreira<\/a>, em transmiss\u00e3o do ICL Not\u00edcias.<\/p>\n<p>Document\u00e1rio \u2018Vai pra Argentina, carajo!\u2019, do ICL<\/p>\n<p>O document\u00e1rio dirigido por Juliana Baroni e Fabi\u00e1n Restivo mostra o que realmente est\u00e1 acontecendo na Argentina, sem cumplicidade de alguns ve\u00edculos de comunica\u00e7\u00e3o brasileiros com a administra\u00e7\u00e3o Milei.<\/p>\n<p>O filme mostra demiss\u00f5es em massa em \u00e1reas ligadas a mem\u00f3ria e justi\u00e7a, e o esvaziamento total das pol\u00edticas do Estado. E tamb\u00e9m como a promessa de prosperidade virou a maior fake news do capitalismo mundial.<\/p>\n<p>Entenda como um economista e comentarista televisivo que fala com seu cachorro falecido, ingressou na pol\u00edtica e se tornou presidente de uma das maiores economias da Am\u00e9rica Latina. Vai ser poss\u00edvel compreender tamb\u00e9m como por tr\u00e1s do discurso violento, h\u00e1 um laborat\u00f3rio oculto <a href=\"https:\/\/iclnoticias.com.br\/conhecimento\/neoliberalismo-no-brasil\/\" rel=\"nofollow noopener\" target=\"_blank\">neoliberal<\/a> alinhado a figuras da extrema direita global \u2014 como Trump, Bolsonaro, Orb\u00e1n e Netanyahu.<\/p>\n<p>Testemunhe os efeitos reais das pol\u00edticas escondidas pela grande m\u00eddia: pobreza em massa, perda de direitos de estudantes e aposentados, e um povo sufocado pelos cortes dos seus direitos e assista a um pa\u00eds apresentado como um modelo econ\u00f4mico pela <a href=\"https:\/\/iclnoticias.com.br\/conhecimento\/elite-brasileira\/\" rel=\"nofollow noopener\" target=\"_blank\">elite<\/a>, mas que vive uma das piores crises sociais da sua <a href=\"https:\/\/iclnoticias.com.br\/conhecimento\/historia-do-brasil\/\" rel=\"nofollow noopener\" target=\"_blank\">hist\u00f3ria<\/a>.<\/p>\n<p>\u00a0<\/p>\n","protected":false},"excerpt":{"rendered":"Apesar da censura da Meta e do Google, que pararam de veicular an\u00fancios sobre o document\u00e1rio \u201cVai pra&hellip;\n","protected":false},"author":2,"featured_media":101586,"comment_status":"","ping_status":"","sticky":false,"template":"","format":"standard","meta":{"footnotes":""},"categories":[140],"tags":[114,115,147,148,146,32,33],"class_list":{"0":"post-101585","1":"post","2":"type-post","3":"status-publish","4":"format-standard","5":"has-post-thumbnail","7":"category-filmes","8":"tag-entertainment","9":"tag-entretenimento","10":"tag-film","11":"tag-filmes","12":"tag-movies","13":"tag-portugal","14":"tag-pt"},"share_on_mastodon":{"url":"","error":""},"_links":{"self":[{"href":"https:\/\/www.europesays.com\/pt\/wp-json\/wp\/v2\/posts\/101585","targetHints":{"allow":["GET"]}}],"collection":[{"href":"https:\/\/www.europesays.com\/pt\/wp-json\/wp\/v2\/posts"}],"about":[{"href":"https:\/\/www.europesays.com\/pt\/wp-json\/wp\/v2\/types\/post"}],"author":[{"embeddable":true,"href":"https:\/\/www.europesays.com\/pt\/wp-json\/wp\/v2\/users\/2"}],"replies":[{"embeddable":true,"href":"https:\/\/www.europesays.com\/pt\/wp-json\/wp\/v2\/comments?post=101585"}],"version-history":[{"count":0,"href":"https:\/\/www.europesays.com\/pt\/wp-json\/wp\/v2\/posts\/101585\/revisions"}],"wp:featuredmedia":[{"embeddable":true,"href":"https:\/\/www.europesays.com\/pt\/wp-json\/wp\/v2\/media\/101586"}],"wp:attachment":[{"href":"https:\/\/www.europesays.com\/pt\/wp-json\/wp\/v2\/media?parent=101585"}],"wp:term":[{"taxonomy":"category","embeddable":true,"href":"https:\/\/www.europesays.com\/pt\/wp-json\/wp\/v2\/categories?post=101585"},{"taxonomy":"post_tag","embeddable":true,"href":"https:\/\/www.europesays.com\/pt\/wp-json\/wp\/v2\/tags?post=101585"}],"curies":[{"name":"wp","href":"https:\/\/api.w.org\/{rel}","templated":true}]}}