{"id":101612,"date":"2025-10-08T03:23:11","date_gmt":"2025-10-08T03:23:11","guid":{"rendered":"https:\/\/www.europesays.com\/pt\/101612\/"},"modified":"2025-10-08T03:23:11","modified_gmt":"2025-10-08T03:23:11","slug":"jao-se-oferece-para-pagar-faculdade-de-ex-moradora-de-rua-que-emocionou-madonna","status":"publish","type":"post","link":"https:\/\/www.europesays.com\/pt\/101612\/","title":{"rendered":"J\u00e3o se oferece para pagar faculdade de ex-moradora de rua que emocionou Madonna"},"content":{"rendered":"<p>O cantor J\u00e3o se ofereceu para pagar a faculdade de Maria Solange Amorim, ex-moradora de rua que viralizou h\u00e1 cerca de cinco anos. A f\u00e3 de Madonna ganhou a web ao dan\u00e7ar Holiday, foi notada pela Rainha do Pop e contou que estava buscando formas de financiar sua gradua\u00e7\u00e3o em Psicologia ap\u00f3s se formar no ensino m\u00e9dio EJA.<\/p>\n<p>Segundo o Portal Leo Dias, apesar de ter dado uma pausa na carreira e ainda estar enfrentando o luto pela morte do pai, o dono do hit Idiota assistiu \u00e0 participa\u00e7\u00e3o recente de Maria no Sem Censura, da TV Brasil, e se comoveu com a hist\u00f3ria dela.<\/p>\n<p>+\u00a0<a href=\"https:\/\/natelinha.uol.com.br\/mercado\/2025\/10\/07\/paramount-encerra-mtv-nickelodeon-e-mais-4-canais-na-tv-paga-por-decisao-do-novo-dono-232333.php\" rel=\"nofollow noopener\" target=\"_blank\">Paramount encerra MTV, Nickelodeon e mais 4 canais na TV paga por decis\u00e3o do novo dono<\/a><\/p>\n<p>continua depois da publicidade<\/p>\n<p>+\u00a0<a href=\"https:\/\/natelinha.uol.com.br\/a-fazenda\/2025\/10\/07\/a-fazenda-defesa-de-gaby-spanic-denuncia-fernando-sampaio-apos-briga-232328.php\" rel=\"nofollow noopener\" target=\"_blank\">A Fazenda: Defesa de Gaby Spanic denuncia Fernando Sampaio ap\u00f3s briga<\/a><\/p>\n<p>Maria Solange se tornou uma pessoa p\u00fablica em 2020, quando estava em um per\u00edodo de tristeza pela morte do filho. Ap\u00f3s o v\u00eddeo viral, ela se afastou das drogas, completou os estudos e come\u00e7ou a trabalhar como bab\u00e1.<\/p>\n<p>Atualmente, ela est\u00e1 se preparando para prestar o Enem e entrar na faculdade de Psicologia. <a href=\"https:\/\/natelinha.uol.com.br\/famosos\/tudo-sobre\/jao\" rel=\"nofollow noopener\" target=\"_blank\">J\u00e3o<\/a> j\u00e1 se prontificou para arcar com todos os custos da nova fase acad\u00eamica dela.<\/p>\n<p>                                <img decoding=\"async\" loading=\"lazy\" class=\"horizontal\" alt=\"Imagem da thumbnail do v\u00eddeo\" src=\"https:\/\/www.europesays.com\/pt\/wp-content\/uploads\/2025\/10\/hqdefault.jpg\"\/><\/p>\n<p>A hist\u00f3ria de Maria Solange<\/p>\n<p>Quatro anos ap\u00f3s viralizar na internet, quando <a href=\"https:\/\/natelinha.uol.com.br\/famosos\/tudo-sobre\/madonna\" rel=\"nofollow noopener\" target=\"_blank\">Madonna<\/a> esteve no Brasil para se apresentar em Copacabana, <a href=\"https:\/\/natelinha.uol.com.br\/famosos\/2024\/05\/21\/fa-que-viralizou-dancando-hit-de-madonna-foi-demitida-apos-ir-ao-show-no-rio-212097.php\" rel=\"nofollow noopener\" target=\"_blank\">Maria Solange foi convidada para prestigiar o show da veterana de pertinho.<\/a><\/p>\n<p>continua depois da publicidade<\/p>\n<p>Foi a Rainha do Pop que, em 2020, mobilizou uma rede de pessoas para ajudar a f\u00e3 a se reerguer. A amazonense passou oito meses em tratamento contra a depend\u00eancia qu\u00edmica em uma cl\u00ednica no interior de S\u00e3o Paulo.<\/p>\n<p>Al\u00e9m disso, Maria Solange se submeteu a um tratamento odontol\u00f3gico e reencontrou a fam\u00edlia. Atualmente, ela mora em Guarulhos.<\/p>\n","protected":false},"excerpt":{"rendered":"O cantor J\u00e3o se ofereceu para pagar a faculdade de Maria Solange Amorim, ex-moradora de rua que viralizou&hellip;\n","protected":false},"author":2,"featured_media":101613,"comment_status":"","ping_status":"","sticky":false,"template":"","format":"standard","meta":{"footnotes":""},"categories":[145],"tags":[211,210,114,115,24749,1046,32,33,3784,24748],"class_list":{"0":"post-101612","1":"post","2":"type-post","3":"status-publish","4":"format-standard","5":"has-post-thumbnail","7":"category-celebridades","8":"tag-celebridades","9":"tag-celebrities","10":"tag-entertainment","11":"tag-entretenimento","12":"tag-jao","13":"tag-madonna","14":"tag-portugal","15":"tag-pt","16":"tag-sem-censura","17":"tag-tvbrasil"},"share_on_mastodon":{"url":"","error":""},"_links":{"self":[{"href":"https:\/\/www.europesays.com\/pt\/wp-json\/wp\/v2\/posts\/101612","targetHints":{"allow":["GET"]}}],"collection":[{"href":"https:\/\/www.europesays.com\/pt\/wp-json\/wp\/v2\/posts"}],"about":[{"href":"https:\/\/www.europesays.com\/pt\/wp-json\/wp\/v2\/types\/post"}],"author":[{"embeddable":true,"href":"https:\/\/www.europesays.com\/pt\/wp-json\/wp\/v2\/users\/2"}],"replies":[{"embeddable":true,"href":"https:\/\/www.europesays.com\/pt\/wp-json\/wp\/v2\/comments?post=101612"}],"version-history":[{"count":0,"href":"https:\/\/www.europesays.com\/pt\/wp-json\/wp\/v2\/posts\/101612\/revisions"}],"wp:featuredmedia":[{"embeddable":true,"href":"https:\/\/www.europesays.com\/pt\/wp-json\/wp\/v2\/media\/101613"}],"wp:attachment":[{"href":"https:\/\/www.europesays.com\/pt\/wp-json\/wp\/v2\/media?parent=101612"}],"wp:term":[{"taxonomy":"category","embeddable":true,"href":"https:\/\/www.europesays.com\/pt\/wp-json\/wp\/v2\/categories?post=101612"},{"taxonomy":"post_tag","embeddable":true,"href":"https:\/\/www.europesays.com\/pt\/wp-json\/wp\/v2\/tags?post=101612"}],"curies":[{"name":"wp","href":"https:\/\/api.w.org\/{rel}","templated":true}]}}