{"id":101626,"date":"2025-10-08T03:40:10","date_gmt":"2025-10-08T03:40:10","guid":{"rendered":"https:\/\/www.europesays.com\/pt\/101626\/"},"modified":"2025-10-08T03:40:10","modified_gmt":"2025-10-08T03:40:10","slug":"grazi-massafera-aposta-em-look-com-decote-nas-costas-e-recortes-para-festa-de-novela","status":"publish","type":"post","link":"https:\/\/www.europesays.com\/pt\/101626\/","title":{"rendered":"Grazi Massafera aposta em look com decote nas costas e recortes para festa de novela"},"content":{"rendered":"<p>A atriz <a href=\"https:\/\/caras.com.br\/tags\/grazi-massafera\" rel=\"nofollow noopener\" target=\"_blank\"><strong>Grazi Massafera<\/strong><\/a> atraiu todos os olhares ao marcar presen\u00e7a na festa de lan\u00e7amento da novela <a href=\"https:\/\/caras.com.br\/tags\/tres-gracas\" rel=\"nofollow noopener\" target=\"_blank\">Tr\u00eas Gra\u00e7as<\/a>, que \u00e9 a pr\u00f3xima novela das 9 da Globo. Na noite desta ter\u00e7a-feira, 7, ela surgiu deslumbrante com um look em tom acinzentado e com um toque de ousadia.<\/p>\n<p>O vestido de Grazi contou com um recorte estrat\u00e9gico na barriga, que deixou \u00e0 mostra seu abd\u00f4men com gominhos. Al\u00e9m disso, o visual tinha fenda na perna e decote profundo nas costas.<\/p>\n<p>Para completar o visual, ela usou sapatos de salto alto na mesma cor do look e apostou em joias douradas.<\/p>\n<p>De acordo com a sinopse da novela Tr\u00eas Gra\u00e7as, a personagem Arminda \u00e9\u00a0\u201cm\u00e3e de Raul (Paulo Mendes) e vi\u00fava de Rog\u00e9rio, desaparecido em circunst\u00e2ncias misteriosas. Amante de Santiago Ferette (Murilo Ben\u00edcio), de quem \u00e9 s\u00f3cia na Funda\u00e7\u00e3o Ferette, \u00e9 uma madame esnobe, ego\u00edsta e cruel, que intimida e oprime aqueles ao seu redor, a come\u00e7ar por Gerluce (Sophie Charlotte), que trabalha como cuidadora de sua m\u00e3e. Considera-se superior aos outros e expressa desprezo pelos mais necessitados. Tem a vida centrada em seu pr\u00f3prio prazer e interesses. Sua crueldade se manifesta, principalmente, em humilha\u00e7\u00f5es ao filho e na neglig\u00eancia com a m\u00e3e idosa. \u00c9 manipuladora e astuta, e n\u00e3o tem senso de moralidade. Com o amante, comanda um esquema altamente lucrativo de falsifica\u00e7\u00e3o de rem\u00e9dios. Em sua casa, esconde a imponente escultura As Tr\u00eas Gra\u00e7as, uma obra que estar\u00e1 no centro do interesse de v\u00e1rios personagens\u201c.<\/p>\n<p>\t <img loading=\"lazy\" decoding=\"async\" class=\"wp-image-1014906 size-full img-fluid lazy\" alt=\"Grazi Massafera na festa de lan\u00e7amento da novela Tr\u00eas Gra\u00e7as, da Globo - Foto: Andy Santana \/ Brazil News\" width=\"1368\" height=\"2048\" src=\"https:\/\/www.europesays.com\/pt\/wp-content\/uploads\/2025\/10\/1759894808_276_grazi-massafera-festa-tres-gracas-3.jpg\"  \/>Grazi Massafera na festa de lan\u00e7amento da novela Tr\u00eas Gra\u00e7as, da Globo \u2013 Foto: Andy Santana \/ Brazil News <img loading=\"lazy\" decoding=\"async\" class=\"wp-image-1014904 size-full img-fluid lazy\" alt=\"Grazi Massafera na festa de lan\u00e7amento da novela Tr\u00eas Gra\u00e7as, da Globo - Foto: Andy Santana \/ Brazil News\" width=\"1368\" height=\"2048\" src=\"https:\/\/www.europesays.com\/pt\/wp-content\/uploads\/2025\/10\/grazi-massafera-festa-tres-gracas-1.jpg\"  \/>Grazi Massafera na festa de lan\u00e7amento da novela Tr\u00eas Gra\u00e7as, da Globo \u2013 Foto: Andy Santana \/ Brazil News <img loading=\"lazy\" decoding=\"async\" class=\"wp-image-1014905 size-full img-fluid lazy\" alt=\"Grazi Massafera na festa de lan\u00e7amento da novela Tr\u00eas Gra\u00e7as, da Globo - Foto: Andy Santana \/ Brazil News\" width=\"1368\" height=\"2048\" src=\"https:\/\/www.europesays.com\/pt\/wp-content\/uploads\/2025\/10\/grazi-massafera-festa-tres-gracas-2.jpg\"  \/>Grazi Massafera na festa de lan\u00e7amento da novela Tr\u00eas Gra\u00e7as, da Globo \u2013 Foto: Andy Santana \/ Brazil News <\/p>\n<blockquote class=\"instagram-media\" style=\"background: #FFF; border: 0; border-radius: 3px; box-shadow: 0 0 1px 0 rgba(0,0,0,0.5),0 1px 10px 0 rgba(0,0,0,0.15); margin: 1px; max-width: 540px; min-width: 326px; padding: 0; width: calc(100% - 2px);\" data-instgrm-captioned=\"\" data-instgrm-permalink=\"https:\/\/www.instagram.com\/p\/DPhuAIgEt0d\/?utm_source=ig_embed&amp;utm_campaign=loading\" data-instgrm-version=\"14\"><\/blockquote>\n<p><strong>Leia tamb\u00e9m<\/strong>: <a href=\"https:\/\/caras.com.br\/novelas\/tres-gracas-veja-os-looks-dos-famosos-na-festa-de-lancamento-da-novela.phtml\" rel=\"nofollow noopener\" target=\"_blank\">Tr\u00eas Gra\u00e7as: Veja os looks dos famosos na festa de lan\u00e7amento da novela<\/a><\/p>\n<p>        <a href=\"https:\/\/caras.com.br\/autor\/priscilla-comoti\" rel=\"nofollow noopener\" target=\"_blank\">&#13;<br \/>\n          <img alt=\"Priscilla Comoti\" src=\"https:\/\/www.europesays.com\/pt\/wp-content\/uploads\/2025\/10\/1759894810_227_e53883bdf02c542f6517b68879e8cb08b27a1d55c4dfd53577e47d3ab6331a06\"  class=\"avatar avatar-115 photo rounded-circle mr-3\" height=\"115\" width=\"115\" loading=\"lazy\" decoding=\"async\"\/>        <\/a><\/p>\n<p>Priscilla Comoti \u00e9 editora de conte\u00fado do site CARAS. Ela \u00e9 formada em jornalismo e em audiovisual, j\u00e1 passou pelos sites Contigo!, Minha Novela, TiTiTi, Mais Novela e Portal M\u00e1rcia Piovesan. Escreve sobre celebridades, not\u00edcias sobre a fam\u00edlia real brit\u00e2nica, TV, reality show e novelas.<\/p>\n<p>\t                                            <script async src=\"\/\/www.instagram.com\/embed.js\"><\/script><\/p>\n","protected":false},"excerpt":{"rendered":"A atriz Grazi Massafera atraiu todos os olhares ao marcar presen\u00e7a na festa de lan\u00e7amento da novela Tr\u00eas&hellip;\n","protected":false},"author":2,"featured_media":101627,"comment_status":"","ping_status":"","sticky":false,"template":"","format":"standard","meta":{"footnotes":""},"categories":[142],"tags":[114,115,4375,2931,32,33,4376,151],"class_list":{"0":"post-101626","1":"post","2":"type-post","3":"status-publish","4":"format-standard","5":"has-post-thumbnail","7":"category-tv","8":"tag-entertainment","9":"tag-entretenimento","10":"tag-grazi-massafera","11":"tag-novela","12":"tag-portugal","13":"tag-pt","14":"tag-tres-gracas","15":"tag-tv"},"share_on_mastodon":{"url":"","error":""},"_links":{"self":[{"href":"https:\/\/www.europesays.com\/pt\/wp-json\/wp\/v2\/posts\/101626","targetHints":{"allow":["GET"]}}],"collection":[{"href":"https:\/\/www.europesays.com\/pt\/wp-json\/wp\/v2\/posts"}],"about":[{"href":"https:\/\/www.europesays.com\/pt\/wp-json\/wp\/v2\/types\/post"}],"author":[{"embeddable":true,"href":"https:\/\/www.europesays.com\/pt\/wp-json\/wp\/v2\/users\/2"}],"replies":[{"embeddable":true,"href":"https:\/\/www.europesays.com\/pt\/wp-json\/wp\/v2\/comments?post=101626"}],"version-history":[{"count":0,"href":"https:\/\/www.europesays.com\/pt\/wp-json\/wp\/v2\/posts\/101626\/revisions"}],"wp:featuredmedia":[{"embeddable":true,"href":"https:\/\/www.europesays.com\/pt\/wp-json\/wp\/v2\/media\/101627"}],"wp:attachment":[{"href":"https:\/\/www.europesays.com\/pt\/wp-json\/wp\/v2\/media?parent=101626"}],"wp:term":[{"taxonomy":"category","embeddable":true,"href":"https:\/\/www.europesays.com\/pt\/wp-json\/wp\/v2\/categories?post=101626"},{"taxonomy":"post_tag","embeddable":true,"href":"https:\/\/www.europesays.com\/pt\/wp-json\/wp\/v2\/tags?post=101626"}],"curies":[{"name":"wp","href":"https:\/\/api.w.org\/{rel}","templated":true}]}}