{"id":101662,"date":"2025-10-08T04:25:14","date_gmt":"2025-10-08T04:25:14","guid":{"rendered":"https:\/\/www.europesays.com\/pt\/101662\/"},"modified":"2025-10-08T04:25:14","modified_gmt":"2025-10-08T04:25:14","slug":"este-drama-com-hilary-swank-e-o-novo-fenomeno-da-netflix-nit","status":"publish","type":"post","link":"https:\/\/www.europesays.com\/pt\/101662\/","title":{"rendered":"este drama com Hilary Swank \u00e9 o novo fen\u00f3meno da Netflix \u2014 NiT"},"content":{"rendered":"<p>Estreou-se no cat\u00e1logo portugu\u00eas da Netflix a 1 de outubro e precisou apenas de um par de dias para arrebatar um lugar de destaque no top dos mais vistos. O novo filme de Hilary Swank, \u201cAnjos na Terra\u201d, saltou diretamente para o primeiro lugar do ranking nacional.<\/p>\n<p>A hist\u00f3ria n\u00e3o \u00e9 nova para quem acompanha as estreias de cinema. O drama, que chegou \u00e0s salas portuguesas a 28 de mar\u00e7o, prometia deixar a plateia lavada em l\u00e1grimas. E conseguiu-o.<\/p>\n<p>Inspirado numa hist\u00f3ria verdadeira, a narrativa acompanha a en\u00e9rgica Sharon Stevens (Swank), uma cabeleireira de Louisville que mobiliza toda a comunidade para ajudar Michelle, uma menina de cinco anos que precisa urgentemente de um transplante de f\u00edgado.<\/p>\n<p>O pai da crian\u00e7a, Ed Schmitt, \u00e9 um vi\u00favo com dificuldades financeiras que tenta desesperadamente salvar a filha. No meio de uma hist\u00f3rica vaga de frio, Sharon faz de tudo para que o transplante aconte\u00e7a. A hist\u00f3ria real teve lugar no inverno de 1994 e a adapta\u00e7\u00e3o chegou aos cinemas tr\u00eas d\u00e9cadas mais tarde.<\/p>\n<p>O filme \u00e9 realizado por Jon Gunn e conta com interpreta\u00e7\u00f5es de Alan Ritchson, Emily Mitchell, Nancy Travis e Tamala Jones, al\u00e9m da protagonista Hilary Swank, que venceu dois \u00d3scares e diz que esta \u00e9, provavelmente, a hist\u00f3ria mais pessoal que j\u00e1 contou no grande ecr\u00e3.<\/p>\n<p>A atriz perdeu o pai, que tamb\u00e9m precisava de um transplante, apenas cinco meses antes das filmagens. \u201cFoi uma b\u00ean\u00e7\u00e3o poder fazer este filme\u201d, revelou numa entrevista \u00e0 CBS. Hilary chegou mesmo a pausar a carreira durante tr\u00eas anos para cuidar dele. \u201cTenho saudades dele todos os dias.\u201d<\/p>\n<p>Carregue na galeria para conhecer algumas das s\u00e9ries e temporadas que estreiam em outubro nas plataformas de streaming e canais de televis\u00e3o.<\/p>\n","protected":false},"excerpt":{"rendered":"Estreou-se no cat\u00e1logo portugu\u00eas da Netflix a 1 de outubro e precisou apenas de um par de dias&hellip;\n","protected":false},"author":2,"featured_media":101663,"comment_status":"","ping_status":"","sticky":false,"template":"","format":"standard","meta":{"footnotes":""},"categories":[140],"tags":[114,115,147,148,146,32,33],"class_list":{"0":"post-101662","1":"post","2":"type-post","3":"status-publish","4":"format-standard","5":"has-post-thumbnail","7":"category-filmes","8":"tag-entertainment","9":"tag-entretenimento","10":"tag-film","11":"tag-filmes","12":"tag-movies","13":"tag-portugal","14":"tag-pt"},"share_on_mastodon":{"url":"","error":""},"_links":{"self":[{"href":"https:\/\/www.europesays.com\/pt\/wp-json\/wp\/v2\/posts\/101662","targetHints":{"allow":["GET"]}}],"collection":[{"href":"https:\/\/www.europesays.com\/pt\/wp-json\/wp\/v2\/posts"}],"about":[{"href":"https:\/\/www.europesays.com\/pt\/wp-json\/wp\/v2\/types\/post"}],"author":[{"embeddable":true,"href":"https:\/\/www.europesays.com\/pt\/wp-json\/wp\/v2\/users\/2"}],"replies":[{"embeddable":true,"href":"https:\/\/www.europesays.com\/pt\/wp-json\/wp\/v2\/comments?post=101662"}],"version-history":[{"count":0,"href":"https:\/\/www.europesays.com\/pt\/wp-json\/wp\/v2\/posts\/101662\/revisions"}],"wp:featuredmedia":[{"embeddable":true,"href":"https:\/\/www.europesays.com\/pt\/wp-json\/wp\/v2\/media\/101663"}],"wp:attachment":[{"href":"https:\/\/www.europesays.com\/pt\/wp-json\/wp\/v2\/media?parent=101662"}],"wp:term":[{"taxonomy":"category","embeddable":true,"href":"https:\/\/www.europesays.com\/pt\/wp-json\/wp\/v2\/categories?post=101662"},{"taxonomy":"post_tag","embeddable":true,"href":"https:\/\/www.europesays.com\/pt\/wp-json\/wp\/v2\/tags?post=101662"}],"curies":[{"name":"wp","href":"https:\/\/api.w.org\/{rel}","templated":true}]}}