{"id":101828,"date":"2025-10-08T09:19:14","date_gmt":"2025-10-08T09:19:14","guid":{"rendered":"https:\/\/www.europesays.com\/pt\/101828\/"},"modified":"2025-10-08T09:19:14","modified_gmt":"2025-10-08T09:19:14","slug":"gouveia-e-melo-acusa-marques-mendes-de-ser-bastonario-de-perigosa-oligarquia-politica-dona-da-democracia","status":"publish","type":"post","link":"https:\/\/www.europesays.com\/pt\/101828\/","title":{"rendered":"Gouveia e Melo acusa Marques Mendes de ser &#8220;baston\u00e1rio&#8221; de &#8220;perigosa oligarquia&#8221; pol\u00edtica &#8220;dona da democracia&#8221;"},"content":{"rendered":"<p>O candidato presidencial Henrique Gouveia e Melo acusou esta ter\u00e7a-feira, 7 de outubro, o seu concorrente Lu\u00eds Marques Mendes de ser &#8220;o baston\u00e1rio&#8221; de uma\u00a0\u201coligarquia perigosa\u201d composta por uma \u201ccasta pol\u00edtica que \u00e9 dona da democracia\u201d.<\/p>\n<p>O almirante falava \u00e0 Lusa durante uma visita ao Brasil, numa conversa em que referiu que a sua candidatura provoca \u201crea\u00e7\u00f5es estranhas e verdadeiramente antidemocr\u00e1ticas\u201d, o que diz ser resultado de ter feito uma carreira militar, ser independente e de n\u00e3o ter feito uma carreira pol\u00edtica.<\/p>\n<p>Gouveia e Melo diz que as cr\u00edticas \u00e0 sua campanha centram-se em temas que diz serem demag\u00f3gicos. \u201cUm dos temas \u00e9 que eu, como militar,\u00a0n\u00e3o devia estar na pol\u00edtica\u201c, sublinhou, acrescentando que outro dos motivos invocados \u00e9 que n\u00e3o tem prepara\u00e7\u00e3o pol\u00edtica e que ir\u00e1 fazer \u201ca transla\u00e7\u00e3o de coisas m\u00e1s que existem dos militares para a pol\u00edtica\u201d.<\/p>\n<p>\u201c\u00c9 desinforma\u00e7\u00e3o, \u00e9 propagar a desinforma\u00e7\u00e3o, propagar uma ideia e um medo que n\u00e3o existe, principalmente militares que foram criados j\u00e1 no processo democr\u00e1tico com juramento \u00e0 pr\u00f3pria Constitui\u00e7\u00e3o. Isto significa que existe uma casta pol\u00edtica que \u00e9 dona da democracia&#8221;, sublinhou, acrescentando que &#8220;uma casta pol\u00edtica que \u00e9 dona da democracia n\u00e3o \u00e9 democracia, \u00e9 uma oligarquia&#8221;. <\/p>\n<p>A respeito dessa oligarquia, como lhe chama, diz ser &#8220;perigosa&#8221;. &#8220;\u00c9 uma oligarquia que tomou conta do sistema e se est\u00e1 a transformar em oligarquia de compadrio&#8221;, uma vez que diz come\u00e7ar &#8220;a defender os interesses de pequenos grupos\u201d.<\/p>\n","protected":false},"excerpt":{"rendered":"O candidato presidencial Henrique Gouveia e Melo acusou esta ter\u00e7a-feira, 7 de outubro, o seu concorrente Lu\u00eds Marques&hellip;\n","protected":false},"author":2,"featured_media":101829,"comment_status":"","ping_status":"","sticky":false,"template":"","format":"standard","meta":{"footnotes":""},"categories":[10],"tags":[27,28,15,16,9498,14,25,26,21,22,24788,12,13,19,20,32,1076,23,24,33,17,18,29,30,31],"class_list":{"0":"post-101828","1":"post","2":"type-post","3":"status-publish","4":"format-standard","5":"has-post-thumbnail","7":"category-portugal","8":"tag-breaking-news","9":"tag-breakingnews","10":"tag-featured-news","11":"tag-featurednews","12":"tag-gouveia-e-melo","13":"tag-headlines","14":"tag-latest-news","15":"tag-latestnews","16":"tag-main-news","17":"tag-mainnews","18":"tag-marques-mendes","19":"tag-news","20":"tag-noticias","21":"tag-noticias-principais","22":"tag-noticiasprincipais","23":"tag-portugal","24":"tag-presidenciais-2026","25":"tag-principais-noticias","26":"tag-principaisnoticias","27":"tag-pt","28":"tag-top-stories","29":"tag-topstories","30":"tag-ultimas","31":"tag-ultimas-noticias","32":"tag-ultimasnoticias"},"share_on_mastodon":{"url":"","error":""},"_links":{"self":[{"href":"https:\/\/www.europesays.com\/pt\/wp-json\/wp\/v2\/posts\/101828","targetHints":{"allow":["GET"]}}],"collection":[{"href":"https:\/\/www.europesays.com\/pt\/wp-json\/wp\/v2\/posts"}],"about":[{"href":"https:\/\/www.europesays.com\/pt\/wp-json\/wp\/v2\/types\/post"}],"author":[{"embeddable":true,"href":"https:\/\/www.europesays.com\/pt\/wp-json\/wp\/v2\/users\/2"}],"replies":[{"embeddable":true,"href":"https:\/\/www.europesays.com\/pt\/wp-json\/wp\/v2\/comments?post=101828"}],"version-history":[{"count":0,"href":"https:\/\/www.europesays.com\/pt\/wp-json\/wp\/v2\/posts\/101828\/revisions"}],"wp:featuredmedia":[{"embeddable":true,"href":"https:\/\/www.europesays.com\/pt\/wp-json\/wp\/v2\/media\/101829"}],"wp:attachment":[{"href":"https:\/\/www.europesays.com\/pt\/wp-json\/wp\/v2\/media?parent=101828"}],"wp:term":[{"taxonomy":"category","embeddable":true,"href":"https:\/\/www.europesays.com\/pt\/wp-json\/wp\/v2\/categories?post=101828"},{"taxonomy":"post_tag","embeddable":true,"href":"https:\/\/www.europesays.com\/pt\/wp-json\/wp\/v2\/tags?post=101828"}],"curies":[{"name":"wp","href":"https:\/\/api.w.org\/{rel}","templated":true}]}}