{"id":101881,"date":"2025-10-08T10:08:08","date_gmt":"2025-10-08T10:08:08","guid":{"rendered":"https:\/\/www.europesays.com\/pt\/101881\/"},"modified":"2025-10-08T10:08:08","modified_gmt":"2025-10-08T10:08:08","slug":"nao-me-orgulho-liliana-deixa-mensagem-a-familia-apos-beijos-na-boca-a-fabio","status":"publish","type":"post","link":"https:\/\/www.europesays.com\/pt\/101881\/","title":{"rendered":"&#8220;N\u00e3o me orgulho&#8221;. Liliana deixa mensagem \u00e0 fam\u00edlia ap\u00f3s beijos na boca a F\u00e1bio"},"content":{"rendered":"<p>Esta ter\u00e7a-feira, 7 de outubro, foi para o ar mais um \u2018Especial\u2019 do \u2018Secret Story 9\u2019, programa di\u00e1rio conduzido por Cristina Ferreira.<\/p>\n<p>A dada altura, e porque durante a madrugada e a tarde de ontem, Liliana e F\u00e1bio beijaram-se, a apresentadora esteve \u00e0 conversa com a jovem, que terminou com o namorado em direto, na gala do passado domingo (6).<\/p>\n<p>Confrontada por Cristina Ferreira sobre as suas palavras antes mesmo do envolvimento com o concorrente, Liliana \u2018abriu o cora\u00e7\u00e3o\u2019: <strong>\u201cAconteceu e agora n\u00e3o h\u00e1 volta, n\u00e3o era algo que eu planeava t\u00e3o cedo mas aconteceu. Aqui, como \u00e9 mais intenso, aconteceu e n\u00e3o h\u00e1 volta a dar. Fiz o que queria no momento\u201d<\/strong>, deu conta.<\/p>\n<p>Liliana falou depois da vontade de F\u00e1bio em beij\u00e1-la e admitiu ainda que \u201cqueria que n\u00e3o acontecesse\u201d: <strong>\u201cMas aconteceu, pronto\u2026 Sou livre\u2026 Sem d\u00favida que n\u00e3o estou a conseguir controlar nada, o programa ajuda-nos a conhecer algo que eu n\u00e3o sabia que existia em mim, eu pensava que tinha sempre o total controlo em mim e estou a conhecer uma parte de mim que n\u00e3o conhecia. Claro que n\u00e3o me orgulho, n\u00e3o era este o percurso que eu queria que acontecesse mas, j\u00e1 que aconteceu, eu tenho que assumir e realmente se eu tinha vontade, fiz (\u2026). Era mesmo o que eu queria, n\u00e3o me orgulho mas as coisas s\u00e3o assim\u201d<\/strong>.<\/p>\n<p>No final, a jovem deixou uma mensagem aos pais, garantindo que est\u00e1 \u201cbem\u201d e a viver o seu sonho: <strong>\u201cEu queria dizer para eles n\u00e3o se preocuparem, para eles n\u00e3o me julgarem- que acho que \u00e9 coisa que n\u00e3o far\u00e3o- que, de certa forma, se os desiludi espero que me entendam e que estou bem, estou feliz!\u201d<\/strong>.<\/p>\n<p><a href=\"https:\/\/tvi.iol.pt\/secretstory\/videos\/liliana-faz-apelo-aos-pais-depois-de-beijar-fabio-se-os-desiludi-espero-que-me-entendam\/68e587e30cf285ab53a608bf\" target=\"_blank\" rel=\"noopener nofollow\">Veja aqui o momento.<\/a><\/p>\n<blockquote class=\"instagram-media\" style=\"background: #FFF; border: 0; border-radius: 3px; box-shadow: 0 0 1px 0 rgba(0,0,0,0.5),0 1px 10px 0 rgba(0,0,0,0.15); margin: 1px; max-width: 540px; min-width: 326px; padding: 0; width: calc(100% - 2px);\" data-instgrm-captioned=\"\" data-instgrm-permalink=\"https:\/\/www.instagram.com\/reel\/DPhPNemDmZa\/?utm_source=ig_embed&amp;utm_campaign=loading\" data-instgrm-version=\"14\">\n<\/blockquote>\n<p>\t\t\t\t\t\t\t\t\t\t\t\t\t\t\t\t\t\t\t\t\t\t\t\t\t\t\t<script async src=\"\/\/www.instagram.com\/embed.js\"><\/script><\/p>\n","protected":false},"excerpt":{"rendered":"Esta ter\u00e7a-feira, 7 de outubro, foi para o ar mais um \u2018Especial\u2019 do \u2018Secret Story 9\u2019, programa di\u00e1rio&hellip;\n","protected":false},"author":2,"featured_media":101882,"comment_status":"","ping_status":"","sticky":false,"template":"","format":"standard","meta":{"footnotes":""},"categories":[8],"tags":[27,28,15,16,24621,14,25,26,19016,21,22,12,13,19,20,32,23,24,33,16686,17,18,29,30,31],"class_list":{"0":"post-101881","1":"post","2":"type-post","3":"status-publish","4":"format-standard","5":"has-post-thumbnail","7":"category-principais-noticias","8":"tag-breaking-news","9":"tag-breakingnews","10":"tag-featured-news","11":"tag-featurednews","12":"tag-fu00e1bio","13":"tag-headlines","14":"tag-latest-news","15":"tag-latestnews","16":"tag-liliana","17":"tag-main-news","18":"tag-mainnews","19":"tag-news","20":"tag-noticias","21":"tag-noticias-principais","22":"tag-noticiasprincipais","23":"tag-portugal","24":"tag-principais-noticias","25":"tag-principaisnoticias","26":"tag-pt","27":"tag-secret-story-9","28":"tag-top-stories","29":"tag-topstories","30":"tag-ultimas","31":"tag-ultimas-noticias","32":"tag-ultimasnoticias"},"share_on_mastodon":{"url":"","error":""},"_links":{"self":[{"href":"https:\/\/www.europesays.com\/pt\/wp-json\/wp\/v2\/posts\/101881","targetHints":{"allow":["GET"]}}],"collection":[{"href":"https:\/\/www.europesays.com\/pt\/wp-json\/wp\/v2\/posts"}],"about":[{"href":"https:\/\/www.europesays.com\/pt\/wp-json\/wp\/v2\/types\/post"}],"author":[{"embeddable":true,"href":"https:\/\/www.europesays.com\/pt\/wp-json\/wp\/v2\/users\/2"}],"replies":[{"embeddable":true,"href":"https:\/\/www.europesays.com\/pt\/wp-json\/wp\/v2\/comments?post=101881"}],"version-history":[{"count":0,"href":"https:\/\/www.europesays.com\/pt\/wp-json\/wp\/v2\/posts\/101881\/revisions"}],"wp:featuredmedia":[{"embeddable":true,"href":"https:\/\/www.europesays.com\/pt\/wp-json\/wp\/v2\/media\/101882"}],"wp:attachment":[{"href":"https:\/\/www.europesays.com\/pt\/wp-json\/wp\/v2\/media?parent=101881"}],"wp:term":[{"taxonomy":"category","embeddable":true,"href":"https:\/\/www.europesays.com\/pt\/wp-json\/wp\/v2\/categories?post=101881"},{"taxonomy":"post_tag","embeddable":true,"href":"https:\/\/www.europesays.com\/pt\/wp-json\/wp\/v2\/tags?post=101881"}],"curies":[{"name":"wp","href":"https:\/\/api.w.org\/{rel}","templated":true}]}}