{"id":101905,"date":"2025-10-08T10:30:07","date_gmt":"2025-10-08T10:30:07","guid":{"rendered":"https:\/\/www.europesays.com\/pt\/101905\/"},"modified":"2025-10-08T10:30:07","modified_gmt":"2025-10-08T10:30:07","slug":"agua-engarrafada-pode-conter-microplasticos-ligados-ao-cancer-alerta-pesquisa","status":"publish","type":"post","link":"https:\/\/www.europesays.com\/pt\/101905\/","title":{"rendered":"\u00c1gua engarrafada pode conter micropl\u00e1sticos ligados ao c\u00e2ncer, alerta pesquisa"},"content":{"rendered":"\n<p class=\" content-text__container theme-color-primary-first-letter\" data-track-category=\"Link no Texto\" data-track-links=\"\"> Beber \u00e1gua engarrafada pode expor o corpo humano a n\u00edveis perigosos de micropl\u00e1sticos capazes de atravessar barreiras de defesa e se alojar em \u00f3rg\u00e3os vitais, aumentando potencialmente o risco de doen\u00e7as graves, incluindo o c\u00e2ncer. A conclus\u00e3o faz parte de um estudo liderado por Sara Sajedi, especialista em gest\u00e3o ambiental da Universidade Concordia, no Canad\u00e1. <\/p>\n<ul class=\"content-unordered-list\">\n<li><strong>Correr com ar <\/strong><a class=\"\" href=\"https:\/\/oglobo.globo.com\/blogs\/espiritualidade-e-bem-estar\/post\/2025\/10\/correr-com-ar-poluido-vale.ghtml\" rel=\"nofollow noopener\" target=\"_blank\">polu\u00eddo vale?<\/a><\/li>\n<li><strong>&#8216;Chegaram a dizer que era sarna&#8217;,<\/strong> <a class=\"\" href=\"https:\/\/oglobo.globo.com\/saude\/noticia\/2025\/10\/08\/chegaram-a-dizer-que-era-sarna-diz-fernanda-keulla-sobre-a-batalha-de-10-anos-para-chegar-ao-diagnostico-de-sindrome-de-sjogren.ghtml\" rel=\"nofollow noopener\" target=\"_blank\">diz Fernanda Keulla sobre a batalha de 10 anos para chegar ao diagn\u00f3stico de s\u00edndrome de Sj\u00f6gren<\/a><\/li>\n<\/ul>\n<p class=\" content-text__container \" data-track-category=\"Link no Texto\" data-track-links=\"\"> Segundo a pesquisa, pessoas que consomem \u00e1gua em garrafas pl\u00e1sticas ingerem cerca de 90 mil part\u00edculas de micropl\u00e1stico a mais por ano do que aquelas que bebem \u00e1gua da torneira. Esses fragmentos, com tamanho m\u00e9dio de dois micr\u00f4metros, equivalente a dois mil\u00e9simos de mil\u00edmetro, podem causar inflama\u00e7\u00e3o cr\u00f4nica, estresse oxidativo, desequil\u00edbrios hormonais, infertilidade, danos neurol\u00f3gicos e c\u00e2ncer. <\/p>\n<p class=\" content-text__container \" data-track-category=\"Link no Texto\" data-track-links=\"\"> \u2014 Beber \u00e1gua de garrafas pl\u00e1sticas \u00e9 aceit\u00e1vel em situa\u00e7\u00f5es de emerg\u00eancia, mas n\u00e3o deve ser um h\u00e1bito di\u00e1rio. A educa\u00e7\u00e3o \u00e9 a a\u00e7\u00e3o mais importante que podemos tomar \u2014 afirmou Sajedi, alertando para o que chamou de \u201cquest\u00e3o urgente\u201d de sa\u00fade p\u00fablica, de acordo com o jornal ingl\u00eas Daily Mail. <\/p>\n<p class=\" content-text__container \" data-track-category=\"Link no Texto\" data-track-links=\"\"> Os micropl\u00e1sticos chegam ao organismo humano por meio da \u00e1gua, de alimentos e at\u00e9 do ar, \u00e0 medida que produtos pl\u00e1sticos se degradam. No caso da \u00e1gua engarrafada, as part\u00edculas se formam durante a fabrica\u00e7\u00e3o, o armazenamento e o transporte, o que faz com que o consumidor as ingira diretamente da fonte. <\/p>\n<p class=\" content-text__container \" data-track-category=\"Link no Texto\" data-track-links=\"\"> Estudos recentes encontraram micropl\u00e1sticos em tecidos humanos, placentas, leite materno e sangue, evidenciando a capacidade dessas part\u00edculas de penetrar profundamente no corpo. Segundo Sajedi, os riscos s\u00e3o cr\u00f4nicos e cumulativos, n\u00e3o imediatos. <\/p>\n<p class=\" content-text__container \" data-track-category=\"Link no Texto\" data-track-links=\"\"> Publicada no Journal of Hazardous Materials, a pesquisa tamb\u00e9m indica que os micropl\u00e1sticos podem alterar o microbioma intestinal, conjunto de bact\u00e9rias que desempenham papel essencial na digest\u00e3o e na imunidade, contribuindo para dist\u00farbios metab\u00f3licos e respirat\u00f3rios. <\/p>\n<p class=\" content-text__container \" data-track-category=\"Link no Texto\" data-track-links=\"\"> Os cientistas alertam, no entanto, que os efeitos de longo prazo ainda s\u00e3o pouco compreendidos, devido \u00e0 falta de testes padronizados e de monitoramento global. <\/p>\n","protected":false},"excerpt":{"rendered":"Beber \u00e1gua engarrafada pode expor o corpo humano a n\u00edveis perigosos de micropl\u00e1sticos capazes de atravessar barreiras de&hellip;\n","protected":false},"author":2,"featured_media":101906,"comment_status":"","ping_status":"","sticky":false,"template":"","format":"standard","meta":{"footnotes":""},"categories":[86],"tags":[319,116,32,33,318,117],"class_list":{"0":"post-101905","1":"post","2":"type-post","3":"status-publish","4":"format-standard","5":"has-post-thumbnail","7":"category-saude","8":"tag-hard-news","9":"tag-health","10":"tag-portugal","11":"tag-pt","12":"tag-radar","13":"tag-saude"},"share_on_mastodon":{"url":"","error":""},"_links":{"self":[{"href":"https:\/\/www.europesays.com\/pt\/wp-json\/wp\/v2\/posts\/101905","targetHints":{"allow":["GET"]}}],"collection":[{"href":"https:\/\/www.europesays.com\/pt\/wp-json\/wp\/v2\/posts"}],"about":[{"href":"https:\/\/www.europesays.com\/pt\/wp-json\/wp\/v2\/types\/post"}],"author":[{"embeddable":true,"href":"https:\/\/www.europesays.com\/pt\/wp-json\/wp\/v2\/users\/2"}],"replies":[{"embeddable":true,"href":"https:\/\/www.europesays.com\/pt\/wp-json\/wp\/v2\/comments?post=101905"}],"version-history":[{"count":0,"href":"https:\/\/www.europesays.com\/pt\/wp-json\/wp\/v2\/posts\/101905\/revisions"}],"wp:featuredmedia":[{"embeddable":true,"href":"https:\/\/www.europesays.com\/pt\/wp-json\/wp\/v2\/media\/101906"}],"wp:attachment":[{"href":"https:\/\/www.europesays.com\/pt\/wp-json\/wp\/v2\/media?parent=101905"}],"wp:term":[{"taxonomy":"category","embeddable":true,"href":"https:\/\/www.europesays.com\/pt\/wp-json\/wp\/v2\/categories?post=101905"},{"taxonomy":"post_tag","embeddable":true,"href":"https:\/\/www.europesays.com\/pt\/wp-json\/wp\/v2\/tags?post=101905"}],"curies":[{"name":"wp","href":"https:\/\/api.w.org\/{rel}","templated":true}]}}