{"id":101913,"date":"2025-10-08T10:40:08","date_gmt":"2025-10-08T10:40:08","guid":{"rendered":"https:\/\/www.europesays.com\/pt\/101913\/"},"modified":"2025-10-08T10:40:08","modified_gmt":"2025-10-08T10:40:08","slug":"governo-vai-financiar-metrobus-que-ligara-guimaraes-a-braga-e-ao-tgv","status":"publish","type":"post","link":"https:\/\/www.europesays.com\/pt\/101913\/","title":{"rendered":"Governo vai financiar metrobus que ligar\u00e1 Guimar\u00e3es a Braga e ao TGV"},"content":{"rendered":"<p>A C\u00e2mara Municipal de Guimar\u00e3es anunciou, na ter\u00e7a-feira, que o ministro das Infraestruturas, Miguel Pinto Luz, assumiu, em nome do Governo, a decis\u00e3o de financiar a linha de metrobus que ligar\u00e1 a Cidade Ber\u00e7o a Braga e \u00e0 futura esta\u00e7\u00e3o ferrovi\u00e1ria de alta velocidade, servindo o norte do concelho e o Avepark. A escolha do tipo de transporte para fazer esta liga\u00e7\u00e3o tem sido motivo de pol\u00e9mica, com o candidato do PS \u00e0 presid\u00eancia da C\u00e2mara, Ricardo Costa, a defender a ferrovia pesada, e o presidente em fim de mandato, Domingos Bragan\u00e7a, tamb\u00e9m socialista, a trabalhar para a instala\u00e7\u00e3o do metrobus.<\/p>\n<p data-remotead-prev-elm=\"true\" data-remotead-elm-id=\"inread\">O presidente da C\u00e2mara de Guimar\u00e3es reuniu-se na segunda-feira em Lisboa, com o ministro das Infraestruturas, Miguel Pinto Luz, para apresentar os projetos elaborados pelo Munic\u00edpio para o metrobus. Segundo o autarca vimaranense, o ministro &#8220;assumiu a decis\u00e3o, do Governo financiar todo o processo de implementa\u00e7\u00e3o, incluindo estudos de execu\u00e7\u00e3o, terrenos, obra e material circulante, e mostrou-se dispon\u00edvel para, nos projetos de especialidades, aceitar um espa\u00e7o-canal alargado, garantindo assim que a infraestrutura possa, futuramente, suportar novos modelos de mobilidade [leia-se metro ligeiro]&#8221;.<\/p>\n<p>Acesso exclusivo a assinantes<\/p>\n<p>Acesso ilimitado a conte\u00fados exclusivos<\/p>\n<p>Navega\u00e7\u00e3o sem publicidade intrusiva<\/p>\n<p>Vers\u00e3o digital do jornal, suplementos e revistas<\/p>\n","protected":false},"excerpt":{"rendered":"A C\u00e2mara Municipal de Guimar\u00e3es anunciou, na ter\u00e7a-feira, que o ministro das Infraestruturas, Miguel Pinto Luz, assumiu, em&hellip;\n","protected":false},"author":2,"featured_media":101914,"comment_status":"","ping_status":"","sticky":false,"template":"","format":"standard","meta":{"footnotes":""},"categories":[10],"tags":[27,28,22615,20262,15,16,14,25,26,352,21,22,12,13,19,20,32,23,24,33,19836,17,18,29,30,31],"class_list":{"0":"post-101913","1":"post","2":"type-post","3":"status-publish","4":"format-standard","5":"has-post-thumbnail","7":"category-portugal","8":"tag-breaking-news","9":"tag-breakingnews","10":"tag-concelho-braga","11":"tag-concelho-guimaraes","12":"tag-featured-news","13":"tag-featurednews","14":"tag-headlines","15":"tag-latest-news","16":"tag-latestnews","17":"tag-local","18":"tag-main-news","19":"tag-mainnews","20":"tag-news","21":"tag-noticias","22":"tag-noticias-principais","23":"tag-noticiasprincipais","24":"tag-portugal","25":"tag-principais-noticias","26":"tag-principaisnoticias","27":"tag-pt","28":"tag-tgv","29":"tag-top-stories","30":"tag-topstories","31":"tag-ultimas","32":"tag-ultimas-noticias","33":"tag-ultimasnoticias"},"share_on_mastodon":{"url":"","error":""},"_links":{"self":[{"href":"https:\/\/www.europesays.com\/pt\/wp-json\/wp\/v2\/posts\/101913","targetHints":{"allow":["GET"]}}],"collection":[{"href":"https:\/\/www.europesays.com\/pt\/wp-json\/wp\/v2\/posts"}],"about":[{"href":"https:\/\/www.europesays.com\/pt\/wp-json\/wp\/v2\/types\/post"}],"author":[{"embeddable":true,"href":"https:\/\/www.europesays.com\/pt\/wp-json\/wp\/v2\/users\/2"}],"replies":[{"embeddable":true,"href":"https:\/\/www.europesays.com\/pt\/wp-json\/wp\/v2\/comments?post=101913"}],"version-history":[{"count":0,"href":"https:\/\/www.europesays.com\/pt\/wp-json\/wp\/v2\/posts\/101913\/revisions"}],"wp:featuredmedia":[{"embeddable":true,"href":"https:\/\/www.europesays.com\/pt\/wp-json\/wp\/v2\/media\/101914"}],"wp:attachment":[{"href":"https:\/\/www.europesays.com\/pt\/wp-json\/wp\/v2\/media?parent=101913"}],"wp:term":[{"taxonomy":"category","embeddable":true,"href":"https:\/\/www.europesays.com\/pt\/wp-json\/wp\/v2\/categories?post=101913"},{"taxonomy":"post_tag","embeddable":true,"href":"https:\/\/www.europesays.com\/pt\/wp-json\/wp\/v2\/tags?post=101913"}],"curies":[{"name":"wp","href":"https:\/\/api.w.org\/{rel}","templated":true}]}}