{"id":101917,"date":"2025-10-08T10:45:09","date_gmt":"2025-10-08T10:45:09","guid":{"rendered":"https:\/\/www.europesays.com\/pt\/101917\/"},"modified":"2025-10-08T10:45:09","modified_gmt":"2025-10-08T10:45:09","slug":"acusado-de-traicao-por-liliana-noivo-ze-nao-deixa-nada-por-dizer-e-capaz-de-tudo-secret-story","status":"publish","type":"post","link":"https:\/\/www.europesays.com\/pt\/101917\/","title":{"rendered":"Acusado de trai\u00e7\u00e3o por Liliana, noivo Z\u00e9 n\u00e3o deixa nada por dizer: \u00ab\u00c9 capaz de tudo\u00bb &#8211; Secret Story"},"content":{"rendered":"<p>Na tarde desta ter\u00e7a-feira, 7 de outubro, no Secret Story 9,<strong> Liliana insinuou, numa conversa com F\u00e1bio, que j\u00e1 foi tra\u00edda pelo agora ex-noivo Z\u00e9<\/strong>.<a href=\"https:\/\/tvi.iol.pt\/secretstory\/videos\/liliana-insinua-traicao-de-ze-com-ele-foi-o-que-foi-aconteceram-coisas\/68e5300f0cf29d28d828cbd7\" rel=\"nofollow noopener\" target=\"_blank\"> Indignado com as acusa\u00e7\u00f5es da ex-companheira<\/a>, o jovem reagiu e mostrou-se muito incomodado.<\/p>\n<p>Sem papas na l\u00edngua, Z\u00e9 recorreu \u00e0 rede social X, antigo Twitter, para se manifestar sobre as acusa\u00e7\u00f5es de Liliana. \u00ab<strong>Eu prometo que me vou manter de boca fechada<\/strong> at\u00e9 ao dia em que n\u00e3o conseguir mais\u00bb, come\u00e7ou por escrever.<\/p>\n<p>\u00abSempre achei que, para al\u00e9m de tudo o que se passou nas \u00faltimas semanas, ela n\u00e3o fosse capaz de entrar por este caminho para se limpar. <strong>Mas de facto, est\u00e1 a mostrar-me que \u00e9 capaz de tudo<\/strong>\u00bb, acrescentou.<\/p>\n<p><strong>Veja aqui a publica\u00e7\u00e3o:\u00a0<\/strong><\/p>\n<blockquote class=\"twitter-tweet\">\n<p lang=\"pt\">Eu prometo que me vou manter de boca fechada at\u00e9 ao dia em que n\u00e3o conseguir mais. Sempre achei que, para al\u00e9m de tudo o que se passou nas \u00faltimas semanas, ela n\u00e3o fosse capaz de entrar por este caminho para se limpar. Mas de facto, est\u00e1 a mostrar-me que \u00e9 capaz de tudo. <a href=\"https:\/\/t.co\/zb1FxHgFJv\" rel=\"nofollow\">https:\/\/t.co\/zb1FxHgFJv<\/a><\/p>\n<p> \u2014 Z\u00e9 (@esojandrade17) <a href=\"https:\/\/twitter.com\/esojandrade17\/status\/1975709223012212935?ref_src=twsrc%5Etfw\" rel=\"nofollow noopener\" target=\"_blank\">October 7, 2025<\/a>\n<\/p><\/blockquote>\n<p>As declara\u00e7\u00f5es de Liliana <a href=\"https:\/\/tvi.iol.pt\/secretstory\/videos\/achas-que-ele-se-vai-vingar-fabio-e-liliana-falam-sobre-o-noivo-ze\/68e531660cf285ab53a60830\" rel=\"nofollow noopener\" target=\"_blank\">aconteceram num desabafo com F\u00e1bio sobre a rela\u00e7\u00e3o findada com Z\u00e9<\/a>. A concorrente contou que \u00abest\u00e1 mais preocupada com a fam\u00edlia\u00bb do agora ex-noivo e at\u00e9 houve espa\u00e7o para algumas cr\u00edticas ao agora ex-companheiro. Foi ent\u00e3o que insinuou uma trai\u00e7\u00e3o por parte de Z\u00e9: \u00ab<strong>Tenho dificuldade em confiar, com ele foi o que foi, coisas aconteceram e eu voltei a confiar<\/strong>\u00bb.<\/p>\n<p>Veja aqui o momento:\u00a0\u00a0<\/p>\n<p>\u00a0<\/p>\n<p>                        <script async src=\"https:\/\/platform.twitter.com\/widgets.js\" charset=\"utf-8\"><\/script><\/p>\n","protected":false},"excerpt":{"rendered":"Na tarde desta ter\u00e7a-feira, 7 de outubro, no Secret Story 9, Liliana insinuou, numa conversa com F\u00e1bio, que&hellip;\n","protected":false},"author":2,"featured_media":101918,"comment_status":"","ping_status":"","sticky":false,"template":"","format":"standard","meta":{"footnotes":""},"categories":[142],"tags":[19374,19373,114,115,19016,19375,32,33,1196,151,975],"class_list":{"0":"post-101917","1":"post","2":"type-post","3":"status-publish","4":"format-standard","5":"has-post-thumbnail","7":"category-tv","8":"tag-confrontos-concorrentes","9":"tag-discussoes-secret-story","10":"tag-entertainment","11":"tag-entretenimento","12":"tag-liliana","13":"tag-polemicas","14":"tag-portugal","15":"tag-pt","16":"tag-traicao","17":"tag-tv","18":"tag-ze"},"share_on_mastodon":{"url":"","error":""},"_links":{"self":[{"href":"https:\/\/www.europesays.com\/pt\/wp-json\/wp\/v2\/posts\/101917","targetHints":{"allow":["GET"]}}],"collection":[{"href":"https:\/\/www.europesays.com\/pt\/wp-json\/wp\/v2\/posts"}],"about":[{"href":"https:\/\/www.europesays.com\/pt\/wp-json\/wp\/v2\/types\/post"}],"author":[{"embeddable":true,"href":"https:\/\/www.europesays.com\/pt\/wp-json\/wp\/v2\/users\/2"}],"replies":[{"embeddable":true,"href":"https:\/\/www.europesays.com\/pt\/wp-json\/wp\/v2\/comments?post=101917"}],"version-history":[{"count":0,"href":"https:\/\/www.europesays.com\/pt\/wp-json\/wp\/v2\/posts\/101917\/revisions"}],"wp:featuredmedia":[{"embeddable":true,"href":"https:\/\/www.europesays.com\/pt\/wp-json\/wp\/v2\/media\/101918"}],"wp:attachment":[{"href":"https:\/\/www.europesays.com\/pt\/wp-json\/wp\/v2\/media?parent=101917"}],"wp:term":[{"taxonomy":"category","embeddable":true,"href":"https:\/\/www.europesays.com\/pt\/wp-json\/wp\/v2\/categories?post=101917"},{"taxonomy":"post_tag","embeddable":true,"href":"https:\/\/www.europesays.com\/pt\/wp-json\/wp\/v2\/tags?post=101917"}],"curies":[{"name":"wp","href":"https:\/\/api.w.org\/{rel}","templated":true}]}}