{"id":101919,"date":"2025-10-08T10:48:13","date_gmt":"2025-10-08T10:48:13","guid":{"rendered":"https:\/\/www.europesays.com\/pt\/101919\/"},"modified":"2025-10-08T10:48:13","modified_gmt":"2025-10-08T10:48:13","slug":"basquetebol-benfica-cilindrado-em-casa-no-arranque-da-champions","status":"publish","type":"post","link":"https:\/\/www.europesays.com\/pt\/101919\/","title":{"rendered":"Basquetebol: Benfica \u00abcilindrado\u00bb em casa no arranque da Champions"},"content":{"rendered":"<p>O Benfica sofreu esta ter\u00e7a-feira uma derrota pesada na rece\u00e7\u00e3o ao Dreamland Gran Canaria, por 98-61, na primeira jornada do Grupo H da Liga dos Campe\u00f5es de basquetebol.<\/p>\n<p>A jogar em casa, os encarnados chegaram ao intervalo a perder por 65-24 (16-32 no primeiro quarto e 24-65 no segundo quarto). Na segunda parte ainda conseguiram melhorar a exibi\u00e7\u00e3o, mas n\u00e3o evitaram o desaire (43-87 no terceiro quarto e 61-98 no \u00faltimo quarto).<\/p>\n<p>No pr\u00f3ximo domingo, o Benfica joga com o Sporting para a segunda jornada do campeonato portugu\u00eas. No que toca \u00e0 Liga dos Campe\u00f5es, voltam a entrar em campo na quarta-feira, contra o Spartak Subotica.<\/p>\n","protected":false},"excerpt":{"rendered":"O Benfica sofreu esta ter\u00e7a-feira uma derrota pesada na rece\u00e7\u00e3o ao Dreamland Gran Canaria, por 98-61, na primeira&hellip;\n","protected":false},"author":2,"featured_media":101920,"comment_status":"","ping_status":"","sticky":false,"template":"","format":"standard","meta":{"footnotes":""},"categories":[87],"tags":[2694,51,135,24799,7706,46,1830,32,33,47,134],"class_list":{"0":"post-101919","1":"post","2":"type-post","3":"status-publish","4":"format-standard","5":"has-post-thumbnail","7":"category-desporto","8":"tag-basquetebol","9":"tag-benfica","10":"tag-desporto","11":"tag-dreamland-gran-canaria","12":"tag-liga-campeoes","13":"tag-maisfutebol","14":"tag-modalidades","15":"tag-portugal","16":"tag-pt","17":"tag-pura-paixao","18":"tag-sports"},"share_on_mastodon":{"url":"","error":""},"_links":{"self":[{"href":"https:\/\/www.europesays.com\/pt\/wp-json\/wp\/v2\/posts\/101919","targetHints":{"allow":["GET"]}}],"collection":[{"href":"https:\/\/www.europesays.com\/pt\/wp-json\/wp\/v2\/posts"}],"about":[{"href":"https:\/\/www.europesays.com\/pt\/wp-json\/wp\/v2\/types\/post"}],"author":[{"embeddable":true,"href":"https:\/\/www.europesays.com\/pt\/wp-json\/wp\/v2\/users\/2"}],"replies":[{"embeddable":true,"href":"https:\/\/www.europesays.com\/pt\/wp-json\/wp\/v2\/comments?post=101919"}],"version-history":[{"count":0,"href":"https:\/\/www.europesays.com\/pt\/wp-json\/wp\/v2\/posts\/101919\/revisions"}],"wp:featuredmedia":[{"embeddable":true,"href":"https:\/\/www.europesays.com\/pt\/wp-json\/wp\/v2\/media\/101920"}],"wp:attachment":[{"href":"https:\/\/www.europesays.com\/pt\/wp-json\/wp\/v2\/media?parent=101919"}],"wp:term":[{"taxonomy":"category","embeddable":true,"href":"https:\/\/www.europesays.com\/pt\/wp-json\/wp\/v2\/categories?post=101919"},{"taxonomy":"post_tag","embeddable":true,"href":"https:\/\/www.europesays.com\/pt\/wp-json\/wp\/v2\/tags?post=101919"}],"curies":[{"name":"wp","href":"https:\/\/api.w.org\/{rel}","templated":true}]}}