{"id":101941,"date":"2025-10-08T11:16:18","date_gmt":"2025-10-08T11:16:18","guid":{"rendered":"https:\/\/www.europesays.com\/pt\/101941\/"},"modified":"2025-10-08T11:16:18","modified_gmt":"2025-10-08T11:16:18","slug":"consultora-presente-em-portugal-vai-despedir-colaboradores-que-nao-estejam-aptos-a-requalificacao-em-ia-e-contratar-outros-human-resources","status":"publish","type":"post","link":"https:\/\/www.europesays.com\/pt\/101941\/","title":{"rendered":"Consultora presente em Portugal vai despedir colaboradores que n\u00e3o estejam aptos a requalifica\u00e7\u00e3o em IA. E contratar outros \u2013 Human Resources"},"content":{"rendered":"\n<p>Consultora presente em Portugal vai despedir colaboradores que n\u00e3o estejam aptos a requalifica\u00e7\u00e3o em IA. E contratar outros \u2013 Human Resources<\/p>\n<ul class=\"bf-breadcrumb-items\" itemscope=\"\" itemtype=\"http:\/\/schema.org\/BreadcrumbList\">\n<li itemprop=\"itemListElement\" itemscope=\"\" itemtype=\"http:\/\/schema.org\/ListItem\" class=\"bf-breadcrumb-item bf-breadcrumb-begin\"><a itemprop=\"item\" href=\"https:\/\/hrportugal.sapo.pt\" rel=\"home nofollow noopener\" target=\"_blank\">Home<\/a><\/li>\n<li itemprop=\"itemListElement\" itemscope=\"\" itemtype=\"http:\/\/schema.org\/ListItem\" class=\"bf-breadcrumb-item\"><a itemprop=\"item\" href=\"https:\/\/hrportugal.sapo.pt\/categoria\/noticias\/\" rel=\"nofollow noopener\" target=\"_blank\">Not\u00edcias<\/a><\/li>\n<li itemprop=\"itemListElement\" itemscope=\"\" itemtype=\"http:\/\/schema.org\/ListItem\" class=\"bf-breadcrumb-item bf-breadcrumb-end\">Consultora presente em Portugal vai despedir colaboradores que n\u00e3o estejam aptos a requalifica\u00e7\u00e3o em IA. E contratar outros<\/li>\n<\/ul>\n","protected":false},"excerpt":{"rendered":"Consultora presente em Portugal vai despedir colaboradores que n\u00e3o estejam aptos a requalifica\u00e7\u00e3o em IA. E contratar outros&hellip;\n","protected":false},"author":2,"featured_media":101942,"comment_status":"","ping_status":"","sticky":false,"template":"","format":"standard","meta":{"footnotes":""},"categories":[83],"tags":[24800,88,89,90,933,32,33,24801],"class_list":{"0":"post-101941","1":"post","2":"type-post","3":"status-publish","4":"format-standard","5":"has-post-thumbnail","7":"category-empresas","8":"tag-accenture","9":"tag-business","10":"tag-economy","11":"tag-empresas","12":"tag-inteligencia-artificial","13":"tag-portugal","14":"tag-pt","15":"tag-upskilling-e-reskilling"},"share_on_mastodon":{"url":"","error":""},"_links":{"self":[{"href":"https:\/\/www.europesays.com\/pt\/wp-json\/wp\/v2\/posts\/101941","targetHints":{"allow":["GET"]}}],"collection":[{"href":"https:\/\/www.europesays.com\/pt\/wp-json\/wp\/v2\/posts"}],"about":[{"href":"https:\/\/www.europesays.com\/pt\/wp-json\/wp\/v2\/types\/post"}],"author":[{"embeddable":true,"href":"https:\/\/www.europesays.com\/pt\/wp-json\/wp\/v2\/users\/2"}],"replies":[{"embeddable":true,"href":"https:\/\/www.europesays.com\/pt\/wp-json\/wp\/v2\/comments?post=101941"}],"version-history":[{"count":0,"href":"https:\/\/www.europesays.com\/pt\/wp-json\/wp\/v2\/posts\/101941\/revisions"}],"wp:featuredmedia":[{"embeddable":true,"href":"https:\/\/www.europesays.com\/pt\/wp-json\/wp\/v2\/media\/101942"}],"wp:attachment":[{"href":"https:\/\/www.europesays.com\/pt\/wp-json\/wp\/v2\/media?parent=101941"}],"wp:term":[{"taxonomy":"category","embeddable":true,"href":"https:\/\/www.europesays.com\/pt\/wp-json\/wp\/v2\/categories?post=101941"},{"taxonomy":"post_tag","embeddable":true,"href":"https:\/\/www.europesays.com\/pt\/wp-json\/wp\/v2\/tags?post=101941"}],"curies":[{"name":"wp","href":"https:\/\/api.w.org\/{rel}","templated":true}]}}