{"id":101945,"date":"2025-10-08T11:18:15","date_gmt":"2025-10-08T11:18:15","guid":{"rendered":"https:\/\/www.europesays.com\/pt\/101945\/"},"modified":"2025-10-08T11:18:15","modified_gmt":"2025-10-08T11:18:15","slug":"gnr-desmantela-esquema-de-contrafacao-e-apreende-roupa-e-calcado","status":"publish","type":"post","link":"https:\/\/www.europesays.com\/pt\/101945\/","title":{"rendered":"GNR desmantela esquema de contrafa\u00e7\u00e3o e apreende roupa e cal\u00e7ado"},"content":{"rendered":"<p>A investiga\u00e7\u00e3o, que durava h\u00e1 cerca de um ano e meio sob a dire\u00e7\u00e3o do Departamento de Investiga\u00e7\u00e3o e A\u00e7\u00e3o Penal de Braga, &#8220;permitiu apurar que um grupo de indiv\u00edduos, atuando de forma concertada e continuada, procedia \u00e0 coloca\u00e7\u00e3o em circula\u00e7\u00e3o de diversos artigos t\u00eaxteis contrafeitos&#8221;, revelou A GNR, esta quarta-feira.<\/p>\n<p data-remotead-prev-elm=\"true\" data-remotead-elm-id=\"inread\">A atividade do grupo inclu\u00eda o fornecimento das mat\u00e9rias-primas, a produ\u00e7\u00e3o e\/ou transforma\u00e7\u00e3o dos artigos e a sua posterior distribui\u00e7\u00e3o em territ\u00f3rio nacional e em Espanha.<\/p>\n<p><img decoding=\"async\" class=\"ngx-body\" guid=\"b5f7d826-e917-42aa-a6ad-bcc98f87bb87\" src=\"https:\/\/www.europesays.com\/pt\/wp-content\/uploads\/2025\/10\/1759922295_434_image.jpg\" width=\"100%\"\/><\/p>\n<p data-remotead-prev-elm=\"true\" data-remotead-elm-id=\"centro1\">No decurso da opera\u00e7\u00e3o, concretizada esta segunda-feira, foram cumpridos quatro mandados de busca domicili\u00e1ria e 17 de busca n\u00e3o domicili\u00e1ria (em ve\u00edculos, armaz\u00e9ns e garagens), que permitiram apreender 1.454 artigos de vestu\u00e1rio e cal\u00e7ado contrafeitos, 5.209 etiquetas de marcas conceituadas no mercado, al\u00e9m de rolos e sacos de embalamento com etiquetas, uma m\u00e1quina de confe\u00e7\u00e3o de etiquetas, tr\u00eas telem\u00f3veis e dois discos de armazenamento de dados e uma viatura.<\/p>\n<p>A opera\u00e7\u00e3o contou com a participa\u00e7\u00e3o de 35 militares da GNR e o apoio de uma equipa de per\u00edcia digital forense e de bin\u00f3mios cinot\u00e9cnicos do Comando Territorial de Braga e do Comando Territorial de Viseu.<\/p>\n","protected":false},"excerpt":{"rendered":"A investiga\u00e7\u00e3o, que durava h\u00e1 cerca de um ano e meio sob a dire\u00e7\u00e3o do Departamento de Investiga\u00e7\u00e3o&hellip;\n","protected":false},"author":2,"featured_media":101946,"comment_status":"","ping_status":"","sticky":false,"template":"","format":"standard","meta":{"footnotes":""},"categories":[10],"tags":[24803,1912,27,28,640,15,16,2002,14,603,25,26,21,22,12,13,19,20,32,23,24,33,17,18,29,30,31],"class_list":{"0":"post-101945","1":"post","2":"type-post","3":"status-publish","4":"format-standard","5":"has-post-thumbnail","7":"category-portugal","8":"tag-artigos-contrafeitos","9":"tag-braga","10":"tag-breaking-news","11":"tag-breakingnews","12":"tag-espanha","13":"tag-featured-news","14":"tag-featurednews","15":"tag-gnr","16":"tag-headlines","17":"tag-justica","18":"tag-latest-news","19":"tag-latestnews","20":"tag-main-news","21":"tag-mainnews","22":"tag-news","23":"tag-noticias","24":"tag-noticias-principais","25":"tag-noticiasprincipais","26":"tag-portugal","27":"tag-principais-noticias","28":"tag-principaisnoticias","29":"tag-pt","30":"tag-top-stories","31":"tag-topstories","32":"tag-ultimas","33":"tag-ultimas-noticias","34":"tag-ultimasnoticias"},"share_on_mastodon":{"url":"","error":""},"_links":{"self":[{"href":"https:\/\/www.europesays.com\/pt\/wp-json\/wp\/v2\/posts\/101945","targetHints":{"allow":["GET"]}}],"collection":[{"href":"https:\/\/www.europesays.com\/pt\/wp-json\/wp\/v2\/posts"}],"about":[{"href":"https:\/\/www.europesays.com\/pt\/wp-json\/wp\/v2\/types\/post"}],"author":[{"embeddable":true,"href":"https:\/\/www.europesays.com\/pt\/wp-json\/wp\/v2\/users\/2"}],"replies":[{"embeddable":true,"href":"https:\/\/www.europesays.com\/pt\/wp-json\/wp\/v2\/comments?post=101945"}],"version-history":[{"count":0,"href":"https:\/\/www.europesays.com\/pt\/wp-json\/wp\/v2\/posts\/101945\/revisions"}],"wp:featuredmedia":[{"embeddable":true,"href":"https:\/\/www.europesays.com\/pt\/wp-json\/wp\/v2\/media\/101946"}],"wp:attachment":[{"href":"https:\/\/www.europesays.com\/pt\/wp-json\/wp\/v2\/media?parent=101945"}],"wp:term":[{"taxonomy":"category","embeddable":true,"href":"https:\/\/www.europesays.com\/pt\/wp-json\/wp\/v2\/categories?post=101945"},{"taxonomy":"post_tag","embeddable":true,"href":"https:\/\/www.europesays.com\/pt\/wp-json\/wp\/v2\/tags?post=101945"}],"curies":[{"name":"wp","href":"https:\/\/api.w.org\/{rel}","templated":true}]}}