{"id":101966,"date":"2025-10-08T11:41:10","date_gmt":"2025-10-08T11:41:10","guid":{"rendered":"https:\/\/www.europesays.com\/pt\/101966\/"},"modified":"2025-10-08T11:41:10","modified_gmt":"2025-10-08T11:41:10","slug":"a-prevencao-do-cancro-do-figado-erradica-a-mortalidade","status":"publish","type":"post","link":"https:\/\/www.europesays.com\/pt\/101966\/","title":{"rendered":"a preven\u00e7\u00e3o do Cancro do F\u00edgado erradica a mortalidade"},"content":{"rendered":"<p>Conhecido como o \u201c\u00f3rg\u00e3o regenerador\u201d, o f\u00edgado pode sofrer altera\u00e7\u00f5es quando se desenvolvem c\u00e9lulas anormais que d\u00e3o origem a tumores, esta situa\u00e7\u00e3o ser\u00e1 particularmente mais frequente quando os doentes padecem de uma doen\u00e7a cr\u00f3nica do f\u00edgado. <\/p>\n<p>Silencioso e bastante comum, o cancro do f\u00edgado \u00e9 um dos mais diagnosticados no mundo, ocupando o sexto lugar, conforme as \u00faltimas estimativas divulgadas.<\/p>\n<p>A sa\u00fade hep\u00e1tica deve ser protegida desde cedo, sendo a pr\u00e1tica de exerc\u00edcio f\u00edsico um dos h\u00e1bitos mais recomendados. Uma alimenta\u00e7\u00e3o equilibrada e completa em nutrientes, assim como o fim da promo\u00e7\u00e3o dos a\u00e7\u00facares adicionados, bebidas alco\u00f3licas, tabaco e refei\u00e7\u00f5es ricas em gorduras saturadas que promovem e potenciam a obesidade, a dislipidemia e a diabetes. <\/p>\n<p>Estes fatores promovem e potenciam a continua deposi\u00e7\u00e3o de gordura no f\u00edgado que leva ao desenvolvimento de doen\u00e7a cr\u00f3nica do f\u00edgado e posteriormente ao aparecimento do cancro no f\u00edgado cujos sintomas de alarme s\u00e3o, muitas vezes, inexistentes ou negligenciados. Esse fator faz com que o cancro seja na maioria das vezes detetado em fases avan\u00e7adas que dificultam a cura.<\/p>\n<p>Os ind\u00edcios da doen\u00e7a por vezes s\u00e3o frustes, mas as dores abdominais do lado direito do abd\u00f3men, assim como os olhos ligeiramente amarelados, a perda de peso repentina, n\u00e1useas, fadiga, encefalopatia (estado confusional) e hemorragias, podem e devem fazer-nos recorrer ao nosso m\u00e9dico assistente.<\/p>\n<p>A presen\u00e7a destes sinais ser\u00e3o suficientemente evocadores para a suspeita do cancro no f\u00edgado, embora os doentes com hepatite B ou C, cirrose hep\u00e1tica e historial familiar, tenham maior probabilidade de contrair o tumor.<\/p>\n<p>No caso de suspeitas ap\u00f3s consulta do seu m\u00e9dico assistente, o diagn\u00f3stico pode ser completado com ecografias, tomografia computorizada (TAC), resson\u00e2ncia magn\u00e9tica ou at\u00e9 bi\u00f3psias. <\/p>\n<p>Quando confirmado, avan\u00e7am os tratamentos que ir\u00e3o variar conforme o tamanho do tumor, a localiza\u00e7\u00e3o, estado geral do doente e o grau de deteriora\u00e7\u00e3o da fun\u00e7\u00e3o do f\u00edgado.<\/p>\n<p>No nosso Pa\u00eds, o cancro do f\u00edgado \u00e9 o d\u00e9cimo mais comum, traduzindo 1740 novos casos em 2022, cujos 1\u00a0611 desses pacientes acabaram por morrer, segundo o Observat\u00f3rio Global de Cancro (<a href=\"https:\/\/gco.iarc.fr\/en\" target=\"_blank\" rel=\"noreferrer noopener nofollow\">OGC<\/a>). <\/p>\n<p>A preven\u00e7\u00e3o come\u00e7a com um estilo de vida saud\u00e1vel e ativo, seguindo-se os rastreios frequentes, principalmente nos portadores de Hepatite B e C e cirrose hep\u00e1tica. Apesar da dete\u00e7\u00e3o precoce do cancro do f\u00edgado continuar a ser um desafio, aposte nas idas ao m\u00e9dico e atente aos sintomas prim\u00e1rios.<\/p>\n<p>Para ler o artigo anterior do autor,\u00a0<a href=\"https:\/\/regiao-sul.pt\/opiniao\/sedentarismo-a-abertura-de-uma-porta-para-o-mau-funcionamento-do-figado\/620060\" target=\"_blank\" rel=\"noreferrer noopener nofollow\">clique aqui<\/a>.<\/p>\n<p>* Hepatologista<\/p>\n","protected":false},"excerpt":{"rendered":"Conhecido como o \u201c\u00f3rg\u00e3o regenerador\u201d, o f\u00edgado pode sofrer altera\u00e7\u00f5es quando se desenvolvem c\u00e9lulas anormais que d\u00e3o origem&hellip;\n","protected":false},"author":2,"featured_media":101967,"comment_status":"","ping_status":"","sticky":false,"template":"","format":"standard","meta":{"footnotes":""},"categories":[86],"tags":[6579,2569,1207,9475,5535,116,24806,10765,32,33,117,19495],"class_list":{"0":"post-101966","1":"post","2":"type-post","3":"status-publish","4":"format-standard","5":"has-post-thumbnail","7":"category-saude","8":"tag-albufeira","9":"tag-algarve","10":"tag-cancro","11":"tag-faro","12":"tag-figado","13":"tag-health","14":"tag-loule","15":"tag-portimao","16":"tag-portugal","17":"tag-pt","18":"tag-saude","19":"tag-tavira"},"share_on_mastodon":{"url":"","error":""},"_links":{"self":[{"href":"https:\/\/www.europesays.com\/pt\/wp-json\/wp\/v2\/posts\/101966","targetHints":{"allow":["GET"]}}],"collection":[{"href":"https:\/\/www.europesays.com\/pt\/wp-json\/wp\/v2\/posts"}],"about":[{"href":"https:\/\/www.europesays.com\/pt\/wp-json\/wp\/v2\/types\/post"}],"author":[{"embeddable":true,"href":"https:\/\/www.europesays.com\/pt\/wp-json\/wp\/v2\/users\/2"}],"replies":[{"embeddable":true,"href":"https:\/\/www.europesays.com\/pt\/wp-json\/wp\/v2\/comments?post=101966"}],"version-history":[{"count":0,"href":"https:\/\/www.europesays.com\/pt\/wp-json\/wp\/v2\/posts\/101966\/revisions"}],"wp:featuredmedia":[{"embeddable":true,"href":"https:\/\/www.europesays.com\/pt\/wp-json\/wp\/v2\/media\/101967"}],"wp:attachment":[{"href":"https:\/\/www.europesays.com\/pt\/wp-json\/wp\/v2\/media?parent=101966"}],"wp:term":[{"taxonomy":"category","embeddable":true,"href":"https:\/\/www.europesays.com\/pt\/wp-json\/wp\/v2\/categories?post=101966"},{"taxonomy":"post_tag","embeddable":true,"href":"https:\/\/www.europesays.com\/pt\/wp-json\/wp\/v2\/tags?post=101966"}],"curies":[{"name":"wp","href":"https:\/\/api.w.org\/{rel}","templated":true}]}}