{"id":102025,"date":"2025-10-08T12:30:27","date_gmt":"2025-10-08T12:30:27","guid":{"rendered":"https:\/\/www.europesays.com\/pt\/102025\/"},"modified":"2025-10-08T12:30:27","modified_gmt":"2025-10-08T12:30:27","slug":"sondagem-empate-no-porto-com-vantagem-para-pedro-duarte-observador","status":"publish","type":"post","link":"https:\/\/www.europesays.com\/pt\/102025\/","title":{"rendered":"Sondagem. Empate no Porto com vantagem para Pedro Duarte \u2013 Observador"},"content":{"rendered":"<p>A corrida ser\u00e1 renhida no Porto, <a href=\"https:\/\/cnnportugal.iol.pt\/autarquicas-2025\/porto\/sondagem-apenas-0-2-pontos-percentuais-separam-pedro-duarte-de-manuel-pizarro-luta-pela-autarquia-do-porto-esta-taco-a-taco\/20251007\/68e3ea2ad34e58bc67969583\" rel=\"nofollow noopener\" target=\"_blank\">segundo mostra a sondagem<\/a> da Pitag\u00f3rica publicada esta ter\u00e7a-feira. O cen\u00e1rio atual \u00e9 de <strong>empate t\u00e9cnico. <\/strong>Ligeiramente \u00e0 frente, apenas por 0,2 pontos percentuais, est\u00e1 o candidato apoiado pelo PSD, CDS-PP e IL, Pedro Duarte, que obt\u00e9m <strong>33,1% das inten\u00e7\u00f5es de voto<\/strong> (com a distribui\u00e7\u00e3o de indecisos). Por sua vez, Manuel Pizarro, candidato apoiado pelo PS, obt\u00e9m <strong>32,9% das inten\u00e7\u00f5es de voto.<\/strong><\/p>\n<p>Em terceiro lugar, est\u00e1 o candidato do Chega, Miguel Corte-Real, que se fica pelos 10,4% das inten\u00e7\u00f5es de voto. Segue-se o candidato independente Filipe Ara\u00fajo, com 7% das inten\u00e7\u00f5es de voto. Em quinto lugar, est\u00e1 o candidato do Livre, H\u00e9lder Sousa, com 3,9% das inten\u00e7\u00f5es de voto.<\/p>\n<p>Em sexto lugar est\u00e1 Nuno Cardoso, apoiado pelo N\u00f3s! Cidad\u00e3os e o Partido Popular Mon\u00e1rquico com 3,3% das inten\u00e7\u00f5es de voto, as mesmas do a candidata da CDU, Diana Ferreira. Segue-se ainda S\u00e9rgio Aires, candidato do Bloco de Esquerda \u00e0 C\u00e2mara do Porto, que se fica pelas 2,9% das inten\u00e7\u00f5es de voto.<\/p>\n<p>O n\u00famero de indecisos \u00e9 ainda muito elevado, de acordo com a mesma sondagem: 21,8% dos inquiridos ainda n\u00e3o decidiram o sentido de voto, o que pode mudar drasticamente os resultados.<\/p>\n<p>Ainda assim, 38,2% dos inquiridos desta sondagem acreditam que ser\u00e1 Manuel Pizarro o vencedor das elei\u00e7\u00f5es. O socialista \u00e9 tamb\u00e9m considerado o mais bem preparado para suceder ao atual autarca, Rui Moreira. Por sua vez, os mesmos inquiridos acreditam que Pedro Duarte \u00e9 quem apresenta as melhores propostas.<\/p>\n<p>Esta sondagem foi realizada pela Pitag\u00f3rica para a TVI, CNN Portugal, TSF, JN, Nascer do Sol e ECO com o objetivo de avaliar a opini\u00e3o dos eleitores recenseados no concelho do Porto sobre temas das elei\u00e7\u00f5es aut\u00e1rquicas 2025. Contou com 625 entrevistas efetivas e o trabalho de campo decorreu entre os dias 29 de setembro e 4 de outubro de 2025.<\/p>\n<p>                            Se tiver uma hist\u00f3ria que queira partilhar sobre irregularidades na sua autarquia, preencha<br \/>\n                            <a href=\"https:\/\/forms.gle\/uQ1gDpSwmRd7ezUf8\" target=\"_blank\" rel=\"noopener noreferrer nofollow\">este formul\u00e1rio an\u00f3nimo<\/a>.<\/p>\n","protected":false},"excerpt":{"rendered":"A corrida ser\u00e1 renhida no Porto, segundo mostra a sondagem da Pitag\u00f3rica publicada esta ter\u00e7a-feira. O cen\u00e1rio atual&hellip;\n","protected":false},"author":2,"featured_media":102026,"comment_status":"","ping_status":"","sticky":false,"template":"","format":"standard","meta":{"footnotes":""},"categories":[10],"tags":[2163,27,28,1077,15,16,14,25,26,21,22,12,13,19,20,3369,302,32,23,24,455,4579,33,58,7585,17,18,29,30,31],"class_list":{"0":"post-102025","1":"post","2":"type-post","3":"status-publish","4":"format-standard","5":"has-post-thumbnail","7":"category-portugal","8":"tag-autu00e1rquicas-2025","9":"tag-breaking-news","10":"tag-breakingnews","11":"tag-eleiu00e7u00f5es","12":"tag-featured-news","13":"tag-featurednews","14":"tag-headlines","15":"tag-latest-news","16":"tag-latestnews","17":"tag-main-news","18":"tag-mainnews","19":"tag-news","20":"tag-noticias","21":"tag-noticias-principais","22":"tag-noticiasprincipais","23":"tag-partido-chega","24":"tag-polu00edtica","25":"tag-portugal","26":"tag-principais-noticias","27":"tag-principaisnoticias","28":"tag-ps","29":"tag-psd","30":"tag-pt","31":"tag-sociedade","32":"tag-sondagens","33":"tag-top-stories","34":"tag-topstories","35":"tag-ultimas","36":"tag-ultimas-noticias","37":"tag-ultimasnoticias"},"share_on_mastodon":{"url":"","error":""},"_links":{"self":[{"href":"https:\/\/www.europesays.com\/pt\/wp-json\/wp\/v2\/posts\/102025","targetHints":{"allow":["GET"]}}],"collection":[{"href":"https:\/\/www.europesays.com\/pt\/wp-json\/wp\/v2\/posts"}],"about":[{"href":"https:\/\/www.europesays.com\/pt\/wp-json\/wp\/v2\/types\/post"}],"author":[{"embeddable":true,"href":"https:\/\/www.europesays.com\/pt\/wp-json\/wp\/v2\/users\/2"}],"replies":[{"embeddable":true,"href":"https:\/\/www.europesays.com\/pt\/wp-json\/wp\/v2\/comments?post=102025"}],"version-history":[{"count":0,"href":"https:\/\/www.europesays.com\/pt\/wp-json\/wp\/v2\/posts\/102025\/revisions"}],"wp:featuredmedia":[{"embeddable":true,"href":"https:\/\/www.europesays.com\/pt\/wp-json\/wp\/v2\/media\/102026"}],"wp:attachment":[{"href":"https:\/\/www.europesays.com\/pt\/wp-json\/wp\/v2\/media?parent=102025"}],"wp:term":[{"taxonomy":"category","embeddable":true,"href":"https:\/\/www.europesays.com\/pt\/wp-json\/wp\/v2\/categories?post=102025"},{"taxonomy":"post_tag","embeddable":true,"href":"https:\/\/www.europesays.com\/pt\/wp-json\/wp\/v2\/tags?post=102025"}],"curies":[{"name":"wp","href":"https:\/\/api.w.org\/{rel}","templated":true}]}}