{"id":102027,"date":"2025-10-08T12:32:18","date_gmt":"2025-10-08T12:32:18","guid":{"rendered":"https:\/\/www.europesays.com\/pt\/102027\/"},"modified":"2025-10-08T12:32:18","modified_gmt":"2025-10-08T12:32:18","slug":"rapper-hungria-equipe-rebate-saude-e-confirma-metanol-07-10-2025-equilibrio-e-saude","status":"publish","type":"post","link":"https:\/\/www.europesays.com\/pt\/102027\/","title":{"rendered":"Rapper Hungria: equipe rebate Sa\u00fade e confirma metanol &#8211; 07\/10\/2025 &#8211; Equil\u00edbrio e Sa\u00fade"},"content":{"rendered":"<p>A equipe do rapper Hungria informou que os exames laboratoriais confirmaram a presen\u00e7a de metanol no organismo do cantor, indicando um <a href=\"https:\/\/f5.folha.uol.com.br\/celebridades\/2025\/10\/rapper-hungria-e-internado-com-suspeita-de-intoxicacao-por-metanol.shtml\" rel=\"nofollow noopener\" target=\"\">quadro de intoxica\u00e7\u00e3o pela subst\u00e2ncia<\/a>.<\/p>\n<p>Na segunda-feira (6), o ministro da Sa\u00fade, Alexandre Padilha, havia afirmado que o exame n\u00e3o havia constatado<a href=\"https:\/\/www1.folha.uol.com.br\/equilibrioesaude\/2025\/09\/o-que-e-o-metanol-substancia-ilegal-em-bebidas-que-causou-cegueira-e-danos-cerebrais-em-jovens-de-sp.shtml\" rel=\"nofollow noopener\" target=\"\"> a presen\u00e7a de metanol<\/a>.<\/p>\n<p>&#8220;De acordo com exames laboratoriais realizados pelo Laborat\u00f3rio Richet, da Rede D\u2019Or, cujo resultado foi liberado em 6 de outubro, foi detectada a presen\u00e7a de metanol no sangue (0,54 mg\/dL), acima do limite de refer\u00eancia (at\u00e9 0,25 mg\/dL). O resultado confirma a exposi\u00e7\u00e3o \u00e0 subst\u00e2ncia, e a equipe m\u00e9dica aguarda os exames de contraprova&#8221;, disse a equipe do rapper.<\/p>\n<p>Eles refor\u00e7aram que o cantor apresentou quadro compat\u00edvel com intoxica\u00e7\u00e3o por metanol, ap\u00f3s ingest\u00e3o de bebida alco\u00f3lica possivelmente adulterada.<\/p>\n<p>Na ocasi\u00e3o, o artista recebeu tratamento conforme protocolo m\u00e9dico para intoxica\u00e7\u00e3o por metanol, incluindo o uso de ant\u00eddoto e hemodi\u00e1lise precoce.<\/p>\n<p>O ministro da Sa\u00fade disse na segunda que os exames realizados no rapper n\u00e3o detectaram a presen\u00e7a de metanol em seu organismo. O cantor havia sido internado em um hospital de Bras\u00edlia e recebeu alta no domingo (5), ap\u00f3s apresentar melhora cl\u00ednica.<\/p>\n<p>&#8220;Ele j\u00e1 teve alta, est\u00e1 em casa. Durante o acompanhamento, j\u00e1 havia sido solicitado um exame para detec\u00e7\u00e3o do metanol pela rede privada, mas o <a href=\"https:\/\/www1.folha.uol.com.br\/folha-topicos\/ministerio-da-saude\/\" rel=\"nofollow noopener\" target=\"_blank\">Minist\u00e9rio da Sa\u00fade<\/a> ajudou no acesso ao centro de refer\u00eancia de toxicologia do SUS, que fez a detec\u00e7\u00e3o mais r\u00e1pida e destacou a aus\u00eancia do metanol&#8221;, afirmou o ministro ao site Metr\u00f3poles.<\/p>\n<p>&#8220;N\u00e3o s\u00f3 do metanol, mas tamb\u00e9m de seus derivados, como o \u00e1cido f\u00f3rmico, que causa agress\u00e3o ao sistema nervoso central. Mais informa\u00e7\u00f5es ser\u00e3o fornecidas pela pr\u00f3pria equipe m\u00e9dica&#8221;, acrescentou.<\/p>\n<p>J\u00e1 nesta ter\u00e7a-feira (7), Padilha disse que inicialmente, v\u00e1rios testes n\u00e3o tinham identificado a presen\u00e7a do metanol. Posteriormente, a pr\u00f3pria equipe divulgou que um dos testes identificou uma certa dosagem ou presen\u00e7a de metanol.<\/p>\n<p>No entanto, o caso ainda est\u00e1 considerado como descartado por conta da dosagem do metanol apresentado no exame. &#8220;H\u00e1 outros exames que podem ser realizados ainda. Se o governo do Distrito Federal mudar a posi\u00e7\u00e3o, a gente vai considerar isso para a parte epidemiol\u00f3gica&#8221;, completou.<\/p>\n<p>A Pol\u00edcia Civil do Distrito Federal tamb\u00e9m havia informado nesta sexta-feira (3) <a href=\"https:\/\/www1.folha.uol.com.br\/equilibrioesaude\/2025\/10\/policia-civil-descarta-metanol-em-bebida-comprada-pelo-rapper-hungria-no-df.shtml\" rel=\"nofollow noopener\" target=\"\">que n\u00e3o foi detectada a presen\u00e7a de metanol<\/a> no laudo da per\u00edcia realizada em amostras da bebida comprada pelo rapper Hungria, assim como nas garrafas na distribuidora localizada em Vicente Pires, onde o produto foi adquirido.<\/p>\n<p>A corpora\u00e7\u00e3o disse tamb\u00e9m que outros exames periciais ainda ser\u00e3o realizados para verificar eventual falsifica\u00e7\u00e3o de r\u00f3tulos, selos, lacres e do pr\u00f3prio l\u00edquido.<\/p>\n<p>Hungria estava internado desde quinta (2) em Bras\u00edlia, ap\u00f3s sentir mal ao tomar bebidas alco\u00f3licas supostamente adulteradas. Ele recebeu alta neste domingo (5).<\/p>\n<p>Devido \u00e0 hospitaliza\u00e7\u00e3o, o artista, que tem mais de 12 milh\u00f5es de seguidores, precisou cancelar os shows que faria at\u00e9 o pr\u00f3ximo final de semana.<\/p>\n<p>O Minist\u00e9rio da <a href=\"https:\/\/www1.folha.uol.com.br\/folha-topicos\/saude\/\" rel=\"nofollow noopener\" target=\"_blank\">Sa\u00fade<\/a> informou nesta segunda que h\u00e1 17 casos confirmados no Brasil e <a href=\"https:\/\/www1.folha.uol.com.br\/equilibrioesaude\/2025\/10\/falsificadores-podem-ter-usado-metanol-por-engano-na-producao-de-bebidas-falsas-diz-derrite.shtml\" rel=\"nofollow noopener\" target=\"_blank\">outros 200 em investiga\u00e7\u00e3o de intoxica\u00e7\u00e3o<\/a> por metanol ap\u00f3s o consumo de bebida alco\u00f3lica. O n\u00famero inclui duas mortes confirmadas em S\u00e3o Paulo, al\u00e9m de outras 12 em investiga\u00e7\u00e3o.<\/p>\n<p>Das 217 notifica\u00e7\u00f5es de intoxica\u00e7\u00e3o, <a href=\"https:\/\/www1.folha.uol.com.br\/equilibrioesaude\/2025\/10\/11-estabelecimentos-em-sao-paulo-sao-fechados-por-suspeita-de-contaminacao-com-metanol.shtml\" rel=\"nofollow noopener\" target=\"\">o estado de S\u00e3o Paulo<\/a> concentra 82,49% delas, com 15 casos confirmados e 164 em investiga\u00e7\u00e3o. Bahia, Distrito Federal e Mato Grosso descartaram os casos que estavam sob an\u00e1lise, segundo o minist\u00e9rio.<\/p>\n","protected":false},"excerpt":{"rendered":"A equipe do rapper Hungria informou que os exames laboratoriais confirmaram a presen\u00e7a de metanol no organismo do&hellip;\n","protected":false},"author":2,"featured_media":102028,"comment_status":"","ping_status":"","sticky":false,"template":"","format":"standard","meta":{"footnotes":""},"categories":[145],"tags":[24810,24811,211,210,114,115,236,3673,23683,1703,32,33,24665,117],"class_list":{"0":"post-102027","1":"post","2":"type-post","3":"status-publish","4":"format-standard","5":"has-post-thumbnail","7":"category-celebridades","8":"tag-bebidas-adulteradas","9":"tag-bebidas-alcoolicas","10":"tag-celebridades","11":"tag-celebrities","12":"tag-entertainment","13":"tag-entretenimento","14":"tag-folha","15":"tag-hip-hop","16":"tag-metanol","17":"tag-ministerio-da-saude","18":"tag-portugal","19":"tag-pt","20":"tag-rapper-hungria","21":"tag-saude"},"share_on_mastodon":{"url":"","error":""},"_links":{"self":[{"href":"https:\/\/www.europesays.com\/pt\/wp-json\/wp\/v2\/posts\/102027","targetHints":{"allow":["GET"]}}],"collection":[{"href":"https:\/\/www.europesays.com\/pt\/wp-json\/wp\/v2\/posts"}],"about":[{"href":"https:\/\/www.europesays.com\/pt\/wp-json\/wp\/v2\/types\/post"}],"author":[{"embeddable":true,"href":"https:\/\/www.europesays.com\/pt\/wp-json\/wp\/v2\/users\/2"}],"replies":[{"embeddable":true,"href":"https:\/\/www.europesays.com\/pt\/wp-json\/wp\/v2\/comments?post=102027"}],"version-history":[{"count":0,"href":"https:\/\/www.europesays.com\/pt\/wp-json\/wp\/v2\/posts\/102027\/revisions"}],"wp:featuredmedia":[{"embeddable":true,"href":"https:\/\/www.europesays.com\/pt\/wp-json\/wp\/v2\/media\/102028"}],"wp:attachment":[{"href":"https:\/\/www.europesays.com\/pt\/wp-json\/wp\/v2\/media?parent=102027"}],"wp:term":[{"taxonomy":"category","embeddable":true,"href":"https:\/\/www.europesays.com\/pt\/wp-json\/wp\/v2\/categories?post=102027"},{"taxonomy":"post_tag","embeddable":true,"href":"https:\/\/www.europesays.com\/pt\/wp-json\/wp\/v2\/tags?post=102027"}],"curies":[{"name":"wp","href":"https:\/\/api.w.org\/{rel}","templated":true}]}}