{"id":102039,"date":"2025-10-08T12:41:06","date_gmt":"2025-10-08T12:41:06","guid":{"rendered":"https:\/\/www.europesays.com\/pt\/102039\/"},"modified":"2025-10-08T12:41:06","modified_gmt":"2025-10-08T12:41:06","slug":"as-imagens-da-lua-do-cacador-observador","status":"publish","type":"post","link":"https:\/\/www.europesays.com\/pt\/102039\/","title":{"rendered":"as imagens da &#8220;Lua do Ca\u00e7ador&#8221; \u2013 Observador"},"content":{"rendered":"<p>Na madrugada de 7 de outubro, o c\u00e9u voltou a ser palco de um fen\u00f3meno que ocorre a cada 29,5 dias: a Super Lua Cheia. De acordo com o <a href=\"https:\/\/www.nationalgeographic.pt\/ciencia\/quando-lua-cheia-outubro-2025-mais-brilhante-e-mais-proxima-terra-que-habitual-6-outubro-hoje_6436\" rel=\"nofollow noopener\" target=\"_blank\">National Geographic<\/a>, a lua cheia deste m\u00eas, conhecida como \u201cLua do Ca\u00e7ador\u201d, atingiu o seu auge \u00e0s 4h47 (hora de Lisboa) e coincidiu com o <strong>perigeu<\/strong>, um momento particularmente especial do ciclo lunar em que o ponto da \u00f3rbita da Lua se encontra mais pr\u00f3xima da Terra.<\/p>\n<p>Segundo os dados do <a href=\"https:\/\/earthsky.org\/tonight\/see-the-daytime-moon\/\" rel=\"nofollow noopener\" target=\"_blank\">Earth Sky<\/a>, a dist\u00e2ncia da Lua \u00e0 Terra nesta ocasi\u00e3o \u00e9 de 361.458 quil\u00f3metros, consideravelmente inferior \u00e0 m\u00e9dia de 384.000 quil\u00f3metros. Este encurtamento da dist\u00e2ncia faz com que o sat\u00e9lite <strong>pare\u00e7a 6,6% maior<\/strong> e <strong>at\u00e9 14% mais brilhante<\/strong> do que o habitual, o que o transforma numa verdadeira Super Lua.<\/p>\n<p>A \u201cLua do Ca\u00e7ador\u201d, tamb\u00e9m chamada de \u201cLua da Colheita\u201d, deve estes nomes a tradi\u00e7\u00f5es dos povos nativos americanos, ocorrendo no final da \u00e9poca da colheita, quando os campos j\u00e1 limpos facilitavam a ca\u00e7a e a prepara\u00e7\u00e3o para o inverno.<\/p>\n<p>A Lua cheia anterior foi a 7 de setembro, <a href=\"https:\/\/observador.pt\/2025\/09\/07\/ultimo-eclipse-lunar-do-ano-pintou-a-lua-de-vermelho-sangue-e-foi-possivel-ve-lo-em-portugal\/\" rel=\"nofollow noopener\" target=\"_blank\">marcada por um eclipse lunar total<\/a>. Seguiu-se a fase minguante at\u00e9 21 de setembro e desde ent\u00e3o o sat\u00e9lite voltou a crescer progressivamente at\u00e9 alcan\u00e7ar novamente a plenitude.<\/p>\n<blockquote class=\"wp-embedded-content\" data-secret=\"Qw8lvXGalJ\">\n<p><a href=\"https:\/\/observador.pt\/2025\/09\/07\/ultimo-eclipse-lunar-do-ano-pintou-a-lua-de-vermelho-sangue-e-foi-possivel-ve-lo-em-portugal\/\" rel=\"nofollow noopener\" target=\"_blank\">\u00daltimo eclipse lunar do ano pintou a lua de vermelho sangue. E foi poss\u00edvel v\u00ea-lo em Portugal<\/a><\/p>\n<\/blockquote>\n<p>Tradicionalmente, o m\u00eas de outubro \u00e9 marcado por v\u00e1rios fen\u00f3menos astron\u00f3micos.\u00a0Entre 2 de outubro e 7 de novembro ocorre a chuva de meteoros Ori\u00f3nidas, associada aos detritos deixados pelo cometa Halley. <strong>O pico deste fen\u00f3meno est\u00e1 previsto para as noites de 22 e 23 deste m\u00eas<\/strong>, altura em que ser\u00e1 poss\u00edvel observar um maior n\u00famero de meteoros a cruzar o firmamento.<\/p>\n<p>At\u00e9 ao final do ano haver\u00e1 novas oportunidades de ver uma super lua. A lua cheia de <strong>5 de novembro<\/strong> estar\u00e1 a uma dist\u00e2ncia de 356.980 quil\u00f3metros e a de <strong>4 de dezembro<\/strong> a 357.219 quil\u00f3metros, de acordo com o Earth Sky. <strong>As tr\u00eas super luas consecutivas s\u00e3o uma raridade no calend\u00e1rio lunar.<\/strong><\/p>\n","protected":false},"excerpt":{"rendered":"Na madrugada de 7 de outubro, o c\u00e9u voltou a ser palco de um fen\u00f3meno que ocorre a&hellip;\n","protected":false},"author":2,"featured_media":102040,"comment_status":"","ping_status":"","sticky":false,"template":"","format":"standard","meta":{"footnotes":""},"categories":[84],"tags":[443,109,107,108,442,441,2179,32,33,105,103,104,106,110],"class_list":{"0":"post-102039","1":"post","2":"type-post","3":"status-publish","4":"format-standard","5":"has-post-thumbnail","7":"category-ciencia-e-tecnologia","8":"tag-astronomia","9":"tag-ciencia","10":"tag-ciencia-e-tecnologia","11":"tag-cienciaetecnologia","12":"tag-ciu00eancia","13":"tag-espau00e7o","14":"tag-lua","15":"tag-portugal","16":"tag-pt","17":"tag-science","18":"tag-science-and-technology","19":"tag-scienceandtechnology","20":"tag-technology","21":"tag-tecnologia"},"share_on_mastodon":{"url":"","error":""},"_links":{"self":[{"href":"https:\/\/www.europesays.com\/pt\/wp-json\/wp\/v2\/posts\/102039","targetHints":{"allow":["GET"]}}],"collection":[{"href":"https:\/\/www.europesays.com\/pt\/wp-json\/wp\/v2\/posts"}],"about":[{"href":"https:\/\/www.europesays.com\/pt\/wp-json\/wp\/v2\/types\/post"}],"author":[{"embeddable":true,"href":"https:\/\/www.europesays.com\/pt\/wp-json\/wp\/v2\/users\/2"}],"replies":[{"embeddable":true,"href":"https:\/\/www.europesays.com\/pt\/wp-json\/wp\/v2\/comments?post=102039"}],"version-history":[{"count":0,"href":"https:\/\/www.europesays.com\/pt\/wp-json\/wp\/v2\/posts\/102039\/revisions"}],"wp:featuredmedia":[{"embeddable":true,"href":"https:\/\/www.europesays.com\/pt\/wp-json\/wp\/v2\/media\/102040"}],"wp:attachment":[{"href":"https:\/\/www.europesays.com\/pt\/wp-json\/wp\/v2\/media?parent=102039"}],"wp:term":[{"taxonomy":"category","embeddable":true,"href":"https:\/\/www.europesays.com\/pt\/wp-json\/wp\/v2\/categories?post=102039"},{"taxonomy":"post_tag","embeddable":true,"href":"https:\/\/www.europesays.com\/pt\/wp-json\/wp\/v2\/tags?post=102039"}],"curies":[{"name":"wp","href":"https:\/\/api.w.org\/{rel}","templated":true}]}}