{"id":102047,"date":"2025-10-08T12:57:15","date_gmt":"2025-10-08T12:57:15","guid":{"rendered":"https:\/\/www.europesays.com\/pt\/102047\/"},"modified":"2025-10-08T12:57:15","modified_gmt":"2025-10-08T12:57:15","slug":"crunchyroll-e-sony-anunciam-data-de-estreia-de-jujutsu-kaisen-execucao-nos-cinemas-do-brasil","status":"publish","type":"post","link":"https:\/\/www.europesays.com\/pt\/102047\/","title":{"rendered":"Crunchyroll e Sony anunciam data de estreia de \u2018Jujutsu Kaisen \u2013 Execu\u00e7\u00e3o\u2019 nos cinemas do Brasil"},"content":{"rendered":"<p>Nesta ter\u00e7a-feira (7), a Crunchyroll, em parceria com a Sony Pictures Entertainment, anunciou a aquisi\u00e7\u00e3o dos direitos da distribui\u00e7\u00e3o de \u201cJujutsu Kaisen: Execu\u00e7\u00e3o\u201d nas telonas de todo o mundo. No Brasil, \u201cJujutsu Kaisen: Execu\u00e7\u00e3o\u201d tem <strong>previs\u00e3o de estreia para 20 de novembro de 2025,<\/strong> exclusivamente nos cinemas.<\/p>\n<p>O longa \u2013 que chega \u00e0s telonas do pa\u00eds nas vers\u00f5es original em japon\u00eas e dublada em portugu\u00eas \u2013 ser\u00e1 um filme de compila\u00e7\u00e3o, revisitando os intensos eventos da \u00faltima temporada do anime ao cobrir o arco do Incidente de Shibuya, considerado como a maior e mais impactante batalha da s\u00e9rie at\u00e9 agora.<\/p>\n<p>Al\u00e9m disso, a produ\u00e7\u00e3o trar\u00e1 uma surpresa especial aos f\u00e3s: a exibi\u00e7\u00e3o antecipada dos dois primeiros epis\u00f3dios da 3\u00aa temporada, intitulada \u201cJogo do Abate Parte 1\u201d. Os novos cap\u00edtulos s\u00f3 estrear\u00e3o oficialmente no streaming em janeiro de 2026, tornando a ida aos cinemas a \u00fanica forma de assistir ao conte\u00fado de forma antecipada. Confira abaixo o p\u00f4ster oficial do longa:<\/p>\n<p><img loading=\"lazy\" decoding=\"async\" src=\"https:\/\/www.europesays.com\/pt\/wp-content\/uploads\/2025\/10\/db6545d6-70c1-4295-90d1-ecfedf9336c0.jpg\" alt=\"\" width=\"684\" height=\"1000\"\/><\/p>\n<p>Na trama, ap\u00f3s um v\u00e9u descer abruptamente sobre a movimentada \u00e1rea de Shibuya, prendendo in\u00fameros civis, Satoru Gojo entra no caos, sem saber que usu\u00e1rios de maldi\u00e7\u00f5es e esp\u00edritos est\u00e3o \u00e0 espreita tentando sel\u00e1-lo. Yuji Itadori, acompanhado por seus colegas de classe e outros feiticeiros jujutsu de alto n\u00edvel, entra na briga em um confronto sem precedentes de maldi\u00e7\u00f5es, conhecido como o Incidente de Shibuya.<\/p>\n<p>Agora, na nova fase da hist\u00f3ria, dez col\u00f4nias em todo o Jap\u00e3o s\u00e3o transformadas em antros de maldi\u00e7\u00f5es, em um plano orquestrado por Noritoshi Kamo, o feiticeiro mais perverso da hist\u00f3ria. Com o in\u00edcio do mortal Jogo do Abate, o feiticeiro de Grau Especial Yuta Okkotsu \u2013 protagonista de \u201cJujutsu Kaisen 0\u201d (2021) \u2013 entra na luta, e \u00e9 designado como o executor de Yuji por seus crimes, dando in\u00edcio a um confronto desesperado entre os dois amados alunos de Satoru Gojo.<\/p>\n<p><a href=\"https:\/\/whatsapp.com\/channel\/0029Va58whvFCCoURznPIG0n\" target=\"_blank\" rel=\"noopener nofollow\">Fa\u00e7a parte do canal do Whatsapp da Ingresso.com e fique por dentro de promo\u00e7\u00f5es e das \u00faltimas not\u00edcias sobre o universo do cinema e da cultura pop!<\/a><\/p>\n<p>Produzido pela TOHO Animation e animado pelo renomado est\u00fadio MAPPA desde 2020, o anime \u201cJujutsu Kaisen\u201d \u00e9 baseado no mang\u00e1 hom\u00f4nimo de Gege Akutami, publicado entre 2018 e 2024, e que conquistou uma legi\u00e3o de f\u00e3s ao redor do mundo com sua mistura de batalhas eletrizantes e personagens ic\u00f4nicos.<\/p>\n<p>A hist\u00f3ria come\u00e7a quando o estudante Yuji Itadori se torna o hospedeiro de uma poderosa maldi\u00e7\u00e3o ao engolir um dos dedos de Sukuna para salvar amigos. Ele ingressa no Col\u00e9gio T\u00e9cnico de Feiti\u00e7aria de T\u00f3quio sob a tutela de Satoru Gojo para aprender a canalizar a energia amaldi\u00e7oada, enquanto enfrenta amea\u00e7as cada vez mais perigosas e busca um modo de se libertar do esp\u00edrito maligno que o possui. <\/p>\n<p><a href=\"https:\/\/assine.uol.com.br\/lp\/clube-uol?utm_source=ingresso.com&amp;utm_medium=banner-noticias&amp;utm_campaign=banner-noticias-ingresso.com&amp;utm_content=banner-noticias-ingresso.com\" target=\"_blank\" rel=\"noopener nofollow\"><img loading=\"lazy\" decoding=\"async\" src=\"https:\/\/www.europesays.com\/pt\/wp-content\/uploads\/2025\/10\/ffbb0ea8-6e72-459b-b14d-51b5cd3f2ca6.png\" alt=\"\" width=\"550\" height=\"289\"\/><\/a><\/p>\n","protected":false},"excerpt":{"rendered":"Nesta ter\u00e7a-feira (7), a Crunchyroll, em parceria com a Sony Pictures Entertainment, anunciou a aquisi\u00e7\u00e3o dos direitos da&hellip;\n","protected":false},"author":2,"featured_media":102048,"comment_status":"","ping_status":"","sticky":false,"template":"","format":"standard","meta":{"footnotes":""},"categories":[140],"tags":[114,115,147,148,146,32,33],"class_list":{"0":"post-102047","1":"post","2":"type-post","3":"status-publish","4":"format-standard","5":"has-post-thumbnail","7":"category-filmes","8":"tag-entertainment","9":"tag-entretenimento","10":"tag-film","11":"tag-filmes","12":"tag-movies","13":"tag-portugal","14":"tag-pt"},"share_on_mastodon":{"url":"","error":""},"_links":{"self":[{"href":"https:\/\/www.europesays.com\/pt\/wp-json\/wp\/v2\/posts\/102047","targetHints":{"allow":["GET"]}}],"collection":[{"href":"https:\/\/www.europesays.com\/pt\/wp-json\/wp\/v2\/posts"}],"about":[{"href":"https:\/\/www.europesays.com\/pt\/wp-json\/wp\/v2\/types\/post"}],"author":[{"embeddable":true,"href":"https:\/\/www.europesays.com\/pt\/wp-json\/wp\/v2\/users\/2"}],"replies":[{"embeddable":true,"href":"https:\/\/www.europesays.com\/pt\/wp-json\/wp\/v2\/comments?post=102047"}],"version-history":[{"count":0,"href":"https:\/\/www.europesays.com\/pt\/wp-json\/wp\/v2\/posts\/102047\/revisions"}],"wp:featuredmedia":[{"embeddable":true,"href":"https:\/\/www.europesays.com\/pt\/wp-json\/wp\/v2\/media\/102048"}],"wp:attachment":[{"href":"https:\/\/www.europesays.com\/pt\/wp-json\/wp\/v2\/media?parent=102047"}],"wp:term":[{"taxonomy":"category","embeddable":true,"href":"https:\/\/www.europesays.com\/pt\/wp-json\/wp\/v2\/categories?post=102047"},{"taxonomy":"post_tag","embeddable":true,"href":"https:\/\/www.europesays.com\/pt\/wp-json\/wp\/v2\/tags?post=102047"}],"curies":[{"name":"wp","href":"https:\/\/api.w.org\/{rel}","templated":true}]}}