{"id":102055,"date":"2025-10-08T13:03:19","date_gmt":"2025-10-08T13:03:19","guid":{"rendered":"https:\/\/www.europesays.com\/pt\/102055\/"},"modified":"2025-10-08T13:03:19","modified_gmt":"2025-10-08T13:03:19","slug":"algo-novo-e-perigoso-esta-a-acontecer-von-der-leyen-diz-que-e-hora-de-chamar-as-coisas-pelo-nome-guerra-hibrida","status":"publish","type":"post","link":"https:\/\/www.europesays.com\/pt\/102055\/","title":{"rendered":"Algo novo e perigoso est\u00e1 a acontecer&#8221;: von der Leyen diz que &#8220;\u00e9 hora de chamar as coisas pelo nome: guerra h\u00edbrida"},"content":{"rendered":"<p>\t                &#8220;Em toda a UE, cabos submarinos foram cortados, aeroportos e centros log\u00edsticos foram paralisados por ciberataques e as elei\u00e7\u00f5es foram alvo de campanhas de influ\u00eancia malignas&#8221;<\/p>\n<p>A presidente da Comiss\u00e3o Europeia, Ursula von der Leyen, defendeu hoje que \u201ccada cent\u00edmetro quadrado\u201d da Uni\u00e3o Europeia \u201cdeve ser protegido\u201d na \u201cguerra h\u00edbrida\u201d causada pela R\u00fassia, pela invas\u00e3o do espa\u00e7o a\u00e9reo com drones em seis pa\u00edses europeus.<\/p>\n<p>\u201cAlgo novo e perigoso est\u00e1 a acontecer nos nossos c\u00e9us: nas \u00faltimas duas semanas, ca\u00e7as MiG violaram o espa\u00e7o a\u00e9reo da Est\u00f3nia e drones sobrevoaram locais cr\u00edticos na B\u00e9lgica, Pol\u00f3nia, Rom\u00e9nia, Dinamarca e Alemanha. [&#8230;] Juntos, preservaremos a paz onde quer que ela seja amea\u00e7ada, [mas] n\u00e3o se enganem. Isto faz parte de um padr\u00e3o preocupante de amea\u00e7as crescentes\u201d, come\u00e7ou por dizer Ursula von der Leyen perante os eurodeputados, num debate sobre infraestruturas cr\u00edticas da Uni\u00e3o Europeia (UE).<\/p>\n<p>Na discuss\u00e3o na sess\u00e3o plen\u00e1ria do Parlamento Europeu, na cidade francesa de Estrasburgo, a respons\u00e1vel referiu que, \u201cem toda a Uni\u00e3o, cabos submarinos foram cortados, aeroportos e centros log\u00edsticos foram paralisados por ciberataques e as elei\u00e7\u00f5es foram alvo de campanhas de influ\u00eancia malignas\u201d.<\/p>\n<p>\u201cEstes incidentes s\u00e3o calculados para permanecer na penumbra da nega\u00e7\u00e3o, n\u00e3o se trata de ass\u00e9dio aleat\u00f3rio. \u00c9 uma campanha coerente e crescente para perturbar os nossos cidad\u00e3os, testar a nossa determina\u00e7\u00e3o, dividir a nossa Uni\u00e3o e enfraquecer o nosso apoio \u00e0 Ucr\u00e2nia e \u00e9 hora de chamar as coisas pelos seus nomes: trata-se de uma guerra h\u00edbrida\u201d, frisou.<\/p>\n<p>De acordo com Von der Leyen, \u201cum incidente pode ser um erro, dois uma coincid\u00eancia\u201d.<\/p>\n<p>\u201cMas tr\u00eas, cinco, 10? Trata-se de campanhas deliberadas e direcionadas contra a Europa, numa zona cinzenta e a Europa deve responder. Temos de investigar todos os incidentes e n\u00e3o devemos ter receio de atribuir responsabilidades porque cada cent\u00edmetro quadrado do nosso territ\u00f3rio deve ser protegido\u201d, adiantou a l\u00edder do executivo comunit\u00e1rio.<\/p>\n<p>A UE est\u00e1 a come\u00e7ar a preparar medidas como a cria\u00e7\u00e3o um &#8216;muro de drones&#8217; no flanco leste europeu para impedir incurs\u00f5es russas.<\/p>\n<p>Em causa est\u00e1 um sistema de defesa a\u00e9rea para detetar e reagir \u00e0 entrada irregular destas aeronaves pilotadas remotamente, que arranca no flanco leste europeu e pode ser alargado ao resto do espa\u00e7o comunit\u00e1rio.<\/p>\n<p>A amea\u00e7a premente \u00e9 precisamente no flanco leste, com as incurs\u00f5es de drones e aeronaves ao espa\u00e7o a\u00e9reo da Pol\u00f3nia, Rom\u00e9nia &#8211; j\u00e1 confirmados, com origem russa &#8211; e, mais recentemente, Dinamarca. Tamb\u00e9m a B\u00e9lgica e a Alemanha j\u00e1 foram alvo de amea\u00e7as h\u00edbridas semelhantes.<\/p>\n<p>Os pa\u00edses da UE est\u00e3o a avaliar as suas capacidades de dete\u00e7\u00e3o, pois at\u00e9 agora os sistemas de defesa a\u00e9rea estavam direcionados para detetar ca\u00e7as e m\u00edsseis e t\u00eam de ser equipados com radares, lasers ou sensores ac\u00fasticos para conseguir identificar drones, que apesar de serem de menor dimens\u00e3o, podem transportar bombas e m\u00edsseis.<\/p>\n<p>A UE prev\u00ea ainda a aloca\u00e7\u00e3o de 800 mil milh\u00f5es de euros ao setor da defesa nos pr\u00f3ximos anos e a constru\u00e7\u00e3o de uma nova estrat\u00e9gia para prontid\u00e3o militar em 2030.<\/p>\n","protected":false},"excerpt":{"rendered":"&#8220;Em toda a UE, cabos submarinos foram cortados, aeroportos e centros log\u00edsticos foram paralisados por ciberataques e as&hellip;\n","protected":false},"author":2,"featured_media":102056,"comment_status":"","ping_status":"","sticky":false,"template":"","format":"standard","meta":{"footnotes":""},"categories":[50],"tags":[609,836,611,27,28,607,608,333,832,604,135,610,476,15,16,301,830,23489,14,603,25,26,570,21,22,831,833,62,834,12,13,19,20,835,602,52,32,23,24,839,17,18,29,30,31,15618,63,64,65],"class_list":{"0":"post-102055","1":"post","2":"type-post","3":"status-publish","4":"format-standard","5":"has-post-thumbnail","7":"category-mundo","8":"tag-alerta","9":"tag-analise","10":"tag-ao-minuto","11":"tag-breaking-news","12":"tag-breakingnews","13":"tag-cnn","14":"tag-cnn-portugal","15":"tag-comentadores","16":"tag-costa","17":"tag-crime","18":"tag-desporto","19":"tag-direto","20":"tag-economia","21":"tag-featured-news","22":"tag-featurednews","23":"tag-governo","24":"tag-guerra","25":"tag-guerra-hibrida","26":"tag-headlines","27":"tag-justica","28":"tag-latest-news","29":"tag-latestnews","30":"tag-live","31":"tag-main-news","32":"tag-mainnews","33":"tag-mais-vistas","34":"tag-marcelo","35":"tag-mundo","36":"tag-negocios","37":"tag-news","38":"tag-noticias","39":"tag-noticias-principais","40":"tag-noticiasprincipais","41":"tag-opiniao","42":"tag-pais","43":"tag-politica","44":"tag-portugal","45":"tag-principais-noticias","46":"tag-principaisnoticias","47":"tag-russia","48":"tag-top-stories","49":"tag-topstories","50":"tag-ultimas","51":"tag-ultimas-noticias","52":"tag-ultimasnoticias","53":"tag-von-der-leyen","54":"tag-world","55":"tag-world-news","56":"tag-worldnews"},"share_on_mastodon":{"url":"","error":""},"_links":{"self":[{"href":"https:\/\/www.europesays.com\/pt\/wp-json\/wp\/v2\/posts\/102055","targetHints":{"allow":["GET"]}}],"collection":[{"href":"https:\/\/www.europesays.com\/pt\/wp-json\/wp\/v2\/posts"}],"about":[{"href":"https:\/\/www.europesays.com\/pt\/wp-json\/wp\/v2\/types\/post"}],"author":[{"embeddable":true,"href":"https:\/\/www.europesays.com\/pt\/wp-json\/wp\/v2\/users\/2"}],"replies":[{"embeddable":true,"href":"https:\/\/www.europesays.com\/pt\/wp-json\/wp\/v2\/comments?post=102055"}],"version-history":[{"count":0,"href":"https:\/\/www.europesays.com\/pt\/wp-json\/wp\/v2\/posts\/102055\/revisions"}],"wp:featuredmedia":[{"embeddable":true,"href":"https:\/\/www.europesays.com\/pt\/wp-json\/wp\/v2\/media\/102056"}],"wp:attachment":[{"href":"https:\/\/www.europesays.com\/pt\/wp-json\/wp\/v2\/media?parent=102055"}],"wp:term":[{"taxonomy":"category","embeddable":true,"href":"https:\/\/www.europesays.com\/pt\/wp-json\/wp\/v2\/categories?post=102055"},{"taxonomy":"post_tag","embeddable":true,"href":"https:\/\/www.europesays.com\/pt\/wp-json\/wp\/v2\/tags?post=102055"}],"curies":[{"name":"wp","href":"https:\/\/api.w.org\/{rel}","templated":true}]}}