{"id":102058,"date":"2025-10-08T13:08:13","date_gmt":"2025-10-08T13:08:13","guid":{"rendered":"https:\/\/www.europesays.com\/pt\/102058\/"},"modified":"2025-10-08T13:08:13","modified_gmt":"2025-10-08T13:08:13","slug":"palestra-na-usp-analisa-livro-obrigatorio-do-vestibular-cancao-para-ninar-menino-grande-jornal-da-usp","status":"publish","type":"post","link":"https:\/\/www.europesays.com\/pt\/102058\/","title":{"rendered":"Palestra na USP analisa livro obrigat\u00f3rio do vestibular \u201cCan\u00e7\u00e3o para ninar menino grande\u201d \u2013 Jornal da USP"},"content":{"rendered":"<p>Escrita por Concei\u00e7\u00e3o Evaristo, obra \u00e9 tema do pr\u00f3ximo encontro da s\u00e9rie BBM no Vestibular, que acontecer\u00e1 no dia 15 de outubro, \u00e0s 18h, no audit\u00f3rio da Biblioteca Brasiliana; inscri\u00e7\u00f5es s\u00e3o gratuitas<\/p>\n<p>  <img loading=\"lazy\" decoding=\"async\" class=\"size-full wp-image-941654\" src=\"https:\/\/www.europesays.com\/pt\/wp-content\/uploads\/2025\/10\/20251007_00_bbm_no_vestibular.jpg\" alt=\"Audit\u00f3rio lotado de estudantes e uma pessoa no palco falando e ao fundo uma apresenta\u00e7\u00e3o numa tela\" width=\"800\" height=\"420\"  \/>Vestibulandos lotam audit\u00f3rio da BBM nas aulas sobre livros da Fuvest\u00a0 \u2013 Foto: Instagram\/BBM USP<\/p>\n<p>A pr\u00f3xima edi\u00e7\u00e3o da s\u00e9rie BBM no Vestibular da Biblioteca Brasiliana Guita e Jos\u00e9 Mindlin da USP acontecer\u00e1 no dia 15 de outubro, e tem como tema Can\u00e7\u00e3o para ninar menino grande, de Concei\u00e7\u00e3o Evaristo, um dos livros obrigat\u00f3rios do vestibular da Fuvest que neste ano traz pela primeira vez somente mulheres autoras de l\u00edngua portuguesa. Dirigido a estudantes do ensino m\u00e9dio e de cursinhos pr\u00e9-vestibular, o encontro ser\u00e1 \u00e0s 18h, no Audit\u00f3rio Istv\u00e1n Jancs\u00f3 da BBM. As inscri\u00e7\u00f5es ser\u00e3o abertas no dia 10 de outubro, \u00e0s 12h, sexta-feira anterior \u00e0 realiza\u00e7\u00e3o da aula, pelo link que estar\u00e1 dispon\u00edvel na bio do perfil da BBM no <a style=\"color: #0000ff;\" href=\"https:\/\/www.instagram.com\/bbmusp\/\" target=\"_blank\" rel=\"noopener nofollow\">Instagram<\/a>. A atividade \u00e9 gratuita e tamb\u00e9m tem transmiss\u00e3o on-line pelo<a style=\"color: #0000ff;\" href=\"https:\/\/www.youtube.com\/channel\/UC4wTnSCEZxg9Q63uOjYGw6g\" target=\"_blank\" rel=\"noopener nofollow\"> canal do YouTube da Biblioteca<\/a>.<\/p>\n<p>A palestra ser\u00e1 ministrada por Rosangela Sarteschi, professora do Departamento de Letras Cl\u00e1ssicas e Vern\u00e1culas da\u00a0 Faculdade de Filosofia, Letras e Ci\u00eancias Humanas (FFLCH) da USP, que atua na \u00e1rea de Estudos Comparados de Literaturas de L\u00edngua Portuguesa, tendo desenvolvido pesquisa em Literatura de autoria negra em Portugal. Ela vai apresentar a obra e o seu contexto hist\u00f3rico, al\u00e9m de abordar poss\u00edveis quest\u00f5es que podem ser exigidas na primeira e segunda fase da Fuvest. Can\u00e7\u00e3o para ninar menino grande, publicado em 2018, \u00e9 o quinto romance da autora e explora constru\u00e7\u00e3o da sociedade patriarcal brasileira.<\/p>\n<p>Concei\u00e7\u00e3o Evaristo \u00e9 conhecida por posicionar a mulher negra como figura central em seus textos, abordando temas como mem\u00f3ria, ancestralidade, racismo, desigualdade, discrimina\u00e7\u00e3o de g\u00eanero e de classe, e sobre os saberes afro-brasileiros. Mas, nesse romance, a autora subverte esse protagonismo. Em 16 cap\u00edtulos, uma breve introdu\u00e7\u00e3o e um posf\u00e1cio, o livro conta a hist\u00f3ria de Fio Jasmim, um homem negro, ferrovi\u00e1rio, casado e que se relaciona com oito mulheres \u2013 nem todas elas negras \u2013 pelas cidades por onde passa, viajando a trabalho. Como diz a pr\u00f3pria Concei\u00e7\u00e3o no livro: \u201cCapto como testemunha ocular ou como ouvinte a din\u00e2mica de vidas que se confundem com a minha, por algum motivo. Fui uma das mulheres de Fio Jasmim; em alguma circunst\u00e2ncia, pode ser (\u2026) O mo\u00e7o n\u00e3o me \u00e9 estranho, como as mulheres que estiveram com ele tamb\u00e9m n\u00e3o\u201d.<\/p>\n<p>Al\u00e9m da mistura entre fic\u00e7\u00e3o e realidade, Can\u00e7\u00e3o para ninar menino grande, assim como outras obras da escritora, articula, desde o in\u00edcio do romance, a ideia de escreviv\u00eancia, termo criado por Concei\u00e7\u00e3o que aponta o ato de escrita de mulheres negras com o objetivo de retomar a voz das escravizadas que foram silenciadas pelos escravocratas. Nas palavras da autora, a escreviv\u00eancia \u00e9 tamb\u00e9m esse texto que se esgota e se confunde com um sujeito coletivo.\u00a0<\/p>\n<p><b>Projeto<\/b><\/p>\n<p>Criado em 2017, o projeto BBM no Vestibular apresenta um ciclo de aulas ministradas por pesquisadores e professores da USP ou de outras universidades sobre as nove obras selecionadas pelo vestibular da Funda\u00e7\u00e3o Universit\u00e1ria para o Vestibular (Fuvest), prova que possibilita o ingresso nos cursos da USP. Pela primeira vez, as obras liter\u00e1rias obrigat\u00f3rias para o vestibular da Fuvest s\u00e3o somente de mulheres autoras de l\u00edngua portuguesa. A ordem das aulas vai seguir a cronologia de publica\u00e7\u00e3o das obras, como foi divulgado pela Fuvest.<\/p>\n<p>Como a procura \u00e9 muito grande e o Audit\u00f3rio Istv\u00e1n Jancs\u00f3 tem capacidade m\u00e1xima de 320 pessoas, permitida por seguran\u00e7a, \u00e9 necess\u00e1rio realizar inscri\u00e7\u00e3o pr\u00e9via para assistir presencialmente \u00e0s aulas. Quem assiste \u00e0s aulas presenciais tem a vantagem de concorrer ao sorteio de exemplares do livro abordado, que s\u00e3o doados ao projeto pela editora que o publicou.\u00a0<\/p>\n<p>O \u00faltimo livro que ser\u00e1 tema de aula \u00e9 A Vis\u00e3o das Plantas, de Djaimilia Pereira de Almeida, no dia 29 de outubro.\u00a0<\/p>\n<p><b>Projeto BBM no Vestibular \u2013\u00a0 <\/b><b>Can\u00e7\u00e3o para Ninar Menino Grande<\/b><b>, de Concei\u00e7\u00e3o Evaristo<\/b><br \/>Data: 15 de outubro, quarta-feira, \u00e0s 18h<br \/>Local: Audit\u00f3rio Istv\u00e1n Jancs\u00f3 da BBM<br \/>Endere\u00e7o: Rua da Biblioteca, 21, Cidade Universit\u00e1ria, Butant\u00e3, S\u00e3o Paulo<br \/>Gratuito, com inscri\u00e7\u00f5es<br \/>Transmiss\u00e3o on-line pelo <a style=\"color: #0000ff;\" href=\"https:\/\/www.youtube.com\/channel\/UC4wTnSCEZxg9Q63uOjYGw6g\" target=\"_blank\" rel=\"noopener nofollow\">canal do YouTube da BBM<\/a><\/p>\n<p><script async src=\"\/\/www.instagram.com\/embed.js\"><\/script><\/p>\n","protected":false},"excerpt":{"rendered":"Escrita por Concei\u00e7\u00e3o Evaristo, obra \u00e9 tema do pr\u00f3ximo encontro da s\u00e9rie BBM no Vestibular, que acontecer\u00e1 no&hellip;\n","protected":false},"author":2,"featured_media":102059,"comment_status":"","ping_status":"","sticky":false,"template":"","format":"standard","meta":{"footnotes":""},"categories":[143],"tags":[169,114,115,170,32,33],"class_list":{"0":"post-102058","1":"post","2":"type-post","3":"status-publish","4":"format-standard","5":"has-post-thumbnail","7":"category-livros","8":"tag-books","9":"tag-entertainment","10":"tag-entretenimento","11":"tag-livros","12":"tag-portugal","13":"tag-pt"},"share_on_mastodon":{"url":"","error":""},"_links":{"self":[{"href":"https:\/\/www.europesays.com\/pt\/wp-json\/wp\/v2\/posts\/102058","targetHints":{"allow":["GET"]}}],"collection":[{"href":"https:\/\/www.europesays.com\/pt\/wp-json\/wp\/v2\/posts"}],"about":[{"href":"https:\/\/www.europesays.com\/pt\/wp-json\/wp\/v2\/types\/post"}],"author":[{"embeddable":true,"href":"https:\/\/www.europesays.com\/pt\/wp-json\/wp\/v2\/users\/2"}],"replies":[{"embeddable":true,"href":"https:\/\/www.europesays.com\/pt\/wp-json\/wp\/v2\/comments?post=102058"}],"version-history":[{"count":0,"href":"https:\/\/www.europesays.com\/pt\/wp-json\/wp\/v2\/posts\/102058\/revisions"}],"wp:featuredmedia":[{"embeddable":true,"href":"https:\/\/www.europesays.com\/pt\/wp-json\/wp\/v2\/media\/102059"}],"wp:attachment":[{"href":"https:\/\/www.europesays.com\/pt\/wp-json\/wp\/v2\/media?parent=102058"}],"wp:term":[{"taxonomy":"category","embeddable":true,"href":"https:\/\/www.europesays.com\/pt\/wp-json\/wp\/v2\/categories?post=102058"},{"taxonomy":"post_tag","embeddable":true,"href":"https:\/\/www.europesays.com\/pt\/wp-json\/wp\/v2\/tags?post=102058"}],"curies":[{"name":"wp","href":"https:\/\/api.w.org\/{rel}","templated":true}]}}