{"id":102061,"date":"2025-10-08T13:11:13","date_gmt":"2025-10-08T13:11:13","guid":{"rendered":"https:\/\/www.europesays.com\/pt\/102061\/"},"modified":"2025-10-08T13:11:13","modified_gmt":"2025-10-08T13:11:13","slug":"confira-o-novo-trailer-assustador-de-terror-em-shelby-oaks-produzido-por-mike-flanagan","status":"publish","type":"post","link":"https:\/\/www.europesays.com\/pt\/102061\/","title":{"rendered":"Confira o novo trailer ASSUSTADOR de &#8216;Terror em Shelby Oaks&#8217;, produzido por Mike Flanagan"},"content":{"rendered":"<p>A <strong>Diamond Films<\/strong> divulgou o novo trailer legendado de \u2018<strong>Terror em <a href=\"https:\/\/cinepop.com.br\/tag\/shelby-oaks\/\" title=\"Shelby Oaks\" rel=\"nofollow noopener\" target=\"_blank\">Shelby Oaks<\/a><\/strong>\u2018, produzido pelo prestigiado realizador <strong><a href=\"https:\/\/cinepop.com.br\/tag\/mike-flanagan\/\" title=\"Mike Flanagan\" rel=\"nofollow noopener\" target=\"_blank\">Mike Flanagan<\/a><\/strong> (\u2018A Maldi\u00e7\u00e3o da Resid\u00eancia Hill\u2019).<\/p>\n<p>Confira e siga o <a href=\"https:\/\/www.youtube.com\/cinepop?sub_confirmation=1\" target=\"_blank\" rel=\"noopener nofollow\"><strong>CinePOP no Youtube<\/strong><\/a>:<\/p>\n<p>O longa marca a estreia diretorial do popular Youtuber <strong><a href=\"https:\/\/cinepop.com.br\/tag\/chris-stuckmann\/\" title=\"Chris Stuckmann\" rel=\"nofollow noopener\" target=\"_blank\">Chris Stuckmann<\/a><\/strong>.<\/p>\n<p>A trama gira em torno de Mia (<strong>Camille Sullivan<\/strong>), em sua busca fren\u00e9tica por sua irm\u00e3 Riley (<strong>Sarah Durn<\/strong>), que desapareceu misteriosamente na \u00faltima fita de sua s\u00e9rie investigativa \u201cParanormal Paranoids\u201d. \u00c0 medida que a obsess\u00e3o de Mia cresce, ela come\u00e7a a suspeitar que o dem\u00f4nio imagin\u00e1rio da inf\u00e2ncia de Riley possa ter sido real.<\/p>\n<p>O elenco tamb\u00e9m inclui <strong><a href=\"https:\/\/cinepop.com.br\/tag\/brendan-sexton-iii\/\" title=\"Brendan Sexton III\" rel=\"nofollow noopener\" target=\"_blank\">Brendan Sexton III<\/a><\/strong>, <strong><a href=\"https:\/\/cinepop.com.br\/tag\/michael-beach\/\" title=\"Michael Beach\" rel=\"nofollow noopener\" target=\"_blank\">Michael Beach<\/a><\/strong>, <strong><a href=\"https:\/\/cinepop.com.br\/tag\/robin-bartlett\/\" title=\"Robin Bartlett\" rel=\"nofollow noopener\" target=\"_blank\">Robin Bartlett<\/a><\/strong> e <strong><a href=\"https:\/\/cinepop.com.br\/tag\/keith-david\/\" title=\"Keith David\" rel=\"nofollow noopener\" target=\"_blank\">Keith David<\/a><\/strong>.<\/p>\n<p>O terror ser\u00e1 lan\u00e7ado nos cinemas nacionais no <strong>dia 30 de outubro<\/strong>.<\/p>\n<p><img fetchpriority=\"high\" decoding=\"async\" class=\"alignnone wp-image-685009\" src=\"https:\/\/www.europesays.com\/pt\/wp-content\/uploads\/2025\/09\/shelbyoaks-teaser1.webp.webp\" alt=\"\" width=\"949\" height=\"1406\"  \/><\/p>\n","protected":false},"excerpt":{"rendered":"A Diamond Films divulgou o novo trailer legendado de \u2018Terror em Shelby Oaks\u2018, produzido pelo prestigiado realizador Mike&hellip;\n","protected":false},"author":2,"featured_media":102062,"comment_status":"","ping_status":"","sticky":false,"template":"","format":"standard","meta":{"footnotes":""},"categories":[140],"tags":[15702,15703,15704,15705,15706,15707,114,115,147,148,15708,15709,15710,15637,15711,146,32,33,15712,15713],"class_list":{"0":"post-102061","1":"post","2":"type-post","3":"status-publish","4":"format-standard","5":"has-post-thumbnail","7":"category-filmes","8":"tag-a-queda-da-casa-de-usher","9":"tag-aaron-b-koontz","10":"tag-ashleigh-snead","11":"tag-brendan-sexton-iii","12":"tag-cameron-burns","13":"tag-chris-stuckmann","14":"tag-entertainment","15":"tag-entretenimento","16":"tag-film","17":"tag-filmes","18":"tag-keith-david","19":"tag-maldicao-em-shelby-oaks","20":"tag-michael-beach","21":"tag-mike-flanagan","22":"tag-missa-da-meia-noite","23":"tag-movies","24":"tag-portugal","25":"tag-pt","26":"tag-robin-bartlett","27":"tag-shelby-oaks"},"share_on_mastodon":{"url":"","error":""},"_links":{"self":[{"href":"https:\/\/www.europesays.com\/pt\/wp-json\/wp\/v2\/posts\/102061","targetHints":{"allow":["GET"]}}],"collection":[{"href":"https:\/\/www.europesays.com\/pt\/wp-json\/wp\/v2\/posts"}],"about":[{"href":"https:\/\/www.europesays.com\/pt\/wp-json\/wp\/v2\/types\/post"}],"author":[{"embeddable":true,"href":"https:\/\/www.europesays.com\/pt\/wp-json\/wp\/v2\/users\/2"}],"replies":[{"embeddable":true,"href":"https:\/\/www.europesays.com\/pt\/wp-json\/wp\/v2\/comments?post=102061"}],"version-history":[{"count":0,"href":"https:\/\/www.europesays.com\/pt\/wp-json\/wp\/v2\/posts\/102061\/revisions"}],"wp:featuredmedia":[{"embeddable":true,"href":"https:\/\/www.europesays.com\/pt\/wp-json\/wp\/v2\/media\/102062"}],"wp:attachment":[{"href":"https:\/\/www.europesays.com\/pt\/wp-json\/wp\/v2\/media?parent=102061"}],"wp:term":[{"taxonomy":"category","embeddable":true,"href":"https:\/\/www.europesays.com\/pt\/wp-json\/wp\/v2\/categories?post=102061"},{"taxonomy":"post_tag","embeddable":true,"href":"https:\/\/www.europesays.com\/pt\/wp-json\/wp\/v2\/tags?post=102061"}],"curies":[{"name":"wp","href":"https:\/\/api.w.org\/{rel}","templated":true}]}}