{"id":102082,"date":"2025-10-08T13:31:13","date_gmt":"2025-10-08T13:31:13","guid":{"rendered":"https:\/\/www.europesays.com\/pt\/102082\/"},"modified":"2025-10-08T13:31:13","modified_gmt":"2025-10-08T13:31:13","slug":"portugueses-gozaram-com-mortagua-mas-ramalho-eanes-fez-o-mesmo-e-foi-heroi","status":"publish","type":"post","link":"https:\/\/www.europesays.com\/pt\/102082\/","title":{"rendered":"Portugueses gozaram com Mort\u00e1gua, mas Ramalho Eanes fez o mesmo e foi her\u00f3i"},"content":{"rendered":"<p class=\"wp-caption-text top\">Estela Silva \/ Lusa<\/p>\n<p><img decoding=\"async\" loading=\"lazy\" class=\"wp-image-642500 size-kopa-image-size-3\" src=\"https:\/\/www.europesays.com\/pt\/wp-content\/uploads\/2025\/10\/912ec803b2ce49e4a541068d495ab570-783x450.jpg\" alt=\"\" width=\"700\" height=\"402\"  \/><\/p>\n<p><strong>Porque n\u00e3o foi criada uma peti\u00e7\u00e3o p\u00fablica para a Indon\u00e9sia ficar com o antigo Presidente da Rep\u00fablica?<br \/><\/strong><\/p>\n<p>\u201cEm primeiro est\u00e3o os portugueses!\u201d ou \u201cem primeiro est\u00e3o alguns portugueses\u201d?<\/p>\n<p>Do regresso de Mariana Mort\u00e1gua, Miguel Duarte, Sofia Apar\u00edcio e Diogo Chaves esperava-se, no m\u00ednimo, um momento de suspiro e compaix\u00e3o geral por quatro portugueses que, de livre vontade, arriscaram a sua seguran\u00e7a para, de forma pac\u00edfica, fazerem algo contra o que s\u00e3o <strong>realidades inevit\u00e1veis<\/strong>, dois anos de guerra depois:<\/p>\n<ul>\n<li>a morte de 1 em cada 3 pessoas de Gaza (mais de 67 mil palestinianos, entre os quais cerca de 20 mil crian\u00e7as);<\/li>\n<li>a <a href=\"https:\/\/zap.aeiou.pt\/israel-esta-a-matar-gaza-a-fome-denuncia-onu-690639\" data-wpel-link=\"internal\" rel=\"nofollow noopener\" target=\"_blank\">fome<\/a> generalizada no enclave, devido ao bloqueio da ajuda humanit\u00e1ria levado a cabo por Israel e EUA. Pelo menos 459 pessoas morreram \u00e0 fome, incluindo 154 crian\u00e7as;<\/li>\n<li>a ocupa\u00e7\u00e3o israelita de quase todo o territ\u00f3rio da Faixa de Gaza e a desloca\u00e7\u00e3o for\u00e7ada de praticamente toda a popula\u00e7\u00e3o, que levou a milhares de desaparecidos e \u00e0 separa\u00e7\u00e3o de fam\u00edlias;<\/li>\n<li>a destrui\u00e7\u00e3o de 92% da estrutura residencial de Gaza, segundo a ONU, de 125 hospitais e cl\u00ednicas e de 89% da infraestrutura sanit\u00e1ria, hoje danificada ou destru\u00edda;<\/li>\n<li>o conflito mais mort\u00edfero da hist\u00f3ria para jornalistas de todo o mundo, com mais de 300 jornalistas mortos.<\/li>\n<\/ul>\n<p>\u00c9 a realidade, aconteceu e est\u00e1 a acontecer, culpe-se ou n\u00e3o Israel e o governo de Benjamin Netanyahu. Mas a compaix\u00e3o n\u00e3o foi geral.<\/p>\n<p>Surpreendentemente, aqueles que mais gritam \u201cem primeiro est\u00e3o os portugueses!\u201d n\u00e3o sentem compaix\u00e3o por Mariana Mort\u00e1gua nem pelos outros tr\u00eas portugueses que, ap\u00f3s terem passado mais de um m\u00eas num barco e tr\u00eas dias detidos pelas for\u00e7as israelitas \u2014de <a href=\"https:\/\/zap.aeiou.pt\/israel-nega-maus-tratos-a-membros-da-flotilha-lusos-devem-voltar-hoje-a-portugal-704250\" data-wpel-link=\"internal\" rel=\"nofollow noopener\" target=\"_blank\">forma nada pac\u00edfica<\/a>, alegadamente \u2014 regressaram este domingo a Portugal. Muito pelo contr\u00e1rio.<\/p>\n<p>\u00c0 chegada, a coordenadora do Bloco de Esquerda pediu descanso e agradeceu o acompanhamento consular prestado a si e aos restantes ativistas. Agradeceu \u201c\u00e0 nossa estrutura diplom\u00e1tica, ao c\u00f4nsul em Israel e \u00e0 embaixadora em Israel\u201d.<\/p>\n<p>O \u2018obrigado\u2019 da deputada n\u00e3o se estendeu ao Governo. E porque iria Mort\u00e1gua agradecer ao Executivo de Lu\u00eds Montenegro?<\/p>\n<p>Afinal, o primeiro-ministro criticou a miss\u00e3o humanit\u00e1ria, tal como o ministro da Defesa Nuno Melo, que copiou a narrativa israelita e classificou a viagem pac\u00edfica com destino a Gaza como \u201cpanflet\u00e1ria\u201d, irrespons\u00e1vel\u201d e acusou Mort\u00e1gua de colaborar com \u201cterroristas\u201d.<\/p>\n<p>E apesar de Paulo Rangel, ministro dos Neg\u00f3cios Estrangeiros, ter dito que a deten\u00e7\u00e3o \u00e9 \u201cilegal\u201d caso se confirme a ocorr\u00eancia fora da jurisdi\u00e7\u00e3o israelita, isto \u00e9, em \u00e1guas internacionais, Montenegro evitou mais uma vez falar sobre a atua\u00e7\u00e3o de Israel. At\u00e9 o sil\u00eancio tem voz, e a indiferen\u00e7a traduziu-se no povo portugu\u00eas, em <strong>\u00f3dio<\/strong>.<\/p>\n<p>Uma r\u00e1pida vista de olhos nos coment\u00e1rios das not\u00edcias sobre a viagem da Flotilha Global Summud, nas redes sociais, e esse \u00f3dio sobressai e sobrep\u00f5e-se ao apoio aos quatro portugueses que, quer se goste quer n\u00e3o se goste, arriscam a sua seguran\u00e7a para mostrar solidariedade para com inocentes.<\/p>\n<p>Uma peti\u00e7\u00e3o p\u00fablica dirigiu-se a \u201ctoda e qualquer pessoa que esteja farta de chatos\u201d e <strong>pediu ao Estado de Israel que n\u00e3o devolvesse Mariana Mort\u00e1gua a Portugal<\/strong>. <strong>Mais de 64 mil pessoas<\/strong> assinaram-na. Porqu\u00ea? \u00danica e simplesmente porque \u201cj\u00e1 n\u00e3o a podemos aturar\u201d, justifica a peti\u00e7\u00e3o.<\/p>\n<p>Mas uma viagem com muitas parecen\u00e7as \u2018d\u00e1 \u00e0 costa\u2019 por causa de todo este assunto e traz consigo uma pergunta: se houvesse redes sociais em 1992, seria Ramalho Eanes massacrado por pessoas com semelhante falta de humanidade?<\/p>\n<p>A \u201cflotilha\u201d Lusit\u00e2nia Expresso<\/p>\n<p>O <strong>Lusit\u00e2nia Expresso<\/strong> partiu em 1992, tamb\u00e9m ele como uma viagem mar\u00edtima com uma miss\u00e3o internacional de paz num cen\u00e1rio de guerra; tamb\u00e9m levava a bordo jornalistas, estudantes, figuras p\u00fablicas e pol\u00edticos, como um ex-presidente da Rep\u00fablica \u2014 para muitos, um dos melhores que a democracia j\u00e1 teve \u2014 <strong>Ant\u00f3nio Ramalho Eanes.<\/strong><\/p>\n<p>A miss\u00e3o <strong>\u201cPaz em Timor\u201d<\/strong> foi uma iniciativa da revista Forum Estudante que, perante o massacre levado a cabo pela Indon\u00e9sia em D\u00edli a 12 de novembro de 1991 procurou \u2014 de forma muito semelhante, na pr\u00e1tica, \u00e0 flotilha para Gaza \u2014 condenar a viol\u00eancia cometida pela Indon\u00e9sia em Timor Leste.<\/p>\n<p>Nesse dia fat\u00eddico, cerca de <strong>dois mil timorenses<\/strong> foram alvo de disparos de militares indon\u00e9sios durante uma homenagem a Sebasti\u00e3o Gomes, um membro da resist\u00eancia timorense.<\/p>\n<p><strong>398 pessoas morreram<\/strong>, e o massacre foi uma janela para o que estava a acontecer em Timor \u2014 especialmente para os portugueses, que puderam ouvir, nas imagens partilhadas nas televis\u00f5es, as v\u00edtimas a rezar em portugu\u00eas momentos antes da sua morte.<\/p>\n<p>Uma miss\u00e3o que partiu de Lisboa com 15 tripulantes, em defesa das v\u00edtimas do massacre, contava em Darwin tr\u00eas meses depois (8 de mar\u00e7o de 1992) com 120 passageiros de 23 pa\u00edses a bordo.<\/p>\n<p>O objetivo simb\u00f3lico do ferry-boat era colocar uma coroa de flores no cemit\u00e9rio de Santa Cruz, em mem\u00f3ria das v\u00edtimas. A miss\u00e3o teve como objetivo principal denunciar e condenar a viol\u00eancia cometida por um ex\u00e9rcito contra um povo e sensibilizar a opini\u00e3o p\u00fablica, o mesmo objetivo da Flotilla que parece ter passado ao lado de muita gente: <strong>Mort\u00e1gua n\u00e3o foi levar latas de atum aos palestinianos<\/strong>, tal como Eanes n\u00e3o tentou ir a Timor para p\u00f4r flores na cabe\u00e7a de 398 mortos.<\/p>\n<p>E tamb\u00e9m como a flotilha, o Lusit\u00e2nia Expresso foi sobrevoado e cercado por for\u00e7as opostas \u00e0 miss\u00e3o; tamb\u00e9m foi amea\u00e7ado por elas, quando se aproximou do seu destino final; tamb\u00e9m foi intercetado, \u00e0 entrada das \u00e1guas timorenses, por quatro navios de guerra destas for\u00e7as opostas e for\u00e7ado a voltar a Portugal.<\/p>\n<p>Eanes e os outros ativistas nunca puderam colocar as flores no cemit\u00e9rio: lan\u00e7aram-nas ao mar, em mem\u00f3ria das v\u00edtimas, e a viagem, como recorda a <a href=\"https:\/\/www.youtube.com\/watch?v=5-jVzqUceIE\" data-wpel-link=\"external\" target=\"_blank\" rel=\"nofollow external noopener noreferrer\" class=\"ext-link\">RTP<\/a>, \u201cfoi um marco na hist\u00f3ria da luta pela liberta\u00e7\u00e3o e pela independ\u00eancia de Timor Leste\u201d, que se concretizaria 10 anos depois. E a peti\u00e7\u00e3o p\u00fablica para expulsar Ramalho Eanes de Portugal est\u00e1 ainda por encontrar.<\/p>\n<p style=\"padding-left: 25px; margin-bottom: 10; font-family: Roboto, Arial, Helvetica, sans-serif; font-size: 15px\">&#13;<br \/>\n        Tom\u00e1s Guimar\u00e3es, ZAP \/\/ <a href=\"\" data-wpel-link=\"internal\"\/>&#13;\n    <\/p>\n<p>    <a href=\"https:\/\/zap.aeiou.pt\/subscrever-newsletter\" data-wpel-link=\"internal\" rel=\"nofollow noopener\" target=\"_blank\">&#13;<br \/>\n        <img loading=\"lazy\" decoding=\"async\" class=\"aligncenter size-full wp-image-575475\" src=\"https:\/\/www.europesays.com\/pt\/wp-content\/uploads\/2025\/10\/1759862234_971_2d51fe4a0ba54894421ead1809309ed9-1-450x140.jpg\" alt=\"Subscreva a Newsletter ZAP\" width=\"450\" height=\"140\"\/>&#13;<br \/>\n    <\/a><\/p>\n<p>                <a href=\"https:\/\/whatsapp.com\/channel\/0029VaIC4EE2f3EJZPPSbR34\" data-wpel-link=\"external\" target=\"_blank\" rel=\"nofollow external noopener noreferrer\" class=\"ext-link\">&#13;<br \/>\n                    <img loading=\"lazy\" decoding=\"async\" class=\"aligncenter size-full wp-image-575475\" src=\"https:\/\/www.europesays.com\/pt\/wp-content\/uploads\/2025\/10\/1759862234_512_c68c559d956d4ca20f435ed74a6e71e6.png\" alt=\"Siga-nos no WhatsApp\" width=\"175\" height=\"64\"\/>&#13;<br \/>\n                <\/a><\/p>\n<p>                <a href=\"https:\/\/news.google.com\/publications\/CAAiEHRwZondIV71PDjWNoqMduEqFAgKIhB0cGaJ3SFe9Tw41jaKjHbh?hl=en-US&amp;gl=US&amp;ceid=US%3Aen\" data-wpel-link=\"external\" target=\"_blank\" rel=\"nofollow external noopener noreferrer\" class=\"ext-link\">&#13;<br \/>\n                    <img loading=\"lazy\" decoding=\"async\" class=\"aligncenter size-full wp-image-575475\" src=\"https:\/\/www.europesays.com\/pt\/wp-content\/uploads\/2025\/10\/1759862235_242_5123dd8b087b644fdb8f8603acd1bad4.png\" alt=\"Siga-nos no Google News\" width=\"176\" height=\"64\"\/>&#13;<br \/>\n                <\/a><\/p>\n","protected":false},"excerpt":{"rendered":"Estela Silva \/ Lusa Porque n\u00e3o foi criada uma peti\u00e7\u00e3o p\u00fablica para a Indon\u00e9sia ficar com o antigo&hellip;\n","protected":false},"author":2,"featured_media":102083,"comment_status":"","ping_status":"","sticky":false,"template":"","format":"standard","meta":{"footnotes":""},"categories":[50],"tags":[7620,27,28,13457,3026,15,16,13488,14,736,2427,259,25,26,13459,21,22,1737,432,62,12,13,19,20,431,52,23,24,19179,19178,17,18,29,30,31,63,64,65],"class_list":{"0":"post-102082","1":"post","2":"type-post","3":"status-publish","4":"format-standard","5":"has-post-thumbnail","7":"category-mundo","8":"tag-ativismo","9":"tag-breaking-news","10":"tag-breakingnews","11":"tag-democracia","12":"tag-direitos-humanos","13":"tag-featured-news","14":"tag-featurednews","15":"tag-guerra-em-israel","16":"tag-headlines","17":"tag-historia","18":"tag-indonesia","19":"tag-israel","20":"tag-latest-news","21":"tag-latestnews","22":"tag-liberdade","23":"tag-main-news","24":"tag-mainnews","25":"tag-mariana-mortagua","26":"tag-medio-oriente","27":"tag-mundo","28":"tag-news","29":"tag-noticias","30":"tag-noticias-principais","31":"tag-noticiasprincipais","32":"tag-palestina","33":"tag-politica","34":"tag-principais-noticias","35":"tag-principaisnoticias","36":"tag-timor","37":"tag-timor-leste","38":"tag-top-stories","39":"tag-topstories","40":"tag-ultimas","41":"tag-ultimas-noticias","42":"tag-ultimasnoticias","43":"tag-world","44":"tag-world-news","45":"tag-worldnews"},"share_on_mastodon":{"url":"","error":""},"_links":{"self":[{"href":"https:\/\/www.europesays.com\/pt\/wp-json\/wp\/v2\/posts\/102082","targetHints":{"allow":["GET"]}}],"collection":[{"href":"https:\/\/www.europesays.com\/pt\/wp-json\/wp\/v2\/posts"}],"about":[{"href":"https:\/\/www.europesays.com\/pt\/wp-json\/wp\/v2\/types\/post"}],"author":[{"embeddable":true,"href":"https:\/\/www.europesays.com\/pt\/wp-json\/wp\/v2\/users\/2"}],"replies":[{"embeddable":true,"href":"https:\/\/www.europesays.com\/pt\/wp-json\/wp\/v2\/comments?post=102082"}],"version-history":[{"count":0,"href":"https:\/\/www.europesays.com\/pt\/wp-json\/wp\/v2\/posts\/102082\/revisions"}],"wp:featuredmedia":[{"embeddable":true,"href":"https:\/\/www.europesays.com\/pt\/wp-json\/wp\/v2\/media\/102083"}],"wp:attachment":[{"href":"https:\/\/www.europesays.com\/pt\/wp-json\/wp\/v2\/media?parent=102082"}],"wp:term":[{"taxonomy":"category","embeddable":true,"href":"https:\/\/www.europesays.com\/pt\/wp-json\/wp\/v2\/categories?post=102082"},{"taxonomy":"post_tag","embeddable":true,"href":"https:\/\/www.europesays.com\/pt\/wp-json\/wp\/v2\/tags?post=102082"}],"curies":[{"name":"wp","href":"https:\/\/api.w.org\/{rel}","templated":true}]}}