{"id":102084,"date":"2025-10-08T13:32:10","date_gmt":"2025-10-08T13:32:10","guid":{"rendered":"https:\/\/www.europesays.com\/pt\/102084\/"},"modified":"2025-10-08T13:32:10","modified_gmt":"2025-10-08T13:32:10","slug":"depressao-alice-traz-chuvas-fortes-a-espanha-mas-portugal-devera-escapar","status":"publish","type":"post","link":"https:\/\/www.europesays.com\/pt\/102084\/","title":{"rendered":"Depress\u00e3o Alice traz chuvas fortes a Espanha mas Portugal dever\u00e1 escapar"},"content":{"rendered":"<p>Em causa est\u00e1 uma massa de ar frio que vai entrar pelo oeste da Pen\u00ednsula e deslocar-se para leste, dando origem \u00e0 forma\u00e7\u00e3o da depress\u00e3o Alice. O vento de leste vai trazer ar h\u00famido do Mediterr\u00e2neo, o que favorecer\u00e1 chuvas abundantes ao longo da costa mediterr\u00e2nea.<\/p>\n<p data-remotead-prev-elm=\"true\" data-remotead-elm-id=\"inread\">De acordo com um comunicado da Ag\u00eancia Estatal de Meteorologia (AEMET) de Espanha, prev\u00ea-se que as primeiras chuvas comecem na quarta-feira \u00e0 noite no leste de Castela-La Mancha e no interior da Comunidade Valenciana. A partir do in\u00edcio da quinta-feira, espalhar-se-\u00e3o para as \u00e1reas costeiras da Catalunha, Comunidade Valenciana, Ibiza e Formentera e, ao longo do dia, tamb\u00e9m atingir\u00e3o M\u00farcia, o leste da Andaluzia e o sul de Castela-La Mancha. As chuvas podem ser acompanhadas de trovoadas e atingir intensidades muito fortes, especialmente na costa de Alicante. Na sexta-feira, chuvas fortes v\u00e3o concentrar-se no sudeste. A situa\u00e7\u00e3o dever\u00e1 melhorar no domingo.<\/p>\n<p data-remotead-prev-elm=\"true\" data-remotead-elm-id=\"centro1\">Na semana passada, Ibiza, no arquip\u00e9lago espanhol das Baleares, foi atingida por chuvas torrenciais. Ca\u00edram mais de 200 litros de \u00e1gua por metro quadrado em apenas duas horas, inundando ruas, casas e v\u00e1rios estabelecimentos comerciais e hoteleiros. Duas pessoas ficaram gravemente feridas.<\/p>\n<p>Apesar dos alertas no pa\u00eds vizinho, Portugal <strong>dever\u00e1 escapar aos efeitos da depress\u00e3o Alice. <\/strong>Em comunicado, o Instituto Portugu\u00eas do Mar e da Atmosfera (IPMA) explica que a tempestade &#8220;n\u00e3o dever\u00e1 ter efeitos significativos no estado do tempo em Portugal continental&#8221;. Por\u00e9m, entre quinta-feira e s\u00e1bado, &#8220;poder\u00e3o ocorrer aguaceiros dispersos na regi\u00e3o Sul durante a tarde, em especial no interior, n\u00e3o se descartando a ocorr\u00eancia de trovoada&#8221;.<\/p>\n","protected":false},"excerpt":{"rendered":"Em causa est\u00e1 uma massa de ar frio que vai entrar pelo oeste da Pen\u00ednsula e deslocar-se para&hellip;\n","protected":false},"author":2,"featured_media":102085,"comment_status":"","ping_status":"","sticky":false,"template":"","format":"standard","meta":{"footnotes":""},"categories":[10],"tags":[27,28,640,15,16,14,350,25,26,21,22,62,12,13,19,20,32,23,24,33,20982,17,18,29,30,31],"class_list":{"0":"post-102084","1":"post","2":"type-post","3":"status-publish","4":"format-standard","5":"has-post-thumbnail","7":"category-portugal","8":"tag-breaking-news","9":"tag-breakingnews","10":"tag-espanha","11":"tag-featured-news","12":"tag-featurednews","13":"tag-headlines","14":"tag-ipma","15":"tag-latest-news","16":"tag-latestnews","17":"tag-main-news","18":"tag-mainnews","19":"tag-mundo","20":"tag-news","21":"tag-noticias","22":"tag-noticias-principais","23":"tag-noticiasprincipais","24":"tag-portugal","25":"tag-principais-noticias","26":"tag-principaisnoticias","27":"tag-pt","28":"tag-tempestade","29":"tag-top-stories","30":"tag-topstories","31":"tag-ultimas","32":"tag-ultimas-noticias","33":"tag-ultimasnoticias"},"share_on_mastodon":{"url":"","error":""},"_links":{"self":[{"href":"https:\/\/www.europesays.com\/pt\/wp-json\/wp\/v2\/posts\/102084","targetHints":{"allow":["GET"]}}],"collection":[{"href":"https:\/\/www.europesays.com\/pt\/wp-json\/wp\/v2\/posts"}],"about":[{"href":"https:\/\/www.europesays.com\/pt\/wp-json\/wp\/v2\/types\/post"}],"author":[{"embeddable":true,"href":"https:\/\/www.europesays.com\/pt\/wp-json\/wp\/v2\/users\/2"}],"replies":[{"embeddable":true,"href":"https:\/\/www.europesays.com\/pt\/wp-json\/wp\/v2\/comments?post=102084"}],"version-history":[{"count":0,"href":"https:\/\/www.europesays.com\/pt\/wp-json\/wp\/v2\/posts\/102084\/revisions"}],"wp:featuredmedia":[{"embeddable":true,"href":"https:\/\/www.europesays.com\/pt\/wp-json\/wp\/v2\/media\/102085"}],"wp:attachment":[{"href":"https:\/\/www.europesays.com\/pt\/wp-json\/wp\/v2\/media?parent=102084"}],"wp:term":[{"taxonomy":"category","embeddable":true,"href":"https:\/\/www.europesays.com\/pt\/wp-json\/wp\/v2\/categories?post=102084"},{"taxonomy":"post_tag","embeddable":true,"href":"https:\/\/www.europesays.com\/pt\/wp-json\/wp\/v2\/tags?post=102084"}],"curies":[{"name":"wp","href":"https:\/\/api.w.org\/{rel}","templated":true}]}}