{"id":102088,"date":"2025-10-08T13:36:10","date_gmt":"2025-10-08T13:36:10","guid":{"rendered":"https:\/\/www.europesays.com\/pt\/102088\/"},"modified":"2025-10-08T13:36:10","modified_gmt":"2025-10-08T13:36:10","slug":"professor-aposentado-lancara-livro-na-11a-bienal-do-livro-de-alagoas-noticias","status":"publish","type":"post","link":"https:\/\/www.europesays.com\/pt\/102088\/","title":{"rendered":"Professor aposentado lan\u00e7ar\u00e1 livro na 11\u00aa Bienal do Livro de Alagoas \u2014 Not\u00edcias"},"content":{"rendered":"<p>O professor Jaime Evaristo, que atuou nos Institutos de Matem\u00e1tica (IM) e de Computa\u00e7\u00e3o (IC) da Universidade Federal de Alagoas (Ufal), entre os anos de 1974 e 2018, lan\u00e7ar\u00e1 seu mais novo livro Minhas M\u00fasicas Umas Hist\u00f3rias, que discute a cria\u00e7\u00e3o de 47 de suas composi\u00e7\u00f5es \u2014 inclusive a primeira, que o fez se tornar um compositor, mesmo n\u00e3o tendo dotes para cantar nem tocar.<\/p>\n<p>M\u00fasicas enaltecendo as belezas, materiais e imateriais, de Alagoas, Um Dia Lindo \u2014 \u201cum passeio nas praias do litoral Sul\u201d, no dizer de Lima Neto, seu excelente int\u00e9rprete \u2014\u00a0 Alagoas de Coisas Boas, \u00a0que registra as qualidades do folclore (Alagoas do cord\u00e3o azul\/Alagoas do cord\u00e3o encarnado\/&#8230;), de belezas naturais (&#8230;Alagoas de Paripueira\/Das Gal\u00e9s de Maragogi\/Alagoas da lindas lagoas\/Do Franc\u00eas do Gunga\/S\u00f3 tem coisas boas\/&#8230;), da gente (&#8230;\/Alagoas de Graciliano\/Jorge de Lima, Pontes de Miranda\/Alagoas de Nise e Cac\u00e1\/Marta, Floriano\/Gente melhor n\u00e3o h\u00e1\/&#8230;) e da gastronomia (&#8230; Alagoas do sururu\/Das broas, das tapiocas\/Alagoas dos caranguejos\/Ma\u00e7unin, do coco\/S\u00f3 merece beijos) de nossa terra.<\/p>\n<p>Frevos para o Bloco Folipueira, para o Pinto da Madrugada, para os Seresteiros da Pitanguinha, uma bela homenagem ao inesquec\u00edvel Ed\u00e9cio Lopes, Pintando um Cara.\u00a0Can\u00e7\u00f5es para netos (&#8230;\/Uma festa na escola\/Um jogo de bola\/Um t\u00fanel na areia da praia\/Velar seu sono com medo que caia\/&#8230;) e para os seus netos (Cheguei! Eu cheguei\/Pra ser um rei\/Rei da alegria, rei da simpatia, da Felicidade\/&#8230;, para o mais novo), para uma filha (&#8230;\/\u00c9 ela, sim\/\u00c9 ela sim\/De alta ou de t\u00eanis\/\u00c9 F\u00eanix, \u00e9 F\u00eanix, \u00e9 bela\/&#8230;), duas para a esposa Salete \u2014 um bolero (N\u00e3o foi caso pensado\/Querer viver a teu lado\/Querer te ver feliz\/&#8230;) e um forr\u00f3 (Um poeta j\u00e1 disse\/Que o amor \u00e0s vezes \u00e9 sandice\/Pode trazer confus\u00e3o\/Isso n\u00e3o houve comigo\/O meu amor \u00e9 antigo\/\u00c9 verdadeira paix\u00e3o\/&#8230;) e uma para uma sobrinha (Gosto de ser Zoz\u00f4\/Gosto da vida, eu gosto do amor\/&#8230;).<\/p>\n<p>Uma m\u00fasica sobre um sonho do autor (&#8230;Eram milh\u00f5es de Mandelas\/Dulces, muitas delas\/Teresas de mont\u00e3o\/Gandhis, Martin Luther Kings\/N\u00e3o havia ringues\/&#8230;), uma can\u00e7\u00e3o inspirada na rela\u00e7\u00e3o entre Rita Lee e Roberto de Carvalho (&#8230;Me ame na relva, morangos, champ\u00e3\/Me ame na selva, Jane, Tarzan\/Me ame no mar, na Terra, no ar\/Me em todo lugar\/&#8230;), outra a partir de um v\u00eddeo do Caetano Veloso comparando o mar da Cal\u00e1bria com o de Macei\u00f3.<\/p>\n<p><strong>Hinos<\/strong><\/p>\n<p>O livro do professor Jaime Evaristo tamb\u00e9m conta com hinos oficiais de institui\u00e7\u00f5es: Hino do Col\u00e9gio Santa Am\u00e9lia, da Escolinha de Futsal Tubar\u00f5es e o Hino Oficial da Ufal, escolhido por concurso realizado em 2011 para marcar o cinquenten\u00e1rio da universidade.\u00a0Um hino \u00e0 Filarm\u00f4nica de Alagoas (\u00c9s mais uma joia rara\/Nessa terra refulgente\/\u00c9s vida, \u00e9s gente odara\/Cada uma no papel diligente\/&#8230;) e hinos \u00e0 artistas nordestinos (Dona Marinita, da renda singeleza, Jota Borges, Nelson da Rabeca, Mestre Vitalino, Fl\u00e1vio Jos\u00e9, Patativa de Assar\u00e9), m\u00fasicas que integraram a musicaliza\u00e7\u00e3o do Espet\u00e1culo Junino 2024, do Col\u00e9gio Santa Am\u00e9lia.<\/p>\n<p>\u201cTer me inserido no mundo da composi\u00e7\u00e3o musical e poder divulgar as emo\u00e7\u00f5es em um livro me trouxe momentos de felicidade \u00e0 beira do infinito\u201d, falou, empolgado, o professor Jaime, usando um pouco da linguagem matem\u00e1tica utilizada metaforicamente em uma das suas can\u00e7\u00f5es, todas dispon\u00edveis em seu <a href=\"http:\/\/youtube.com\/@jaimeevaristo-b7o.\" rel=\"nofollow noopener\" target=\"_blank\"><strong>canal do YouTube<\/strong><\/a><strong>.<\/strong><\/p>\n<p><strong>Sobre a Bienal<\/strong><\/p>\n<p>A 11\u00aa Bienal Internacional do Livro de Alagoas \u00e9 realizada pela Universidade Federal de Alagoas e pelo governo de Alagoas, com correaliza\u00e7\u00e3o da Funda\u00e7\u00e3o Universit\u00e1ria de Desenvolvimento de Extens\u00e3o e Pesquisa (Fundepes) e patroc\u00ednio do Senac e do Sebrae Alagoas.<\/p>\n<p>Sob a curadoria do professor Eraldo Ferraz, diretor da Edufal, o maior evento cultural e liter\u00e1rio do estado tamb\u00e9m tem como parceiros a plataforma de eventos Doity, a rede de Hot\u00e9is Ponta Verde, o Sesc, a Prefeitura de Macei\u00f3 e o Instituto Federal de Alagoas (Ifal), al\u00e9m das secretarias de Estado da Cultura e Economia Criativa (Secult), de Turismo (Setur) e de Comunica\u00e7\u00e3o (Secom) de Alagoas.<\/p>\n<p>Acompanhe as novidades da Bienal 2025 por meio do site oficial\u00a0<a href=\"https:\/\/bienal.ufal.br\/2025\" rel=\"nofollow noopener\" target=\"_blank\"><strong>bienal.ufal.br\/2025<\/strong><\/a>\u00a0e tamb\u00e9m pelas redes sociais com o perfil <strong>@\u200cbienaldealagoas no Instagram, Threads e Facebook.<\/strong><\/p>\n","protected":false},"excerpt":{"rendered":"O professor Jaime Evaristo, que atuou nos Institutos de Matem\u00e1tica (IM) e de Computa\u00e7\u00e3o (IC) da Universidade Federal&hellip;\n","protected":false},"author":2,"featured_media":102089,"comment_status":"","ping_status":"","sticky":false,"template":"","format":"standard","meta":{"footnotes":""},"categories":[143],"tags":[169,114,115,170,32,33],"class_list":{"0":"post-102088","1":"post","2":"type-post","3":"status-publish","4":"format-standard","5":"has-post-thumbnail","7":"category-livros","8":"tag-books","9":"tag-entertainment","10":"tag-entretenimento","11":"tag-livros","12":"tag-portugal","13":"tag-pt"},"share_on_mastodon":{"url":"","error":""},"_links":{"self":[{"href":"https:\/\/www.europesays.com\/pt\/wp-json\/wp\/v2\/posts\/102088","targetHints":{"allow":["GET"]}}],"collection":[{"href":"https:\/\/www.europesays.com\/pt\/wp-json\/wp\/v2\/posts"}],"about":[{"href":"https:\/\/www.europesays.com\/pt\/wp-json\/wp\/v2\/types\/post"}],"author":[{"embeddable":true,"href":"https:\/\/www.europesays.com\/pt\/wp-json\/wp\/v2\/users\/2"}],"replies":[{"embeddable":true,"href":"https:\/\/www.europesays.com\/pt\/wp-json\/wp\/v2\/comments?post=102088"}],"version-history":[{"count":0,"href":"https:\/\/www.europesays.com\/pt\/wp-json\/wp\/v2\/posts\/102088\/revisions"}],"wp:featuredmedia":[{"embeddable":true,"href":"https:\/\/www.europesays.com\/pt\/wp-json\/wp\/v2\/media\/102089"}],"wp:attachment":[{"href":"https:\/\/www.europesays.com\/pt\/wp-json\/wp\/v2\/media?parent=102088"}],"wp:term":[{"taxonomy":"category","embeddable":true,"href":"https:\/\/www.europesays.com\/pt\/wp-json\/wp\/v2\/categories?post=102088"},{"taxonomy":"post_tag","embeddable":true,"href":"https:\/\/www.europesays.com\/pt\/wp-json\/wp\/v2\/tags?post=102088"}],"curies":[{"name":"wp","href":"https:\/\/api.w.org\/{rel}","templated":true}]}}