{"id":102107,"date":"2025-10-08T13:48:28","date_gmt":"2025-10-08T13:48:28","guid":{"rendered":"https:\/\/www.europesays.com\/pt\/102107\/"},"modified":"2025-10-08T13:48:28","modified_gmt":"2025-10-08T13:48:28","slug":"tinha-uma-carreira-promissora-pela-frente","status":"publish","type":"post","link":"https:\/\/www.europesays.com\/pt\/102107\/","title":{"rendered":"\u2018Tinha uma carreira promissora pela frente\u2019"},"content":{"rendered":"\n<p class=\" content-text__container theme-color-primary-first-letter\" data-track-category=\"Link no Texto\" data-track-links=\"\"> No ar na reprise de \u201c<a class=\"\" href=\"https:\/\/oglobo.globo.com\/tudo-sobre\/novela\/a-viagem\" rel=\"nofollow noopener\" target=\"_blank\">A Viagem<\/a>\u201d como B\u00e1rbara, a atriz Chris Pitsch morreu em 1995, aos 24 anos, v\u00edtima de um infarto fulminante. Ela havia sido diagnosticada ainda aos 14 com cardiopatia cong\u00eanita, uma malforma\u00e7\u00e3o no cora\u00e7\u00e3o presente desde o nascimento. <\/p>\n<ul class=\"content-unordered-list\">\n<li><strong>Leia tamb\u00e9m: <\/strong><a class=\"\" href=\"https:\/\/oglobo.globo.com\/play\/novelas\/noticia\/2025\/05\/07\/as-vesperas-da-reestreia-de-a-viagem-na-globo-veja-16-atores-da-novela-que-ja-morreram.ghtml\" rel=\"nofollow noopener\" target=\"_blank\">veja 16 atores de &#8216;A viagem&#8217; que j\u00e1 morreram<\/a><\/li>\n<li><strong>E mais:<\/strong> <a class=\"\" href=\"https:\/\/oglobo.globo.com\/play\/novelas\/noticia\/2025\/08\/23\/no-ar-como-matriarcas-em-historia-de-amor-e-a-viagem-atriz-nao-teve-filhos-e-vivia-na-companhia-de-passaros-em-seu-apartamento-no-rio.ghtml\" rel=\"nofollow noopener\" target=\"_blank\">Atriz que interpretou Dona Maroca em &#8216;A viagem&#8217; n\u00e3o teve filhos e vivia na companhia de p\u00e1ssaros em seu apartamento no Rio<\/a><\/li>\n<\/ul>\n<p class=\" content-text__container \" data-track-category=\"Link no Texto\" data-track-links=\"\"> A atriz estava sozinha em casa, em Botafogo, na Zona Sul do Rio, quando passou mal. Seu pai, Allex, havia ido ao mercado com o namorado dela, Beto Pitsch, com quem Chris morava havia pouco tempo. Quando retornaram, a encontraram j\u00e1 desmaiada. <\/p>\n<p class=\" content-text__container \" data-track-category=\"Link no Texto\" data-track-links=\"\"> \u2014 O mais curioso desta hist\u00f3ria \u00e9 que o pai, a m\u00e3e e o padrasto, que s\u00e3o de S\u00e3o Paulo, estavam todos no Rio neste dia \u2014 relembra a personal trainer Lubianca Pagliuca Cavedini dos Santos, uma das irm\u00e3s de Chris. <\/p>\n<p class=\" content-text__container \" data-track-category=\"Link no Texto\" data-track-links=\"\"> Apesar de n\u00e3o terem parentesco biol\u00f3gico, as duas moraram juntas e criaram la\u00e7os. O pai de Lubianca, Jos\u00e9 Camilo, se casou com Lindaura, m\u00e3e de Chris. Ambos tinham dois filhos de casamentos anteriores e, juntos, tiveram mais quatro. Lubianca \u00e9 seis anos mais nova e acompanhou de perto tudo o que houve com a Chris.: <\/p>\n<p class=\" content-text__container \" data-track-category=\"Link no Texto\" data-track-links=\"\"> \u2014 A Chris era uma pessoa muito alegre, piadista, com vida cultural intensa. Ela adorava teatro, cinema, e sempre demonstrou talento para atua\u00e7\u00e3o. Desde pequena j\u00e1 preparava pe\u00e7as para apresentar aos pais e adorava brincar disso. Uma vez, ela foi para a Disney e voltou cheia de apetrechos, como sangue falso e dentaduras\u2026 <\/p>\n<p class=\" content-text__container \" data-track-category=\"Link no Texto\" data-track-links=\"\"> <strong>E mais:<\/strong><a class=\"\" href=\"https:\/\/oglobo.globo.com\/play\/novelas\/noticia\/2025\/08\/22\/morto-em-2006-aos-41-anos-ator-de-a-viagem-era-irmao-de-gala-da-globo-que-tambem-faleceu-precocemente.ghtml\" rel=\"nofollow noopener\" target=\"_blank\"><strong> <\/strong>morto em 2006 aos 41 anos, ator de &#8216;A viagem&#8217; era irm\u00e3o de gal\u00e3 da Globo que tamb\u00e9m faleceu precocemente<\/a> <\/p>\n<p class=\" content-text__container \" data-track-category=\"Link no Texto\" data-track-links=\"\"> \u201cA Viagem\u201d foi a \u00fanica novela da atriz, que tamb\u00e9m participou de espet\u00e1culos como \u201cP\u00e1ssaro de fogo\u201d (1980), de Sebasti\u00e3o Apol\u00f4nio, e \u201cDraculinha \u2014 A vida acidentada de um vampirinho\u201d (1992), de Carlos Queir\u00f3z Telles e Ene\u00e1s Carlos Pereira. Foi justamente nesta segunda que atraiu a aten\u00e7\u00e3o de Solange Castro Neves, colaboradora da autora Ivani Ribeiro, que a convidou para atuar na novela. Por conta das grava\u00e7\u00f5es, Chris se mudou para o Rio. Seu sobrenome, Pitsch, foi uma homenagem ao namorado. <\/p>\n<p class=\" content-text__container \" data-track-category=\"Link no Texto\" data-track-links=\"\"> A novela terminou em outubro de 1994, exatamente um ano antes da morte dela. Segundo Lubianca, ela estava \u201cmuito, muito feliz\u201d, com uma carreira promissora pela frente: <\/p>\n<p class=\" content-text__container \" data-track-category=\"Link no Texto\" data-track-links=\"\"> \u2014 A m\u00e3e dela, que \u00e9 minha madrasta, mas considero m\u00e3e, sofreu muito e n\u00e3o consegue ver a novela at\u00e9 hoje. O que deu for\u00e7a para ela foram os meus irm\u00e3os. Eu assisto \u00e0 reprise e fico com muita saudade. Eu e Chris \u00e9ramos muito grudadas. Ela estava feliz da vida, pelo trabalho e pela rela\u00e7\u00e3o com o Beto. Morreu realizando um sonho. <\/p>\n<ul class=\"content-unordered-list\">\n<li><strong>TV e famosos: <\/strong><a class=\"\" href=\"https:\/\/www.whatsapp.com\/channel\/0029Va3JQfiDTkJwvhCFGq1r\" target=\"_blank\" rel=\"nofollow noopener\">se inscreva no canal da coluna Play no WhatsApp<\/a><\/li>\n<\/ul>\n<p class=\" content-text__container \" data-track-category=\"Link no Texto\" data-track-links=\"\"> Veja abaixo fotos da atriz. <\/p>\n<p>      <img decoding=\"async\" class=\"content-media__image\"  src=\"https:\/\/www.europesays.com\/pt\/wp-content\/uploads\/2025\/10\/whatsapp-image-2025-10-07-at-14.07.51.jpeg\" alt=\"Chris em seu anivers\u00e1rio de 23 anos, em agosto de 1994, ainda envolvida nas grava\u00e7\u00f5es de 'A viagem', fase em que a personagem volta a ser morena \u2014 Foto: arquivo pessoal\" width=\"1511\" height=\"2015\" loading=\"lazy\"\/>  Chris em seu anivers\u00e1rio de 23 anos, em agosto de 1994, ainda envolvida nas grava\u00e7\u00f5es de &#8216;A viagem&#8217;, fase em que a personagem volta a ser morena \u2014 Foto: arquivo pessoal          <img decoding=\"async\" class=\"content-media__image\"  src=\"https:\/\/www.europesays.com\/pt\/wp-content\/uploads\/2025\/10\/whatsapp-image-2025-10-07-at-14.12.10.jpeg\" alt=\"Ao fim da novela,  em outubro de 1994, Chris voltou a ser loura \u2014 Foto: Arquivo pessoal\" width=\"431\" height=\"431\" loading=\"lazy\"\/>  Ao fim da novela, em outubro de 1994, Chris voltou a ser loura \u2014 Foto: Arquivo pessoal          <img decoding=\"async\" class=\"content-media__image\"  src=\"https:\/\/www.europesays.com\/pt\/wp-content\/uploads\/2025\/10\/whatsapp-image-2025-10-07-at-14.30.47.jpeg\" alt=\"Chris como Dracunilda na pe\u00e7a &quot;Draculinha  \u2014 A vida acidentada de um vampirinho&quot; \u2014 Foto: Arquivo pessoal\" width=\"1080\" height=\"1064\" loading=\"lazy\"\/>  Chris como Dracunilda na pe\u00e7a &#8220;Draculinha \u2014 A vida acidentada de um vampirinho&#8221; \u2014 Foto: Arquivo pessoal           <img decoding=\"async\" class=\"content-media__image\"  src=\"https:\/\/www.europesays.com\/pt\/wp-content\/uploads\/2025\/10\/whatsapp-image-2025-10-07-at-13.50.02.jpeg\" alt=\"Chris Pitsch com a irm\u00e3 Lubianca em julho de 1992 na noite no Bar Metr\u00f3polis no Bairro do Consola\u00e7\u00e3o em S\u00e3o Paulo \u2014 Foto: arquivo pessoal\" width=\"1440\" height=\"1440\" loading=\"lazy\"\/>  Chris Pitsch com a irm\u00e3 Lubianca em julho de 1992 na noite no Bar Metr\u00f3polis no Bairro do Consola\u00e7\u00e3o em S\u00e3o Paulo \u2014 Foto: arquivo pessoal          <img decoding=\"async\" class=\"content-media__image\"  src=\"https:\/\/www.europesays.com\/pt\/wp-content\/uploads\/2025\/10\/whatsapp-image-2025-10-07-at-13.53.29.jpeg\" alt=\"Foto de fam\u00edlia em 1990: Chris aparece de p\u00e9,  no canto esquerdo da foto \u2014 Foto: arquivo pessoal\" width=\"872\" height=\"524\" loading=\"lazy\"\/>  Foto de fam\u00edlia em 1990: Chris aparece de p\u00e9, no canto esquerdo da foto \u2014 Foto: arquivo pessoal          <img decoding=\"async\" class=\"content-media__image\"  src=\"https:\/\/www.europesays.com\/pt\/wp-content\/uploads\/2025\/10\/whatsapp-image-2025-10-07-at-13.56.57.jpeg\" alt=\"Lindaura e Jos\u00e9 Camilo com os oito filhos no batizado de Thiago, um deles. Chris aparece em p\u00e9 segurando o irm\u00e3o Rafael, g\u00eameo de Gabriela, no colo do pai \u2014 Foto: Arquivo pessoal\" width=\"604\" height=\"427\" loading=\"lazy\"\/>  Lindaura e Jos\u00e9 Camilo com os oito filhos no batizado de Thiago, um deles. Chris aparece em p\u00e9 segurando o irm\u00e3o Rafael, g\u00eameo de Gabriela, no colo do pai \u2014 Foto: Arquivo pessoal         Relembre atores de &#8216;Terra nostra&#8217; que sumiram das novelas           <img decoding=\"async\" id=\"image-id-tumb-021e2a43-371e-49a9-86f8-1581193d5825\" alt=\"Marcello Antony viveu Marco Antonio na trama. Sua \u00faltima novela no Brasil foi &quot;Rock story&quot;, em 2017. Se mudou para Portugal, onde continuou atuando. Hoje trabalha como corretor de im\u00f3veis \u2014 Foto: reprodu\u00e7\u00e3o\" src=\"https:\/\/www.europesays.com\/pt\/wp-content\/uploads\/2025\/09\/1757081115_122_arte-5-.png\" loading=\"lazy\" height=\"1194\" width=\"2000\" data-posicao=\"1\" role=\"button\" tabindex=\"0\"\/>    <img decoding=\"async\" id=\"image-id-021e2a43-371e-49a9-86f8-1581193d5825\" class=\"gallery-photo\" alt=\"Marcello Antony viveu Marco Antonio na trama. Sua \u00faltima novela no Brasil foi &quot;Rock story&quot;, em 2017. Se mudou para Portugal, onde continuou atuando. Hoje trabalha como corretor de im\u00f3veis \u2014 Foto: reprodu\u00e7\u00e3o\" src=\"https:\/\/www.europesays.com\/pt\/wp-content\/uploads\/2025\/09\/1757081116_559_arte-5-.png\" loading=\"lazy\" height=\"1194\" width=\"2000\"\/>  <\/p>\n<p> 1 de 6 <br \/>&#13;Marcello Antony viveu Marco Antonio na trama. Sua \u00faltima novela no Brasil foi &#8220;Rock story&#8221;, em 2017. Se mudou para Portugal, onde continuou atuando. Hoje trabalha como corretor de im\u00f3veis \u2014 Foto: reprodu\u00e7\u00e3o <\/p>\n<p>     <img decoding=\"async\" id=\"image-id-tumb-e40fd6d6-4d08-4ce6-82fc-1c755fb06ac8\" alt=\"Bianca Castanho viveu Florinda. Sua \u00faltima novela foi &quot;Dona Xepa&quot;, em 2013. Desde 2016 mora nos Estados Unidos com a fam\u00edlia \u2014 Foto: Reprodu\u00e7\u00e3o\/Instagram\" src=\"https:\/\/www.europesays.com\/pt\/wp-content\/uploads\/2025\/09\/arte-6-.png\" loading=\"lazy\" height=\"1194\" width=\"2000\" data-posicao=\"2\" role=\"button\" tabindex=\"0\"\/>    <img decoding=\"async\" id=\"image-id-e40fd6d6-4d08-4ce6-82fc-1c755fb06ac8\" class=\"gallery-photo\" alt=\"Bianca Castanho viveu Florinda. Sua \u00faltima novela foi &quot;Dona Xepa&quot;, em 2013. Desde 2016 mora nos Estados Unidos com a fam\u00edlia \u2014 Foto: Reprodu\u00e7\u00e3o\/Instagram\" src=\"https:\/\/www.europesays.com\/pt\/wp-content\/uploads\/2025\/09\/1757081117_353_arte-6-.png\" loading=\"lazy\" height=\"1194\" width=\"2000\"\/>  <\/p>\n<p> 2 de 6 <br \/>&#13;Bianca Castanho viveu Florinda. Sua \u00faltima novela foi &#8220;Dona Xepa&#8221;, em 2013. Desde 2016 mora nos Estados Unidos com a fam\u00edlia \u2014 Foto: Reprodu\u00e7\u00e3o\/Instagram <\/p>\n<p>       <img decoding=\"async\" id=\"image-id-tumb-db0606e1-75d5-453d-a1b4-dd4e6579e17a\" alt=\"Int\u00e9prete de Nan\u00e1, Adriana Lessa atuou em &quot;O s\u00e9timo guardi\u00e3o&quot;, de 2018. At\u00e9 hoje faz s\u00e9ries, filmes e teatro \u2014 Foto: reprodu\u00e7\u00e3o\" src=\"https:\/\/www.europesays.com\/pt\/wp-content\/uploads\/2025\/09\/arte-7-.png\" loading=\"lazy\" height=\"1194\" width=\"2000\" data-posicao=\"3\" role=\"button\" tabindex=\"0\"\/>    <img decoding=\"async\" id=\"image-id-db0606e1-75d5-453d-a1b4-dd4e6579e17a\" class=\"gallery-photo\" alt=\"Int\u00e9prete de Nan\u00e1, Adriana Lessa atuou em &quot;O s\u00e9timo guardi\u00e3o&quot;, de 2018. At\u00e9 hoje faz s\u00e9ries, filmes e teatro \u2014 Foto: reprodu\u00e7\u00e3o\" src=\"https:\/\/www.europesays.com\/pt\/wp-content\/uploads\/2025\/09\/1757081118_615_arte-7-.png\" loading=\"lazy\" height=\"1194\" width=\"2000\"\/>  <\/p>\n<p> 3 de 6 <br \/>&#13;Int\u00e9prete de Nan\u00e1, Adriana Lessa atuou em &#8220;O s\u00e9timo guardi\u00e3o&#8221;, de 2018. At\u00e9 hoje faz s\u00e9ries, filmes e teatro \u2014 Foto: reprodu\u00e7\u00e3o <\/p>\n<p>      <img decoding=\"async\" id=\"image-id-b88b7e5b-aefb-4da7-99ae-521c41452aba\" class=\"gallery-photo\" alt=\"Odilon Wagner viveu Altino. Fez &quot;O segundo sol&quot; em 2018 e &quot;Super Dan\u00e7a dos famosos&quot;, em 2021. Atualmente dedica-se ao teatro\u2014 Foto: reprodu\u00e7\u00e3o\" src=\"https:\/\/www.europesays.com\/pt\/wp-content\/uploads\/2025\/09\/arte-8-.png\" loading=\"lazy\" height=\"1194\" width=\"2000\"\/>  <\/p>\n<p> 4 de 6 <br \/>&#13;Odilon Wagner viveu Altino. Fez &#8220;O segundo sol&#8221; em 2018 e &#8220;Super Dan\u00e7a dos famosos&#8221;, em 2021. Atualmente dedica-se ao teatro\u2014 Foto: reprodu\u00e7\u00e3o <\/p>\n<p>       <img decoding=\"async\" id=\"image-id-c5f6cd43-8968-4340-bd7d-f48d1180723f\" class=\"gallery-photo\" alt=\"Tania Bondezan viveu a governanta Mariana. Esteve em &quot;C\u00famplices de um resgate&quot;, em 2015. Hoje em dia faz teatro \u2014 Foto: reprodu\u00e7\u00e3o\/ instagram\" src=\"https:\/\/www.europesays.com\/pt\/wp-content\/uploads\/2025\/09\/arte-9-.png\" loading=\"lazy\" height=\"1194\" width=\"2000\"\/>  <\/p>\n<p> 5 de 6 <br \/>&#13;Tania Bondezan viveu a governanta Mariana. Esteve em &#8220;C\u00famplices de um resgate&#8221;, em 2015. Hoje em dia faz teatro \u2014 Foto: reprodu\u00e7\u00e3o\/ instagram <\/p>\n<p>      <img decoding=\"async\" id=\"image-id-44bce5f7-58ef-4426-afee-9b4e372979ea\" class=\"gallery-photo\" alt=\"Filha do autor Lauro Cesar Muniz, Fernanda Muniz viveu Luisa na novela. Fez &quot;Cidad\u00e3o brasileiro&quot;, em 2006. \u00c9 psic\u00f3loga hol\u00edstica \u2014 Foto: reprodu\u00e7\u00e3o\" src=\"https:\/\/www.europesays.com\/pt\/wp-content\/uploads\/2025\/09\/arte-10-.png\" loading=\"lazy\" height=\"1194\" width=\"2000\"\/>  <\/p>\n<p> 6 de 6 <br \/>&#13;Filha do autor Lauro Cesar Muniz, Fernanda Muniz viveu Luisa na novela. Fez &#8220;Cidad\u00e3o brasileiro&#8221;, em 2006. \u00c9 psic\u00f3loga hol\u00edstica \u2014 Foto: reprodu\u00e7\u00e3o <\/p>\n<p>.<\/p>\n","protected":false},"excerpt":{"rendered":"No ar na reprise de \u201cA Viagem\u201d como B\u00e1rbara, a atriz Chris Pitsch morreu em 1995, aos 24&hellip;\n","protected":false},"author":2,"featured_media":102108,"comment_status":"","ping_status":"","sticky":false,"template":"","format":"standard","meta":{"footnotes":""},"categories":[145],"tags":[2872,211,210,16300,114,115,32,33,679,2323],"class_list":{"0":"post-102107","1":"post","2":"type-post","3":"status-publish","4":"format-standard","5":"has-post-thumbnail","7":"category-celebridades","8":"tag-a-viagem","9":"tag-celebridades","10":"tag-celebrities","11":"tag-christiane-torloni","12":"tag-entertainment","13":"tag-entretenimento","14":"tag-portugal","15":"tag-pt","16":"tag-reportagem","17":"tag-tv-globo"},"share_on_mastodon":{"url":"","error":""},"_links":{"self":[{"href":"https:\/\/www.europesays.com\/pt\/wp-json\/wp\/v2\/posts\/102107","targetHints":{"allow":["GET"]}}],"collection":[{"href":"https:\/\/www.europesays.com\/pt\/wp-json\/wp\/v2\/posts"}],"about":[{"href":"https:\/\/www.europesays.com\/pt\/wp-json\/wp\/v2\/types\/post"}],"author":[{"embeddable":true,"href":"https:\/\/www.europesays.com\/pt\/wp-json\/wp\/v2\/users\/2"}],"replies":[{"embeddable":true,"href":"https:\/\/www.europesays.com\/pt\/wp-json\/wp\/v2\/comments?post=102107"}],"version-history":[{"count":0,"href":"https:\/\/www.europesays.com\/pt\/wp-json\/wp\/v2\/posts\/102107\/revisions"}],"wp:featuredmedia":[{"embeddable":true,"href":"https:\/\/www.europesays.com\/pt\/wp-json\/wp\/v2\/media\/102108"}],"wp:attachment":[{"href":"https:\/\/www.europesays.com\/pt\/wp-json\/wp\/v2\/media?parent=102107"}],"wp:term":[{"taxonomy":"category","embeddable":true,"href":"https:\/\/www.europesays.com\/pt\/wp-json\/wp\/v2\/categories?post=102107"},{"taxonomy":"post_tag","embeddable":true,"href":"https:\/\/www.europesays.com\/pt\/wp-json\/wp\/v2\/tags?post=102107"}],"curies":[{"name":"wp","href":"https:\/\/api.w.org\/{rel}","templated":true}]}}