{"id":102122,"date":"2025-10-08T14:05:11","date_gmt":"2025-10-08T14:05:11","guid":{"rendered":"https:\/\/www.europesays.com\/pt\/102122\/"},"modified":"2025-10-08T14:05:11","modified_gmt":"2025-10-08T14:05:11","slug":"barcos-de-nova-flotilha-para-gaza-intercetados-por-israel-em-aguas-internacionais","status":"publish","type":"post","link":"https:\/\/www.europesays.com\/pt\/102122\/","title":{"rendered":"Barcos de nova flotilha para Gaza intercetados por Israel em \u00e1guas internacionais"},"content":{"rendered":"<p>Atrav\u00e9s das redes sociais, a flotilha indicou que, \u00e0s 3.38 horas (hor\u00e1rio de Portugal continental), oito navios militares israelitas cercaram os navios em \u00e1guas internacionais e que pelo menos dois foram intercetados, sendo que, por volta das 4 horas, tamb\u00e9m o veleiro Milad foi atacado e intercetado.<\/p>\n<p data-remotead-prev-elm=\"true\" data-remotead-elm-id=\"inread\">&#8220;O ex\u00e9rcito israelita n\u00e3o tem jurisdi\u00e7\u00e3o legal em \u00e1guas internacionais. A nossa flotilha n\u00e3o representa qualquer amea\u00e7a. Estamos a transportar ajuda vital no valor de mais de 110 mil d\u00f3lares [cerca de 94 mil euros] em medicamentos, equipamento respirat\u00f3rio e suplementos nutricionais para os hospitais de Gaza&#8221;, referiu a iniciativa.<\/p>\n<p>A flotilha, com uma tripula\u00e7\u00e3o de cerca de 140 pessoas, j\u00e1 esperava que os navios fossem intercetados no Mediterr\u00e2neo, tal como aconteceu com a flotilha Global Sumud, que zarpou quase um m\u00eas antes da Freedom Flotilla.<\/p>\n<p data-remotead-prev-elm=\"true\" data-remotead-elm-id=\"centro1\">A miss\u00e3o constitui uma nova tentativa de quebrar o cerco israelita a Gaza e criar um corredor humanit\u00e1rio para o enclave palestiniano.<\/p>\n<p>Entretanto, o Minist\u00e9rio dos Neg\u00f3cios Estrangeiros israelita condenou nas redes sociais a &#8220;tentativa f\u00fatil&#8221; de &#8220;penetrar numa zona de combate&#8221;, indicando que &#8220;os navios e os passageiros foram transferidos para um porto israelita&#8221; e &#8220;devem ser rapidamente expulsos&#8221;.<\/p>\n","protected":false},"excerpt":{"rendered":"Atrav\u00e9s das redes sociais, a flotilha indicou que, \u00e0s 3.38 horas (hor\u00e1rio de Portugal continental), oito navios militares&hellip;\n","protected":false},"author":2,"featured_media":102123,"comment_status":"","ping_status":"","sticky":false,"template":"","format":"standard","meta":{"footnotes":""},"categories":[8],"tags":[27,28,311,15,16,20299,14,25,26,21,22,62,12,13,19,20,32,23,24,33,17,18,29,30,31],"class_list":{"0":"post-102122","1":"post","2":"type-post","3":"status-publish","4":"format-standard","5":"has-post-thumbnail","7":"category-principais-noticias","8":"tag-breaking-news","9":"tag-breakingnews","10":"tag-conflito-israelo-palestiniano","11":"tag-featured-news","12":"tag-featurednews","13":"tag-flotilha-humanitaria","14":"tag-headlines","15":"tag-latest-news","16":"tag-latestnews","17":"tag-main-news","18":"tag-mainnews","19":"tag-mundo","20":"tag-news","21":"tag-noticias","22":"tag-noticias-principais","23":"tag-noticiasprincipais","24":"tag-portugal","25":"tag-principais-noticias","26":"tag-principaisnoticias","27":"tag-pt","28":"tag-top-stories","29":"tag-topstories","30":"tag-ultimas","31":"tag-ultimas-noticias","32":"tag-ultimasnoticias"},"share_on_mastodon":{"url":"","error":""},"_links":{"self":[{"href":"https:\/\/www.europesays.com\/pt\/wp-json\/wp\/v2\/posts\/102122","targetHints":{"allow":["GET"]}}],"collection":[{"href":"https:\/\/www.europesays.com\/pt\/wp-json\/wp\/v2\/posts"}],"about":[{"href":"https:\/\/www.europesays.com\/pt\/wp-json\/wp\/v2\/types\/post"}],"author":[{"embeddable":true,"href":"https:\/\/www.europesays.com\/pt\/wp-json\/wp\/v2\/users\/2"}],"replies":[{"embeddable":true,"href":"https:\/\/www.europesays.com\/pt\/wp-json\/wp\/v2\/comments?post=102122"}],"version-history":[{"count":0,"href":"https:\/\/www.europesays.com\/pt\/wp-json\/wp\/v2\/posts\/102122\/revisions"}],"wp:featuredmedia":[{"embeddable":true,"href":"https:\/\/www.europesays.com\/pt\/wp-json\/wp\/v2\/media\/102123"}],"wp:attachment":[{"href":"https:\/\/www.europesays.com\/pt\/wp-json\/wp\/v2\/media?parent=102122"}],"wp:term":[{"taxonomy":"category","embeddable":true,"href":"https:\/\/www.europesays.com\/pt\/wp-json\/wp\/v2\/categories?post=102122"},{"taxonomy":"post_tag","embeddable":true,"href":"https:\/\/www.europesays.com\/pt\/wp-json\/wp\/v2\/tags?post=102122"}],"curies":[{"name":"wp","href":"https:\/\/api.w.org\/{rel}","templated":true}]}}