{"id":102132,"date":"2025-10-08T14:14:18","date_gmt":"2025-10-08T14:14:18","guid":{"rendered":"https:\/\/www.europesays.com\/pt\/102132\/"},"modified":"2025-10-08T14:14:18","modified_gmt":"2025-10-08T14:14:18","slug":"e-verdade-isto-aconteceu-joana-diniz-faz-mudanca-radical-de-visual-e-deixa-explicacao","status":"publish","type":"post","link":"https:\/\/www.europesays.com\/pt\/102132\/","title":{"rendered":"&#8220;\u00c9 verdade, isto aconteceu&#8221;. Joana Diniz faz mudan\u00e7a radical de visual e deixa &#8216;explica\u00e7\u00e3o&#8217;"},"content":{"rendered":"<p>Joana Diniz decidiu renovar o seu visual e na tarde desta ter\u00e7a-feira, 7 de outubro, pediu a uma das suas colaboradoras para lhe fazer um corte de cabelo radical, depois de um dia de trabalho no seu sal\u00e3o.<\/p>\n<p>Atrav\u00e9s dos Stories da sua conta de Instagram, a tamb\u00e9m ex-concorrente de reality shows\u00a0come\u00e7ou por partilhar algumas imagens de fios de cabelo no ch\u00e3o, mostrando depois todos os \u2018passos\u2019 at\u00e9 ao resultado final.<\/p>\n<p>J\u00e1 dentro do carro, Joana Diniz deu conta do seu novo \u2018eu\u2019 e explicou o porqu\u00ea desta mudan\u00e7a: <strong>\u201c\u00c9 verdade, isto aconteceu. J\u00e1 estava a precisar muito de uma mudan\u00e7a a n\u00edvel visual\u201d<\/strong>, come\u00e7ou por dizer.<\/p>\n<p>A hairstylist revelou depois que se sente \u201cpoderosa\u201d com cabelo comprido destacando que, ainda assim, decidiu cort\u00e1-lo: <strong>\u201cH\u00e1 sempre aquelas pessoas que mudam a cor de cabelo, a cor do meu cabelo \u00e9 imposs\u00edvel de ser mudada porque \u00e9 a minha identidade o cabelo preto. O cabelo extremamente comprido tamb\u00e9m \u00e9 a minha imagem de marca porque quem me conhece sabe que \u00e9 no cabelo comprido que me eu sinto poderosa, que eu me sinto um mulher\u00e3o, um canh\u00e3o, mas confesso que acho que j\u00e1 me sinto t\u00e3o grande comigo mesma que um cabelo leve podia fazer alguma diferen\u00e7a\u201d<\/strong>, referiu.<\/p>\n<p>Veja abaixo:<\/p>\n<blockquote class=\"instagram-media\" style=\"background: #FFF; border: 0; border-radius: 3px; box-shadow: 0 0 1px 0 rgba(0,0,0,0.5),0 1px 10px 0 rgba(0,0,0,0.15); margin: 1px; max-width: 540px; min-width: 326px; padding: 0; width: calc(100% - 2px);\" data-instgrm-captioned=\"\" data-instgrm-permalink=\"https:\/\/www.instagram.com\/p\/DPhGRFHgvJM\/?utm_source=ig_embed&amp;utm_campaign=loading\" data-instgrm-version=\"14\">\n<\/blockquote>\n<p>\t\t\t\t\t\t\t\t\t\t\t\t\t\t\t\t\t\t\t\t\t\t\t\t\t\t\t<script async src=\"\/\/www.instagram.com\/embed.js\"><\/script><\/p>\n","protected":false},"excerpt":{"rendered":"Joana Diniz decidiu renovar o seu visual e na tarde desta ter\u00e7a-feira, 7 de outubro, pediu a uma&hellip;\n","protected":false},"author":2,"featured_media":102133,"comment_status":"","ping_status":"","sticky":false,"template":"","format":"standard","meta":{"footnotes":""},"categories":[85],"tags":[6041,114,115,3213,24819,32,33],"class_list":{"0":"post-102132","1":"post","2":"type-post","3":"status-publish","4":"format-standard","5":"has-post-thumbnail","7":"category-entretenimento","8":"tag-cabelo","9":"tag-entertainment","10":"tag-entretenimento","11":"tag-joana-diniz","12":"tag-mudanu00e7a-de-visual","13":"tag-portugal","14":"tag-pt"},"share_on_mastodon":{"url":"","error":""},"_links":{"self":[{"href":"https:\/\/www.europesays.com\/pt\/wp-json\/wp\/v2\/posts\/102132","targetHints":{"allow":["GET"]}}],"collection":[{"href":"https:\/\/www.europesays.com\/pt\/wp-json\/wp\/v2\/posts"}],"about":[{"href":"https:\/\/www.europesays.com\/pt\/wp-json\/wp\/v2\/types\/post"}],"author":[{"embeddable":true,"href":"https:\/\/www.europesays.com\/pt\/wp-json\/wp\/v2\/users\/2"}],"replies":[{"embeddable":true,"href":"https:\/\/www.europesays.com\/pt\/wp-json\/wp\/v2\/comments?post=102132"}],"version-history":[{"count":0,"href":"https:\/\/www.europesays.com\/pt\/wp-json\/wp\/v2\/posts\/102132\/revisions"}],"wp:featuredmedia":[{"embeddable":true,"href":"https:\/\/www.europesays.com\/pt\/wp-json\/wp\/v2\/media\/102133"}],"wp:attachment":[{"href":"https:\/\/www.europesays.com\/pt\/wp-json\/wp\/v2\/media?parent=102132"}],"wp:term":[{"taxonomy":"category","embeddable":true,"href":"https:\/\/www.europesays.com\/pt\/wp-json\/wp\/v2\/categories?post=102132"},{"taxonomy":"post_tag","embeddable":true,"href":"https:\/\/www.europesays.com\/pt\/wp-json\/wp\/v2\/tags?post=102132"}],"curies":[{"name":"wp","href":"https:\/\/api.w.org\/{rel}","templated":true}]}}