{"id":102213,"date":"2025-10-08T15:16:24","date_gmt":"2025-10-08T15:16:24","guid":{"rendered":"https:\/\/www.europesays.com\/pt\/102213\/"},"modified":"2025-10-08T15:16:24","modified_gmt":"2025-10-08T15:16:24","slug":"a-peca-tendencia-deste-outono-ja-chegou-ao-armario-de-cristina-ferreira-e-a-hm","status":"publish","type":"post","link":"https:\/\/www.europesays.com\/pt\/102213\/","title":{"rendered":"A pe\u00e7a tend\u00eancia deste outono j\u00e1 chegou ao arm\u00e1rio de Cristina Ferreira (e \u00e0 H&#038;M)"},"content":{"rendered":"<p>Agora que o outono chegou, come\u00e7amos a <a href=\"https:\/\/versa.iol.pt\/kiabi\/casacos\/rival-da-primark-segue-nao-uma-mas-tres-tendencias-de-outono-com-estes-casacos\/20251005\/68df916fd34e58bc67967a0f\" rel=\"nofollow noopener\" target=\"_blank\">tirar do guarda-roupa as pe\u00e7as que mais associamos \u00e0 esta\u00e7\u00e3o<\/a>. Com o tempo finalmente a ficar mais fresco e digno do outono, apetece-nos mudar, trocar os tecidos leves e as cores vibrantes do ver\u00e3o por tons mais neutros e profundos.<\/p>\n<p>Castanhos, bord\u00f4, azul-marinho e verde-escuro voltam a dominar, e este ano h\u00e1 ainda mais raz\u00f5es para apostar neles: 2025 \u00e9 o ano do <a href=\"https:\/\/versa.iol.pt\/beleza\/unhas\/quando-fizeres-unhas-de-gel-pede-esta-cor-tendencia\/20250114\/6786703cd34ea1acf272daf0\" rel=\"nofollow noopener\" target=\"_blank\">Mocha Mousse, a cor eleita pela Pantone<\/a>, que tem servido de base a <a href=\"https:\/\/versa.iol.pt\/moda\/tenis\/descobrimos-os-tenis-do-ano-mas-ainda-sao-um-segredo-bem-guardado\/20250425\/680a1f33d34ef72ee44527a7\" rel=\"nofollow noopener\" target=\"_blank\">muitas das tend\u00eancias do momento<\/a>.<\/p>\n<p>E parece que n\u00e3o somos os \u00fanicos a entrar no mood outonal. <a href=\"https:\/\/versa.iol.pt\/sabrinas\/cristina-ferreira\/cristina-ferreira-mostra-o-calcado-que-vai-rivalizar-com-as-botas-este-outono\/20250926\/68d6a83cd34e58bc67963a56\" rel=\"nofollow noopener\" target=\"_blank\">Cristina Ferreira<\/a> j\u00e1 come\u00e7ou a usar as suas pe\u00e7as mais neutras e com ar de outono, como o conjunto em bombazine que partilhou recentemente no Instagram. Da sua marca, Spaccio by Cristina, o look \u00e9 composto por um colete castanho de manga curta (\u20ac99,95) e uma saia de bal\u00e3o a combinar (\u20ac69,95).<\/p>\n<p>Apesar de o conjunto ser composto por pe\u00e7as curtas, \u00e9 surpreendentemente vers\u00e1til. Pode ser usado como Cristina o mostrou, sem nada por baixo, ideal para os dias mais amenos, ou conjugado com uma camisa branca, uma camisola de manga comprida por baixo ou at\u00e9 com cal\u00e7as de ganga.<\/p>\n<p>Inspirados pelo colete castanho da apresentadora, reunimos na galeria v\u00e1rias op\u00e7\u00f5es semelhantes, da H&amp;M \u00e0 Pull &amp; Bear, que captam o esp\u00edrito da esta\u00e7\u00e3o. Pe\u00e7as <a href=\"https:\/\/versa.iol.pt\/zara\/outono\/estas-novas-socas-da-zara-sao-o-must-have-de-outono\/20251004\/68dd03d4d34ee0c2fed0bf2c\" rel=\"nofollow noopener\" target=\"_blank\">neutras, vers\u00e1teis e perfeitas para dar as boas-vindas ao outono<\/a>.<\/p>\n","protected":false},"excerpt":{"rendered":"Agora que o outono chegou, come\u00e7amos a tirar do guarda-roupa as pe\u00e7as que mais associamos \u00e0 esta\u00e7\u00e3o. Com&hellip;\n","protected":false},"author":2,"featured_media":102214,"comment_status":"","ping_status":"","sticky":false,"template":"","format":"standard","meta":{"footnotes":""},"categories":[85],"tags":[1081,166,204,114,115,754,1369,186,1079,7562,32,33,2351,1078,1080],"class_list":{"0":"post-102213","1":"post","2":"type-post","3":"status-publish","4":"format-standard","5":"has-post-thumbnail","7":"category-entretenimento","8":"tag-beleza","9":"tag-cristina-ferreira","10":"tag-design","11":"tag-entertainment","12":"tag-entretenimento","13":"tag-gastronomia","14":"tag-hm","15":"tag-lifestyle","16":"tag-moda","17":"tag-outono","18":"tag-portugal","19":"tag-pt","20":"tag-tendencias","21":"tag-versa","22":"tag-viagens"},"share_on_mastodon":{"url":"","error":""},"_links":{"self":[{"href":"https:\/\/www.europesays.com\/pt\/wp-json\/wp\/v2\/posts\/102213","targetHints":{"allow":["GET"]}}],"collection":[{"href":"https:\/\/www.europesays.com\/pt\/wp-json\/wp\/v2\/posts"}],"about":[{"href":"https:\/\/www.europesays.com\/pt\/wp-json\/wp\/v2\/types\/post"}],"author":[{"embeddable":true,"href":"https:\/\/www.europesays.com\/pt\/wp-json\/wp\/v2\/users\/2"}],"replies":[{"embeddable":true,"href":"https:\/\/www.europesays.com\/pt\/wp-json\/wp\/v2\/comments?post=102213"}],"version-history":[{"count":0,"href":"https:\/\/www.europesays.com\/pt\/wp-json\/wp\/v2\/posts\/102213\/revisions"}],"wp:featuredmedia":[{"embeddable":true,"href":"https:\/\/www.europesays.com\/pt\/wp-json\/wp\/v2\/media\/102214"}],"wp:attachment":[{"href":"https:\/\/www.europesays.com\/pt\/wp-json\/wp\/v2\/media?parent=102213"}],"wp:term":[{"taxonomy":"category","embeddable":true,"href":"https:\/\/www.europesays.com\/pt\/wp-json\/wp\/v2\/categories?post=102213"},{"taxonomy":"post_tag","embeddable":true,"href":"https:\/\/www.europesays.com\/pt\/wp-json\/wp\/v2\/tags?post=102213"}],"curies":[{"name":"wp","href":"https:\/\/api.w.org\/{rel}","templated":true}]}}