{"id":102219,"date":"2025-10-08T15:20:39","date_gmt":"2025-10-08T15:20:39","guid":{"rendered":"https:\/\/www.europesays.com\/pt\/102219\/"},"modified":"2025-10-08T15:20:39","modified_gmt":"2025-10-08T15:20:39","slug":"mendes-pertence-a-oligarquia-perigosa-observador","status":"publish","type":"post","link":"https:\/\/www.europesays.com\/pt\/102219\/","title":{"rendered":"Mendes pertence a &#8220;oligarquia perigosa&#8221; \u2013 Observador"},"content":{"rendered":"<p>O candidato a Bel\u00e9m Gouveia e Melo criticou esta ter\u00e7a-feira a exist\u00eancia de uma <strong>\u201coligarquia perigosa\u201d composta por uma \u201ccasta pol\u00edtica que \u00e9 dona da democracia\u201d<\/strong> e cujo candidato presidencial Lu\u00eds Marques Mendes \u00e9 \u201co baston\u00e1rio\u201d.<\/p>\n<p>Fazendo um balan\u00e7o da sua visita ao Rio de Janeiro e a S\u00e3o Paulo, o candidato presidencial disse \u00e0 Lusa que a sua candidatura provoca \u201crea\u00e7\u00f5es estranhas e verdadeiramente antidemocr\u00e1ticas\u201d atrav\u00e9s de cr\u00edticas pelo facto de ter tido uma carreira militar e de ser independente e de n\u00e3o ter tido uma carreira pol\u00edtica.<\/p>\n<p>De acordo com Gouveia e Melo, as cr\u00edticas \u00e0 sua campanha t\u00eam-se centrado nestes temas, que considera demag\u00f3gicos.<\/p>\n<p>\u201cUm dos temas \u00e9 que eu, como militar, <strong>n\u00e3o devia estar na pol\u00edtica<\/strong>\u201c, disse.<\/p>\n<p>O outro, al\u00e9m da prepara\u00e7\u00e3o pol\u00edtica, \u00e9 de que supostamente vai fazer \u201ca transla\u00e7\u00e3o de coisas m\u00e1s que existem dos militares para a pol\u00edtica\u201d.<\/p>\n<p>\u201c\u00c9 desinforma\u00e7\u00e3o, \u00e9 propagar a desinforma\u00e7\u00e3o, propagar uma ideia e um medo que n\u00e3o existe, principalmente militares que foram criados j\u00e1 no processo democr\u00e1tico com juramento \u00e0 pr\u00f3pria Constitui\u00e7\u00e3o\u201d, frisou, considerando que tais argumentos significam \u201ca exist\u00eancia de uma casta pol\u00edtica que \u00e9 dona da democracia\u201d.<\/p>\n<p>\u201cUma casta pol\u00edtica que \u00e9 dona da democracia n\u00e3o \u00e9 democracia, \u00e9 uma oligarquia. E essa oligarquia \u00e9 uma oligarquia perigosa, \u00e9 uma oligarquia que tomou conta do sistema e se est\u00e1 a transformar\u201d numa \u201coligarquia de compadrio que \u201ccome\u00e7a a defender os interesses de pequenos grupos\u201d, denunciou Gouveia e Melo.<\/p>\n<p><b>[<\/b><b>H\u00e1 um novo candidato a Bel\u00e9m. Soares fica em choque com o an\u00fancio do amigo que considera irm\u00e3o. Freitas elege Zenha como principal advers\u00e1rio<\/b>.<b>\u00a0<\/b><b>A\u00a0<a href=\"https:\/\/observador.pt\/programas\/a-eleio-mais-louca-de-sempre\/episodio-2-uma-traicao-inesperada\/\" rel=\"nofollow noopener\" target=\"_blank\">\u201cElei\u00e7\u00e3o Mais Louca de Sempre\u201d<\/a>\u00a0\u00e9 o novo Podcast Plus do Observador sobre as Presidenciais de 1986. Uma s\u00e9rie narrada pelo ator Gon\u00e7alo Waddington, com banda sonora original de Samuel \u00daria. Pode ouvir\u00a0<a href=\"https:\/\/observador.pt\/programas\/a-eleio-mais-louca-de-sempre\/episodio-2-uma-traicao-inesperada\/\" rel=\"nofollow noopener\" target=\"_blank\">aqui<\/a>, no<\/b><b>\u00a0Observador<\/b><b>, e tamb\u00e9m na\u00a0<\/b><a href=\"https:\/\/podcasts.apple.com\/pt\/podcast\/epis%C3%B3dio-2-uma-trai%C3%A7%C3%A3o-inesperada\/id1841273464?i=1000730472608\" rel=\"nofollow noopener\" target=\"_blank\"><b>Apple Podcasts<\/b><\/a><b>, no\u00a0<\/b><a href=\"https:\/\/open.spotify.com\/episode\/5l0pvWqUeYvacXEQiA4mXP?si=5add75ae255a42c1\" rel=\"nofollow noopener\" target=\"_blank\"><b>Spotify<\/b><\/a><b>\u00a0e no\u00a0<\/b><a href=\"https:\/\/music.youtube.com\/watch?v=BLnES6MoViY&amp;si=OzNSgj-0hTibGgN3\" rel=\"nofollow noopener\" target=\"_blank\"><b>Youtube Music<\/b><\/a><b>. E pode ouvir o primeiro epis\u00f3dio\u00a0<a href=\"https:\/\/observador.pt\/programas\/a-eleio-mais-louca-de-sempre\/estreia-a-eleicao-mais-louca-de-sempre-episodio-1-apostamos-no-cavalo-errado\/\" rel=\"nofollow noopener\" target=\"_blank\">aqui<\/a>.]<\/b><\/p>\n<p><a href=\"https:\/\/observador.pt\/programas\/a-eleio-mais-louca-de-sempre\/episodio-2-uma-traicao-inesperada\/\" rel=\"nofollow noopener\" target=\"_blank\"><\/p>\n<p>        <img src=\"https:\/\/www.europesays.com\/pt\/wp-content\/uploads\/2025\/10\/fundov1-a-eleicao-mais-louca-de-sempre.jpg\" alt=\"\" loading=\"lazy\" decoding=\"async\" class=\"alignnone\" onload=\"this.parentElement.classList.remove('spinner')\" onerror=\"this.parentElement.classList.remove('spinner')\" width=\"1440\" height=\"810\"\/>    <\/p>\n<p><\/a><\/p>\n<p>Na sua opini\u00e3o, pelo facto e ser independente, moderado, do centro e que ambiciona fortalecer a democracia, devia ser acolhido \u201cpelo sistema democr\u00e1tico\u201d e n\u00e3o considerado \u201cuma amea\u00e7a \u00e0s oligarquias\u201d.<\/p>\n<p>\u201cE o que eu vejo \u00e9 que h\u00e1 uma oligarquia que, pelos vestidos na brincadeira, \u00e9 constitu\u00edda em ordem. H\u00e1 uma ordem e que eu tenho que ir \u00e0 ordem fazer um exame se posso ou n\u00e3o ser pol\u00edtico\u201d, disse.<\/p>\n<p>O candidato presidencial deixou ainda <strong>cr\u00edticas a Lu\u00eds Marques Mendes<\/strong>, um dos seus advers\u00e1rios nas elei\u00e7\u00f5es.<\/p>\n<p>\u201cCertamente, o baston\u00e1rio dessa ordem deve ser o doutor Marques Mendes que \u00e9 a pessoa que mais fala sobre o exame na barra da ordem para passar a ser pol\u00edtico\u201d, criticou, considerando que tal postura demonstra \u201cuma falta de esp\u00edrito verdadeiramente democr\u00e1tico de tentar condicionar as pessoas, n\u00e3o com propostas, mas com ideias verdadeiramente populistas no sentido em que s\u00e3o demag\u00f3gicas, n\u00e3o correspondem \u00e0 verdade e jogam com os medos das pessoas\u201d.<\/p>\n<p>Gouveia e Melo vai ter como principiais advers\u00e1rios nas elei\u00e7\u00f5es presidenciais de janeiro de 2026 o ex-l\u00edder do PSD Lu\u00eds Marques Mendes, o presidente do Chega, Andr\u00e9 Ventura, o eurodeputado da IL Jo\u00e3o Cotrim de Figueiredo, o ex-l\u00edder socialista Ant\u00f3nio Jos\u00e9 Seguro, o hist\u00f3rico deputado comunista Ant\u00f3nio Filipe e a anterior coordenadora nacional do BE Catarina Martins.<\/p>\n<p>Henrique Gouveia e Melo iniciou a sua agenda no Brasil no s\u00e1bado, no Rio de Janeiro, com uma visita ao Mercado Municipal, seguida de uma visita ao Clube de Regatas Vasco da Gama, no Est\u00e1dio de S\u00e3o Janu\u00e1rio. \u00c0 noite, participou no jantar comemorativo dos 114 anos da C\u00e2mara Portuguesa de Com\u00e9rcio e Ind\u00fastria do Rio de Janeiro.<\/p>\n<p>Ainda no Rio de Janeiro, no domingo, visitou o Real Gabinete Portugu\u00eas de Leitura e, mais tarde, participou num encontro com a comunidade portuguesa, no Audit\u00f3rio do Porto Maravalley.<\/p>\n<p>A agenda prosseguiu em S\u00e3o Paulo, na segunda-feira, com uma visita \u00e0 Escola Estadual Caetano Campos e, \u00e0 noite, com um encontro com a comunidade portuguesa, na Casa de Portugal.<\/p>\n<p>                            Se tiver uma hist\u00f3ria que queira partilhar sobre irregularidades na sua autarquia, preencha<br \/>\n                            <a href=\"https:\/\/forms.gle\/uQ1gDpSwmRd7ezUf8\" target=\"_blank\" rel=\"noopener noreferrer nofollow\">este formul\u00e1rio an\u00f3nimo<\/a>.<\/p>\n","protected":false},"excerpt":{"rendered":"O candidato a Bel\u00e9m Gouveia e Melo criticou esta ter\u00e7a-feira a exist\u00eancia de uma \u201coligarquia perigosa\u201d composta por&hellip;\n","protected":false},"author":2,"featured_media":102220,"comment_status":"","ping_status":"","sticky":false,"template":"","format":"standard","meta":{"footnotes":""},"categories":[10],"tags":[7605,27,28,13457,1077,15,16,14,25,26,7604,21,22,12,13,19,20,57,302,32,1076,23,24,33,58,17,18,29,30,31],"class_list":{"0":"post-102219","1":"post","2":"type-post","3":"status-publish","4":"format-standard","5":"has-post-thumbnail","7":"category-portugal","8":"tag-almirante-gouveia-e-melo","9":"tag-breaking-news","10":"tag-breakingnews","11":"tag-democracia","12":"tag-eleiu00e7u00f5es","13":"tag-featured-news","14":"tag-featurednews","15":"tag-headlines","16":"tag-latest-news","17":"tag-latestnews","18":"tag-luu00eds-marques-mendes","19":"tag-main-news","20":"tag-mainnews","21":"tag-news","22":"tag-noticias","23":"tag-noticias-principais","24":"tag-noticiasprincipais","25":"tag-pau00eds","26":"tag-polu00edtica","27":"tag-portugal","28":"tag-presidenciais-2026","29":"tag-principais-noticias","30":"tag-principaisnoticias","31":"tag-pt","32":"tag-sociedade","33":"tag-top-stories","34":"tag-topstories","35":"tag-ultimas","36":"tag-ultimas-noticias","37":"tag-ultimasnoticias"},"share_on_mastodon":{"url":"","error":""},"_links":{"self":[{"href":"https:\/\/www.europesays.com\/pt\/wp-json\/wp\/v2\/posts\/102219","targetHints":{"allow":["GET"]}}],"collection":[{"href":"https:\/\/www.europesays.com\/pt\/wp-json\/wp\/v2\/posts"}],"about":[{"href":"https:\/\/www.europesays.com\/pt\/wp-json\/wp\/v2\/types\/post"}],"author":[{"embeddable":true,"href":"https:\/\/www.europesays.com\/pt\/wp-json\/wp\/v2\/users\/2"}],"replies":[{"embeddable":true,"href":"https:\/\/www.europesays.com\/pt\/wp-json\/wp\/v2\/comments?post=102219"}],"version-history":[{"count":0,"href":"https:\/\/www.europesays.com\/pt\/wp-json\/wp\/v2\/posts\/102219\/revisions"}],"wp:featuredmedia":[{"embeddable":true,"href":"https:\/\/www.europesays.com\/pt\/wp-json\/wp\/v2\/media\/102220"}],"wp:attachment":[{"href":"https:\/\/www.europesays.com\/pt\/wp-json\/wp\/v2\/media?parent=102219"}],"wp:term":[{"taxonomy":"category","embeddable":true,"href":"https:\/\/www.europesays.com\/pt\/wp-json\/wp\/v2\/categories?post=102219"},{"taxonomy":"post_tag","embeddable":true,"href":"https:\/\/www.europesays.com\/pt\/wp-json\/wp\/v2\/tags?post=102219"}],"curies":[{"name":"wp","href":"https:\/\/api.w.org\/{rel}","templated":true}]}}