{"id":10222,"date":"2025-07-31T14:34:14","date_gmt":"2025-07-31T14:34:14","guid":{"rendered":"https:\/\/www.europesays.com\/pt\/10222\/"},"modified":"2025-07-31T14:34:14","modified_gmt":"2025-07-31T14:34:14","slug":"sergio-godinho-homenageado-na-feira-do-livro-do-porto","status":"publish","type":"post","link":"https:\/\/www.europesays.com\/pt\/10222\/","title":{"rendered":"S\u00e9rgio Godinho homenageado na Feira do Livro do Porto"},"content":{"rendered":"<p>A edi\u00e7\u00e3o de 2025 da Feira do Livro do Porto vai ser palco de um concerto de <strong>S\u00e9rgio Godinho<\/strong>, que \u00e9 tamb\u00e9m o autor homenageado este ano e que vai apresentar o seu novo livro &#8220;Como se n\u00e3o houvesse amanh\u00e3&#8221;, editado pela Quetzal. O espet\u00e1culo acontece no dia 30 de agosto.<\/p>\n<p>B Fachada, Luca Argel, Manel Cruz, Tr\u00eas Tristes Tigres, NAPA e Tom\u00e1s Wallenstein s\u00e3o alguns dos nomes que v\u00e3o protagonizar <strong>outros momentos musicais<\/strong> entre 22 de agosto e 7 de setembro.<\/p>\n<p>Nos jardins do Pal\u00e1cio do Cristal, haver\u00e1 ainda ciclos de poesia, leituras encenadas e conversas onde se destacam nomes como os de<strong> Jo\u00e3o Lu\u00eds Barreto Guimar\u00e3es, Joana Gama, L\u00eddia Jorge, Ant\u00f3nio Brito Guterres e S\u00e9rgio Almeida<\/strong>, numa edi\u00e7\u00e3o que quis tamb\u00e9m refor\u00e7ar as atividades infantojuvenis.<\/p>\n<p>Entre as iniciativas contam-se <strong>as apresenta\u00e7\u00f5es de livros <\/strong>como &#8220;Opini\u00e3o P\u00fablica e Propaganda &#8211; Os princ\u00edpios da comunica\u00e7\u00e3o segundo Ivy Lee&#8221;, do antigo chefe de gabinete de Rui Moreira, Vasco Ribeiro. A 3 de setembro \u00e9 a vez de &#8220;Ambi\u00e7\u00e3o: Impostos Mais Simples, Melhor Economia&#8221;, de \u00c1lvaro Beleza e Carlos Francisco Alves. E a 7 de setembro ter\u00e1 palco &#8220;A \u00daltima Li\u00e7\u00e3o de Jos\u00e9 Gil&#8221;, de Marta Pais Oliveira.<\/p>\n<p>Jo\u00e3o Gesta, respons\u00e1vel pela programa\u00e7\u00e3o, elogiou que a Feira do Livro do Porto seja hoje uma iniciativa &#8220;aberta \u00e0 participa\u00e7\u00e3o de todos aqueles que dedicam ao livro e \u00e0 palavra&#8221; e considerou que foi constru\u00eddo &#8220;<strong>um festival liter\u00e1rio contagiant<\/strong>e, assente numa programa\u00e7\u00e3o rica e vibrante, contando com a cumplicidade e o gesto exato e certeiro de centenas de sonhadores espacializados&#8221;.<\/p>\n<p>Para o autarca <strong>Rui Moreira<\/strong>, \u00e9 &#8220;reconfortante&#8221; ver como evoluiu o modelo adotado em 2014 e que conseguiu &#8220;um bom equil\u00edbrio entre a componente promocional e comercial do livro e a sua componente disruptiva&#8221;.<\/p>\n<p>&#8220;Se me \u00e9 permitida uma nota pessoal, dou por encerrada a minha interven\u00e7\u00e3o na Feira do Livro da melhor maneira. Concluo o meu ciclo de poder aut\u00e1rquico com a feira perfeitamente enraizada na vida da cidade e com a homenagem a um autor que muito admiro&#8221;, partilhou.<\/p>\n<p>Numa refer\u00eancia ao local onde se realiza a Feira do Livro do Porto e \u00e0 iniciativa de dar o nome de cada autor homenageado anualmente a uma t\u00edlia, Francisco Jos\u00e9 Viegas, comiss\u00e1rio da homenagem a S\u00e9rgio Godinho e editor da Quetzal, afirmou acreditar que &#8220;<strong>nenhuma outra cidade ama assim as suas \u00e1rvores<\/strong> e nenhuma lhe junta tantos livros&#8221;.<\/p>\n<p>\u00c0 margem do evento, S\u00e9rgio Godinho partilhou que esta \u00e9 <strong>uma homenagem que &#8220;significa muito&#8221;<\/strong> para si enquanto portuense e mostrou-se feliz por &#8220;voltar a habitar com m\u00fasica&#8221; os jardins do Pal\u00e1cio de Cristal, que diz t\u00e3o bem conhecer.<\/p>\n<p>\u201cSensa\u00e7\u00e3o de dever cumprido\u201d em final de mandato<\/p>\n<p>A programa\u00e7\u00e3o da Feira do Livro foi apresentada esta quarta-feira pelo presidente da C\u00e2mara do Porto, Rui Moreira, que no seu \u00faltimo mandato disse sair com a<strong> &#8220;sensa\u00e7\u00e3o de dever cumprido&#8221;<\/strong> na \u00e1rea da cultura.<\/p>\n<p>&#8220;Fica uma sensa\u00e7\u00e3o nesta mat\u00e9ria, em particular da cultura, de dever cumprido. E neste caso da Feira do Livro, eu diria um dever improv\u00e1vel, porque, como sabem, quando c\u00e1 cheg\u00e1mos n\u00e3o havia Feira do Livro&#8221;, declarou \u00e0 margem do evento Rui Moreira, que relembrou o &#8220;problema complicad\u00edssimo&#8221; com a APEL (Associa\u00e7\u00e3o Portuguesa de Editores e Livreiros).<\/p>\n<p>O atual executivo camar\u00e1rio, em fun\u00e7\u00f5es desde 2013, assumiu a organiza\u00e7\u00e3o da Feira do Livro do Porto em 2014, devido a um diferendo com a APEL quanto aos custos da iniciativa, levando \u00e0 cria\u00e7\u00e3o do modelo que se mant\u00e9m at\u00e9 hoje.<\/p>\n<p>O autarca relembrou que muitas pessoas &#8220;achavam que n\u00e3o era poss\u00edvel&#8221; uma organiza\u00e7\u00e3o camar\u00e1ria deste evento: &#8220;Foi dif\u00edcil no princ\u00edpio, foi uma aposta, mas eu acho que foi uma aposta ganha&#8221;.<\/p>\n","protected":false},"excerpt":{"rendered":"A edi\u00e7\u00e3o de 2025 da Feira do Livro do Porto vai ser palco de um concerto de S\u00e9rgio&hellip;\n","protected":false},"author":2,"featured_media":10223,"comment_status":"","ping_status":"","sticky":false,"template":"","format":"standard","meta":{"footnotes":""},"categories":[143],"tags":[169,114,115,170,32,33],"class_list":{"0":"post-10222","1":"post","2":"type-post","3":"status-publish","4":"format-standard","5":"has-post-thumbnail","7":"category-livros","8":"tag-books","9":"tag-entertainment","10":"tag-entretenimento","11":"tag-livros","12":"tag-portugal","13":"tag-pt"},"share_on_mastodon":{"url":"","error":""},"_links":{"self":[{"href":"https:\/\/www.europesays.com\/pt\/wp-json\/wp\/v2\/posts\/10222","targetHints":{"allow":["GET"]}}],"collection":[{"href":"https:\/\/www.europesays.com\/pt\/wp-json\/wp\/v2\/posts"}],"about":[{"href":"https:\/\/www.europesays.com\/pt\/wp-json\/wp\/v2\/types\/post"}],"author":[{"embeddable":true,"href":"https:\/\/www.europesays.com\/pt\/wp-json\/wp\/v2\/users\/2"}],"replies":[{"embeddable":true,"href":"https:\/\/www.europesays.com\/pt\/wp-json\/wp\/v2\/comments?post=10222"}],"version-history":[{"count":0,"href":"https:\/\/www.europesays.com\/pt\/wp-json\/wp\/v2\/posts\/10222\/revisions"}],"wp:featuredmedia":[{"embeddable":true,"href":"https:\/\/www.europesays.com\/pt\/wp-json\/wp\/v2\/media\/10223"}],"wp:attachment":[{"href":"https:\/\/www.europesays.com\/pt\/wp-json\/wp\/v2\/media?parent=10222"}],"wp:term":[{"taxonomy":"category","embeddable":true,"href":"https:\/\/www.europesays.com\/pt\/wp-json\/wp\/v2\/categories?post=10222"},{"taxonomy":"post_tag","embeddable":true,"href":"https:\/\/www.europesays.com\/pt\/wp-json\/wp\/v2\/tags?post=10222"}],"curies":[{"name":"wp","href":"https:\/\/api.w.org\/{rel}","templated":true}]}}