{"id":102221,"date":"2025-10-08T15:23:15","date_gmt":"2025-10-08T15:23:15","guid":{"rendered":"https:\/\/www.europesays.com\/pt\/102221\/"},"modified":"2025-10-08T15:23:15","modified_gmt":"2025-10-08T15:23:15","slug":"billboard-elege-100-maiores-cantores-latinos-com-so-um-brasileiro-na-lista","status":"publish","type":"post","link":"https:\/\/www.europesays.com\/pt\/102221\/","title":{"rendered":"Billboard elege 100 maiores cantores latinos, com s\u00f3 um brasileiro na lista"},"content":{"rendered":"<p dir=\"ltr\">A revista americana <strong><a href=\"https:\/\/www.em.com.br\/cultura\/2025\/06\/7177156-banda-estreia-no-top-10-da-billboard-com-album-lancado-ha-21-anos.html\" target=\"_blank\" rel=\"nofollow noopener\">Billboard<\/a><\/strong> divulgou a lista dos 100 melhores artistas latino-americanos do s\u00e9culo XXI, com base no desempenho dos cantores nas paradas musicais entre 1\u00ba de janeiro de 2000 e 28 de dezembro de 2024. A sele\u00e7\u00e3o leva em conta os resultados obtidos nas tradicionais listas Top Latin Albums e Hot Latin Songs, que classificam os artistas e m\u00fasicas mais populares da m\u00fasica latina. S\u00f3 um artista brasileiro est\u00e1 na lista: o mineiro <strong><a href=\"https:\/\/www.em.com.br\/gerais\/2025\/07\/7188635-funcionaria-e-condenada-a-prisao-por-desviar-s15-milhao-de-alexandre-pires.html\" target=\"_blank\" rel=\"nofollow noopener\">Alexandre Pires<\/a><\/strong>.<\/p>\n<p dir=\"ltr\">O grande destaque do ranking \u00e9 o porto-riquenho\u00a0<strong><a href=\"https:\/\/www.em.com.br\/internacional\/2025\/10\/7263533-bad-bunny-responde-a-criticas-por-participacao-no-super-bowl.html\" target=\"_blank\" rel=\"nofollow noopener\">Bad Bunny<\/a><\/strong>, de 31 anos, coroado como o maior artista latino do s\u00e9culo XXI. O cantor domina as paradas desde que estreou na Billboard em 2016 e, segundo a revista, suas conquistas entre 2000 e 2024 incluem 14 m\u00fasicas em primeiro lugar na Hot Latin Songs e oito \u00e1lbuns n\u00famero 1 na Top Latin Albums.<\/p>\n<p dir=\"ltr\">\u201cO fato de Bad Bunny estar no topo da parada Top Latin Artists of the 21st Century \u00e9 ainda mais impressionante considerando que ele s\u00f3 apareceu na parada da Billboard em 2016\u201d, escreveu a publica\u00e7\u00e3o.<\/p>\n<p dir=\"ltr\">Atualmente, o artista soma 16 m\u00fasicas e nove \u00e1lbuns no topo das paradas, al\u00e9m de um recorde hist\u00f3rico de 89 faixas no top 10 da Hot Latin Songs \u2014 mais que o dobro de nomes lend\u00e1rios como Enrique Iglesias e Luis Miguel, que aparecem empatados com 39 cada um desde o in\u00edcio do ranking, em 1986.<\/p>\n<p dir=\"ltr\">\n<p dir=\"ltr\">Al\u00e9m do dom\u00ednio absoluto nas listas latinas, Bad Bunny tamb\u00e9m foi o artista n\u00famero 1 da Billboard em todas as categorias em 2022, e mant\u00e9m o posto de maior artista latino por cinco anos consecutivos, de 2020 a 2024.<\/p>\n<p>Alexandre Pires \u00e9 o representante brasileiro<\/p>\n<p dir=\"ltr\">Entre os 100 artistas que mais se destacaram na m\u00fasica latina do s\u00e9culo XXI, apenas um \u00e9 brasileiro: Alexandre Pires, de 49 anos, natural de Uberl\u00e2ndia (MG). O cantor ocupa a 81\u00aa posi\u00e7\u00e3o do ranking.<\/p>\n<p dir=\"ltr\">\n<p dir=\"ltr\">Com uma carreira que mistura samba, pagode e m\u00fasica rom\u00e2ntica, Alexandre Pires se consolidou internacionalmente ainda nos anos 2000, especialmente com o sucesso do grupo S\u00f3 Pra Contrariar e sua trajet\u00f3ria solo em espanhol, que o levou \u00e0s paradas latinas dos Estados Unidos e Am\u00e9rica Latina.<\/p>\n<p>Top 3 da m\u00fasica latina<\/p>\n<p dir=\"ltr\">O p\u00f3dio da Billboard \u00e9 completado por Romeo Santos, em segundo lugar, e Daddy Yankee, em terceiro. \u201cCom uma mistura de elementos de R&amp;B e pop, Romeo Santos desencadeou uma onda cultural na comunidade bachata (ritmo musical e dan\u00e7a t\u00edpica da Rep\u00fablica Dominicana) como l\u00edder e vocalista do Aventura\u201d, destacou a revista.<\/p>\n<p dir=\"ltr\"><strong><a href=\"https:\/\/www.whatsapp.com\/channel\/0029Va8e466AO7RPLL06EL2h\" target=\"_blank\" rel=\"nofollow noopener\">Siga nosso canal no WhatsApp e receba not\u00edcias relevantes para o seu dia<\/a><\/strong><\/p>\n<p dir=\"ltr\">Sobre Daddy Yankee, a publica\u00e7\u00e3o relembra seu papel fundamental na populariza\u00e7\u00e3o do reggaeton. \u201cPioneiro na globaliza\u00e7\u00e3o do reggaeton, Daddy Yankee emergiu como uma for\u00e7a din\u00e2mica no in\u00edcio do s\u00e9culo XXI. Sua trajet\u00f3ria na parada Hot Latin Songs come\u00e7ou com a explosiva Gasolina, em 2004. No ano seguinte, Rompe se tornou a primeira de suas sete can\u00e7\u00f5es n\u00famero 1, enquanto o fen\u00f4meno global Despacito, com Luis Fonsi e Justin Bieber, estabeleceu um recorde ao permanecer no topo por 56 semanas, entre 2017 e 2018\u201d, disse a publica\u00e7\u00e3o.<\/p>\n<p>                    <img decoding=\"async\" src=\"https:\/\/www.flipar.com.br\/wp-content\/uploads\/2025\/07\/Alexandre-Pires-album-Pagonejo-Bao.jpg\" loading=\"lazy\" alt=\"Alexandre participou do quarto volume do \u00e1lbum \u201cSorriso Eu Gosto no Pagode\u201d, do Sorriso Maroto, em homenagem aos grupos \" s=\"\" pra=\"\" contrariar=\"\" e=\"\" negra=\"\" ele=\"\" gravou=\"\" duas=\"\" faixas=\"\" do=\"\" tributo=\"\" ao=\"\" que=\"\" foi=\"\" lan=\"\" no=\"\" dia=\"\" de=\"\" outubro=\"\" lima=\"\" width=\"685\" height=\"470\"\/><\/p>\n<p>&#13;<br \/>\n                    Alexandre participou do quarto volume do \u00e1lbum \u201cSorriso Eu Gosto no Pagode\u201d, do Sorriso Maroto, em homenagem aos grupos &#8220;S\u00f3 Pra Contrariar&#8221; e &#8220;Ra\u00e7a Negra&#8221;. Ele gravou duas faixas do tributo ao &#8220;SPC&#8221;, que foi lan\u00e7ado no dia 2 de outubro de 2025. Divulga\u00e7\u00e3o\/Leonardo Lima&#13;\n                <\/p>\n<p>                    <img decoding=\"async\" src=\"https:\/\/www.flipar.com.br\/wp-content\/uploads\/2023\/12\/Alexandre-Pires-e1751549834806.jpg\" loading=\"lazy\" alt=\"Al\u00e9m disso, ser\u00e1 um dos destaques da 25\u00aa Feira Agropecu\u00e1ria e Industrial de Cerqueira C\u00e9sar (FAICC), que acontece de 9 a 12 de outubro de 2025 no Parque de Exposi\u00e7\u00f5es Isidoro Achille Costa, SP. Com entrada franca em todos os setores, exceto VIP e camarote.-Divulga\u00e7\u00e3o\/Alexandre Pires\" width=\"685\" height=\"470\"\/><\/p>\n<p>&#13;<br \/>\n                    Al\u00e9m disso, ser\u00e1 um dos destaques da 25\u00aa Feira Agropecu\u00e1ria e Industrial de Cerqueira C\u00e9sar (FAICC), que acontece de 9 a 12 de outubro de 2025 no Parque de Exposi\u00e7\u00f5es Isidoro Achille Costa, SP. Com entrada franca em todos os setores, exceto VIP e camarote. Divulga\u00e7\u00e3o\/Alexandre Pires&#13;\n                <\/p>\n<p>                    <img decoding=\"async\" src=\"https:\/\/www.flipar.com.br\/wp-content\/uploads\/2021\/03\/Guilherme-e-Benuto.jpg\" loading=\"lazy\" alt=\"O evento  contar\u00e1, tamb\u00e9m com shows de outros artistas como Rio Negro e Solim\u00f5es, Guilherme e Benuto, DJ Jiraya Uai. Al\u00e9m de uma apresenta\u00e7\u00e3o especial para crian\u00e7as. -Instagram\/ @guilhermeebenuto\" width=\"685\" height=\"470\"\/><\/p>\n<p>&#13;<br \/>\n                    O evento  contar\u00e1, tamb\u00e9m com shows de outros artistas como Rio Negro e Solim\u00f5es, Guilherme e Benuto, DJ Jiraya Uai. Al\u00e9m de uma apresenta\u00e7\u00e3o especial para crian\u00e7as.  Instagram\/ @guilhermeebenuto&#13;\n                <\/p>\n<p>                    <img decoding=\"async\" src=\"https:\/\/www.flipar.com.br\/wp-content\/uploads\/2023\/12\/Alexandre-Pires-7.jpg\" loading=\"lazy\" alt=\"Cantor, compositor e multi-instrumentista, Alexandre Pires nasceu em 8 de janeiro de 1976, em Uberl\u00e2ndia, Minas Gerais.-Divulga\u00e7\u00e3o\/Alexandre Pires\" width=\"685\" height=\"470\"\/><\/p>\n<p>&#13;<br \/>\n                    Cantor, compositor e multi-instrumentista, Alexandre Pires nasceu em 8 de janeiro de 1976, em Uberl\u00e2ndia, Minas Gerais. Divulga\u00e7\u00e3o\/Alexandre Pires&#13;\n                <\/p>\n<p>                    <img decoding=\"async\" src=\"https:\/\/www.flipar.com.br\/wp-content\/uploads\/2023\/12\/Alexandre-Pires-SPC-2.jpg\" loading=\"lazy\" alt=\"Ao lado de seu irm\u00e3o, fundo em 1989 o grupo de pagode \" s=\"\" pra=\"\" contrariar=\"\" onde=\"\" era=\"\" o=\"\" vocalista.=\"\" width=\"685\" height=\"470\"\/><\/p>\n<p>&#13;<br \/>\n                    Ao lado de seu irm\u00e3o, fundo em 1989 o grupo de pagode &#8220;S\u00f3 Pra Contrariar&#8221;, onde era o vocalista.  Divulga\u00e7\u00e3o\/BMG&#13;\n                <\/p>\n<p>                    <img decoding=\"async\" src=\"https:\/\/www.flipar.com.br\/wp-content\/uploads\/2023\/12\/Alexandre-Pires-SPC-3.jpg\" loading=\"lazy\" alt=\"A escolha do nome do grupo foi uma homenagem aos hist\u00f3ricos sambistas do \" fundo=\"\" de=\"\" quintal=\"\" que=\"\" tinham=\"\" uma=\"\" can=\"\" com=\"\" este=\"\" nome.-reprodu=\"\" width=\"685\" height=\"470\"\/><\/p>\n<p>&#13;<br \/>\n                    A escolha do nome do grupo foi uma homenagem aos hist\u00f3ricos sambistas do &#8220;Fundo de Quintal&#8221;, que tinham uma can\u00e7\u00e3o com este nome. Reprodu\u00e7\u00e3o\/BMG&#13;\n                <\/p>\n<p>                    <img decoding=\"async\" src=\"https:\/\/www.flipar.com.br\/wp-content\/uploads\/2023\/12\/Alexandre-Pires-SPC-4.jpg\" loading=\"lazy\" alt=\"Durante toda a d\u00e9cada de 1990, o \" spc=\"\" foi=\"\" um=\"\" verdadeiro=\"\" fen=\"\" nacional=\"\" com=\"\" vendas=\"\" e=\"\" premia=\"\" width=\"685\" height=\"470\"\/><\/p>\n<p>&#13;<br \/>\n                    Durante toda a d\u00e9cada de 1990, o &#8220;SPC&#8221; foi um verdadeiro fen\u00f4meno nacional com vendas e premia\u00e7\u00f5es.  Divulga\u00e7\u00e3o\/BMG&#13;\n                <\/p>\n<p>                    <img decoding=\"async\" src=\"https:\/\/www.flipar.com.br\/wp-content\/uploads\/2023\/12\/Alexandre-Pires-SPC-7.jpg\" loading=\"lazy\" alt=\"O primeiro \u00e1lbum, chamado \" que=\"\" se=\"\" chama=\"\" amor=\"\" continha=\"\" verdadeiros=\"\" sucessos=\"\" nas=\"\" r=\"\" como=\"\" barata=\"\" e=\"\" a=\"\" can=\"\" deu=\"\" nome=\"\" ao=\"\" disco.-reprodu=\"\" width=\"685\" height=\"470\"\/><\/p>\n<p>&#13;<br \/>\n                    O primeiro \u00e1lbum, chamado &#8220;Que Se Chama Amor&#8221;, continha verdadeiros sucessos nas r\u00e1dios, como &#8220;A Barata&#8221;, &#8220;Domingo&#8221; e a can\u00e7\u00e3o que deu nome ao disco. Reprodu\u00e7\u00e3o\/BMG&#13;\n                <\/p>\n<p>                    <img decoding=\"async\" src=\"https:\/\/www.flipar.com.br\/wp-content\/uploads\/2023\/12\/Alexandre-Pires-SPC-5.jpg\" loading=\"lazy\" alt=\"Com mais seis \u00e1lbuns, o SPC alcan\u00e7ou a expressiva marca de 10 milh\u00f5es de discos vendidos.-Reprodu\u00e7\u00e3o\/BMG\" width=\"685\" height=\"470\"\/><\/p>\n<p>&#13;<br \/>\n                    Com mais seis \u00e1lbuns, o SPC alcan\u00e7ou a expressiva marca de 10 milh\u00f5es de discos vendidos. Reprodu\u00e7\u00e3o\/BMG&#13;\n                <\/p>\n<p>                    <img decoding=\"async\" src=\"https:\/\/www.flipar.com.br\/wp-content\/uploads\/2023\/12\/Alexandre-Pires-SPC-6-e1751548663565.jpg\" loading=\"lazy\" alt=\"Em 1997, com o sucesso das m\u00fasicas \" depois=\"\" do=\"\" prazer=\"\" e=\"\" o=\"\" spc=\"\" gravou=\"\" um=\"\" em=\"\" espanhol=\"\" que=\"\" vendeu=\"\" mil=\"\" c=\"\" nos=\"\" pa=\"\" hisp=\"\" oficial=\"\" width=\"685\" height=\"470\"\/><\/p>\n<p>&#13;<br \/>\n                    Em 1997, com o sucesso das m\u00fasicas &#8220;Depois do Prazer&#8221; e &#8220;Mineirinho&#8221;, o SPC gravou um \u00e1lbum em espanhol, que vendeu 700 mil c\u00f3pias nos pa\u00edses hisp\u00e2nicos. Reprodu\u00e7\u00e3o\/SPC Oficial&#13;\n                <\/p>\n<p>                    <img decoding=\"async\" src=\"https:\/\/www.flipar.com.br\/wp-content\/uploads\/2023\/12\/Alexandre-Pires-Gloria-Estefan.jpg\" loading=\"lazy\" alt=\"O sucesso em espanhol foi tanto que, em 1999, a cantora Gloria Estefan convidou Alexandre Pires para gravar um dueto para a m\u00fasica \" santo=\"\" que=\"\" o=\"\" consagrou=\"\" como=\"\" um=\"\" dos=\"\" grandes=\"\" int=\"\" da=\"\" am=\"\" latina.-reprodu=\"\" sociais=\"\" width=\"685\" height=\"470\"\/><\/p>\n<p>&#13;<br \/>\n                    O sucesso em espanhol foi tanto que, em 1999, a cantora Gloria Estefan convidou Alexandre Pires para gravar um dueto para a m\u00fasica &#8220;Santo Santo&#8221;, que o consagrou como um dos grandes int\u00e9rpretes da Am\u00e9rica Latina. Reprodu\u00e7\u00e3o\/Redes Sociais&#13;\n                <\/p>\n<p>                    <img decoding=\"async\" src=\"https:\/\/www.flipar.com.br\/wp-content\/uploads\/2023\/12\/Alexandre-Pires-8.jpg\" loading=\"lazy\" alt=\"Alexandre Pires come\u00e7ou a carreira solo em 2001, com o disco \" por=\"\" amor=\"\" dedicado=\"\" ao=\"\" mercado=\"\" internacional.-divulga=\"\" pires=\"\" width=\"685\" height=\"470\"\/><\/p>\n<p>&#13;<br \/>\n                    Alexandre Pires come\u00e7ou a carreira solo em 2001, com o disco &#8220;\u00c9 Por Amor&#8221;, dedicado ao mercado internacional. Divulga\u00e7\u00e3o\/Alexandre Pires&#13;\n                <\/p>\n<p>                    <img decoding=\"async\" src=\"https:\/\/www.flipar.com.br\/wp-content\/uploads\/2023\/12\/Alexandre-Pires-4-e1751546953895.jpg\" loading=\"lazy\" alt=\"Sem conseguir dar conta de tantos compromissos profissionais, o cantor deixou o SPC em 2002, ap\u00f3s um show para 14 mil pessoas em Nova Iorque, Estados Unidos.-Divulga\u00e7\u00e3o\/Alexandre Pires\" width=\"685\" height=\"470\"\/><\/p>\n<p>&#13;<br \/>\n                    Sem conseguir dar conta de tantos compromissos profissionais, o cantor deixou o SPC em 2002, ap\u00f3s um show para 14 mil pessoas em Nova Iorque, Estados Unidos. Divulga\u00e7\u00e3o\/Alexandre Pires&#13;\n                <\/p>\n<p>                    <img decoding=\"async\" src=\"https:\/\/www.flipar.com.br\/wp-content\/uploads\/2023\/12\/Alexandre-Pires-6-e1751550144204.jpg\" loading=\"lazy\" alt=\"Na carreira solo, Alexandre Pires ganhou pr\u00eamios expressivos, como o de \" melhor=\"\" artista=\"\" do=\"\" ano=\"\" no=\"\" music=\"\" awards=\"\" em=\"\" pires=\"\" width=\"685\" height=\"470\"\/><\/p>\n<p>&#13;<br \/>\n                    Na carreira solo, Alexandre Pires ganhou pr\u00eamios expressivos, como o de &#8220;Melhor Artista do Ano&#8221;, no &#8220;Latin Music Awards, em 2001&#8221;. Divulga\u00e7\u00e3o\/Alexandre Pires&#13;\n                <\/p>\n<p>                    <img decoding=\"async\" src=\"https:\/\/www.flipar.com.br\/wp-content\/uploads\/2023\/12\/Alexandre-Pires-Bush.jpg\" loading=\"lazy\" alt=\"O reconhecimento internacional foi tanto que Alexandre Pires chegou a ser recebido pelo presidente dos Estados Unidos, George W. Bush, em 2003, em uma apresenta\u00e7\u00e3o na Casa Branca. -Redes Sociais\/alexandrepires\" width=\"685\" height=\"470\"\/><\/p>\n<p>&#13;<br \/>\n                    O reconhecimento internacional foi tanto que Alexandre Pires chegou a ser recebido pelo presidente dos Estados Unidos, George W. Bush, em 2003, em uma apresenta\u00e7\u00e3o na Casa Branca.  Redes Sociais\/alexandrepires&#13;\n                <\/p>\n<p>                    <img decoding=\"async\" src=\"https:\/\/www.flipar.com.br\/wp-content\/uploads\/2023\/12\/Alexandre-Pires-5-e1751546703302.jpg\" loading=\"lazy\" alt=\"Em 11 anos de carreira solo, Alexandre Pires lan\u00e7ou oito \u00e1lbuns, entre CDs e DVD, de est\u00fadio e ao vivo.-Divulga\u00e7\u00e3o\/Alexandre Pires\" width=\"685\" height=\"470\"\/><\/p>\n<p>&#13;<br \/>\n                    Em 11 anos de carreira solo, Alexandre Pires lan\u00e7ou oito \u00e1lbuns, entre CDs e DVD, de est\u00fadio e ao vivo. Divulga\u00e7\u00e3o\/Alexandre Pires&#13;\n                <\/p>\n<p>                    <img decoding=\"async\" src=\"https:\/\/www.flipar.com.br\/wp-content\/uploads\/2023\/12\/Alexandre-Pires-SPC.jpg\" loading=\"lazy\" alt=\"Em mar\u00e7o de 2013, como comemora\u00e7\u00e3o dos 25 anos do S\u00f3 Pra Contrariar, Alexandre Pires reuniu novamente o grupo para uma turn\u00ea especial.-Divulga\u00e7\u00e3o\/Alexandre Pires e SPC\" width=\"685\" height=\"470\"\/><\/p>\n<p>&#13;<br \/>\n                    Em mar\u00e7o de 2013, como comemora\u00e7\u00e3o dos 25 anos do S\u00f3 Pra Contrariar, Alexandre Pires reuniu novamente o grupo para uma turn\u00ea especial. Divulga\u00e7\u00e3o\/Alexandre Pires e SPC&#13;\n                <\/p>\n<p>                    <img decoding=\"async\" src=\"https:\/\/www.flipar.com.br\/wp-content\/uploads\/2022\/01\/Alexandre-Pires-e-Seu-Jorge-...png\" loading=\"lazy\" alt=\"Mesmo com o retorno especial do SPC, Alexandre Pires seguiu com sua carreira solo, onde fez novamente sucesso com a turn\u00c3\u00aa \" baile=\"\" do=\"\" n=\"\" v=\"\" em=\"\" e=\"\" firmou=\"\" uma=\"\" parceria=\"\" especial=\"\" com=\"\" seu=\"\" jorge=\"\" faust=\"\" na=\"\" band=\"\" width=\"685\" height=\"470\"\/><\/p>\n<p>&#13;<br \/>\n                    Mesmo com o retorno especial do SPC, Alexandre Pires seguiu com sua carreira solo, onde fez novamente sucesso com a turn\u00c3\u00aa &#8220;Baile do N\u00c3\u00aago V\u00c3\u00a9io&#8221;, em 2018 e 2019, e firmou uma parceria especial com Seu Jorge, em 2021.  Reprodu\u00c3\u00a7\u00c3\u00a3o Faust\u00c3\u00a3o na Band &#13;\n                <\/p>\n<p>                    <img decoding=\"async\" src=\"https:\/\/www.flipar.com.br\/wp-content\/uploads\/2025\/07\/Alexandre-Pires-e-Sara-Campos.jpg\" loading=\"lazy\" alt=\"Alexandre Pires \u00e9 casado com Sara Campos desde 2008, e o casal tem dois filhos: Arthur, nascido em 2008, e J\u00falia, nascida em 2010. Eles se conheceram em Uberl\u00e2ndia, cidade natal de ambos.&#10;-Reprodu\u00e7\u00e3o\/Instagram\" width=\"685\" height=\"470\"\/><\/p>\n<p>&#13;<br \/>\n                    Alexandre Pires \u00e9 casado com Sara Campos desde 2008, e o casal tem dois filhos: Arthur, nascido em 2008, e J\u00falia, nascida em 2010. Eles se conheceram em Uberl\u00e2ndia, cidade natal de ambos.<br \/>\n Reprodu\u00e7\u00e3o\/Instagram&#13;\n                <\/p>\n<p>                    <img decoding=\"async\" src=\"https:\/\/www.flipar.com.br\/wp-content\/uploads\/2023\/01\/WhatsApp-Image-2023-01-20-at-14.59.00-e1696540374851.jpeg\" loading=\"lazy\" alt=\"Alexandre Pires \u00e9 pai de Ana Carolina, nascida em 1993 de um relacionamento na adolesc\u00eancia. Conhecida artisticamente como Carol Pires, ela seguiu a carreira musical.-reprodu\u00e7\u00e3o instagram\" width=\"685\" height=\"470\"\/><\/p>\n<p>&#13;<br \/>\n                    Alexandre Pires \u00e9 pai de Ana Carolina, nascida em 1993 de um relacionamento na adolesc\u00eancia. Conhecida artisticamente como Carol Pires, ela seguiu a carreira musical. reprodu\u00e7\u00e3o instagram&#13;\n                <\/p>\n<p>&#13;<br \/>\n        Voltar&#13;<br \/>\n        Pr\u00f3ximo&#13;\n    <\/p>\n<p>Quem s\u00e3o os 100 melhores cantores latinos do s\u00e9culo XXI?<\/p>\n<ol>&#13;<\/p>\n<li dir=\"ltr\">Bad Bunny<\/li>\n<p>&#13;<\/p>\n<li dir=\"ltr\">Romeo Santos<\/li>\n<p>&#13;<\/p>\n<li dir=\"ltr\">Daddy Yankee<\/li>\n<p>&#13;<\/p>\n<li dir=\"ltr\">Enrique Iglesias<\/li>\n<p>&#13;<\/p>\n<li dir=\"ltr\">Marco Antonio Sol\u00eds<\/li>\n<p>&#13;<\/p>\n<li dir=\"ltr\">J Balvin<\/li>\n<p>&#13;<\/p>\n<li dir=\"ltr\">Shakira<\/li>\n<p>&#13;<\/p>\n<li dir=\"ltr\">Aventura<\/li>\n<p>&#13;<\/p>\n<li dir=\"ltr\">Juanes<\/li>\n<p>&#13;<\/p>\n<li dir=\"ltr\">Ozuna<\/li>\n<p>&#13;<\/p>\n<li dir=\"ltr\">Marc Anthony<\/li>\n<p>&#13;<\/p>\n<li dir=\"ltr\">Karol G<\/li>\n<p>&#13;<\/p>\n<li dir=\"ltr\">Wisin y Yandel<\/li>\n<p>&#13;<\/p>\n<li dir=\"ltr\">Man\u00e1<\/li>\n<p>&#13;<\/p>\n<li dir=\"ltr\">Vicente F\u00e9rnandez<\/li>\n<p>&#13;<\/p>\n<li dir=\"ltr\">Prince Royce<\/li>\n<p>&#13;<\/p>\n<li dir=\"ltr\">Intocable<\/li>\n<p>&#13;<\/p>\n<li dir=\"ltr\">Don Omar<\/li>\n<p>&#13;<\/p>\n<li dir=\"ltr\">Juan Gabriel<\/li>\n<p>&#13;<\/p>\n<li dir=\"ltr\">Conjunto Primavera<\/li>\n<p>&#13;<\/p>\n<li dir=\"ltr\">Peso Pluma<\/li>\n<p>&#13;<\/p>\n<li dir=\"ltr\">Banda El Recodo de Cruz Lizarraga<\/li>\n<p>&#13;<\/p>\n<li dir=\"ltr\">Los Temerarios<\/li>\n<p>&#13;<\/p>\n<li dir=\"ltr\">Joan Sebastian<\/li>\n<p>&#13;<\/p>\n<li dir=\"ltr\">La Arrolladora Banda el Limon de Rene Camacho<\/li>\n<p>&#13;<\/p>\n<li dir=\"ltr\">Maluma<\/li>\n<p>&#13;<\/p>\n<li dir=\"ltr\">Luis Fonsi<\/li>\n<p>&#13;<\/p>\n<li dir=\"ltr\">Chayanne<\/li>\n<p>&#13;<\/p>\n<li dir=\"ltr\">Nicky Jam<\/li>\n<p>&#13;<\/p>\n<li dir=\"ltr\">Los Tigres del Norte<\/li>\n<p>&#13;<\/p>\n<li dir=\"ltr\">Banda MS de Sergio Lizarraga<\/li>\n<p>&#13;<\/p>\n<li dir=\"ltr\">Ricardo Arjona<\/li>\n<p>&#13;<\/p>\n<li dir=\"ltr\">Alejandro Fernandez<\/li>\n<p>&#13;<\/p>\n<li dir=\"ltr\">Fuerza Regida<\/li>\n<p>&#13;<\/p>\n<li dir=\"ltr\">Jenni Rivera<\/li>\n<p>&#13;<\/p>\n<li dir=\"ltr\">Rauw Alejandro<\/li>\n<p>&#13;<\/p>\n<li dir=\"ltr\">Cristian Castro<\/li>\n<p>&#13;<\/p>\n<li dir=\"ltr\">Gerardo Ortiz<\/li>\n<p>&#13;<\/p>\n<li dir=\"ltr\">Paulina Rubio<\/li>\n<p>&#13;<\/p>\n<li dir=\"ltr\">Anuel AA<\/li>\n<p>&#13;<\/p>\n<li dir=\"ltr\">Ricky Martin<\/li>\n<p>&#13;<\/p>\n<li dir=\"ltr\">Selena<\/li>\n<p>&#13;<\/p>\n<li dir=\"ltr\">Farruko<\/li>\n<p>&#13;<\/p>\n<li dir=\"ltr\">Luis Miguel<\/li>\n<p>&#13;<\/p>\n<li dir=\"ltr\">Grupo Montez de Durango<\/li>\n<p>&#13;<\/p>\n<li dir=\"ltr\">Julion Alvarez y Su Norteno Banda<\/li>\n<p>&#13;<\/p>\n<li dir=\"ltr\">Tito &#8220;El Bambino&#8221;<\/li>\n<p>&#13;<\/p>\n<li dir=\"ltr\">Calibre 50<\/li>\n<p>&#13;<\/p>\n<li dir=\"ltr\">Thalia<\/li>\n<p>&#13;<\/p>\n<li dir=\"ltr\">Carlos Vives<\/li>\n<p>&#13;<\/p>\n<li dir=\"ltr\">Juan Luis Guerra 440<\/li>\n<p>&#13;<\/p>\n<li dir=\"ltr\">Camila<\/li>\n<p>&#13;<\/p>\n<li dir=\"ltr\">Alejandro Sanz<\/li>\n<p>&#13;<\/p>\n<li dir=\"ltr\">RBD<\/li>\n<p>&#13;<\/p>\n<li dir=\"ltr\">Los Tucanes de Tijuana<\/li>\n<p>&#13;<\/p>\n<li dir=\"ltr\">Los Bukis<\/li>\n<p>&#13;<\/p>\n<li dir=\"ltr\">Pitbull<\/li>\n<p>&#13;<\/p>\n<li dir=\"ltr\">Espinoza Paz<\/li>\n<p>&#13;<\/p>\n<li dir=\"ltr\">El Trono de Mexico<\/li>\n<p>&#13;<\/p>\n<li dir=\"ltr\">Pepe Aguilar<\/li>\n<p>&#13;<\/p>\n<li dir=\"ltr\">Eslabon Armado<\/li>\n<p>&#13;<\/p>\n<li dir=\"ltr\">Los Plebes del Rancho de Ariel Camacho<\/li>\n<p>&#13;<\/p>\n<li dir=\"ltr\">Kumbia Kings<\/li>\n<p>&#13;<\/p>\n<li dir=\"ltr\">Sin Bandera<\/li>\n<p>&#13;<\/p>\n<li dir=\"ltr\">RKM &amp; Ken-Y<\/li>\n<p>&#13;<\/p>\n<li dir=\"ltr\">Grupo Frontera<\/li>\n<p>&#13;<\/p>\n<li dir=\"ltr\">Victor Manuelle<\/li>\n<p>&#13;<\/p>\n<li dir=\"ltr\">Myke Towers<\/li>\n<p>&#13;<\/p>\n<li dir=\"ltr\">Christian Nodal<\/li>\n<p>&#13;<\/p>\n<li dir=\"ltr\">Gilberto Santa Rosa<\/li>\n<p>&#13;<\/p>\n<li dir=\"ltr\">Junior H<\/li>\n<p>&#13;<\/p>\n<li dir=\"ltr\">JHAYCO<\/li>\n<p>&#13;<\/p>\n<li dir=\"ltr\">Son By Four<\/li>\n<p>&#13;<\/p>\n<li dir=\"ltr\">Lupillo Rivera<\/li>\n<p>&#13;<\/p>\n<li dir=\"ltr\">Wisin<\/li>\n<p>&#13;<\/p>\n<li dir=\"ltr\">Yandel<\/li>\n<p>&#13;<\/p>\n<li dir=\"ltr\">Pesado<\/li>\n<p>&#13;<\/p>\n<li dir=\"ltr\">Grupo Bryndis<\/li>\n<p>&#13;<\/p>\n<li dir=\"ltr\">Larry Hernandez<\/li>\n<p>&#13;<\/p>\n<li dir=\"ltr\">Natanael Cano<\/li>\n<p>&#13;<\/p>\n<li dir=\"ltr\">Alexandre Pires<\/li>\n<p>&#13;<\/p>\n<li dir=\"ltr\">David Bisbal<\/li>\n<p>&#13;<\/p>\n<li dir=\"ltr\">Jennifer Pena<\/li>\n<p>&#13;<\/p>\n<li dir=\"ltr\">Patrulla 81<\/li>\n<p>&#13;<\/p>\n<li dir=\"ltr\">Gloria Estefan<\/li>\n<p>&#13;<\/p>\n<li dir=\"ltr\">K-Paz De La Sierra<\/li>\n<p>&#13;<\/p>\n<li dir=\"ltr\">Flex<\/li>\n<p>&#13;<\/p>\n<li dir=\"ltr\">Banda Los Recoditos<\/li>\n<p>&#13;<\/p>\n<li dir=\"ltr\">A.B. Quintanilla III<\/li>\n<p>&#13;<\/p>\n<li dir=\"ltr\">Feid<\/li>\n<p>&#13;<\/p>\n<li dir=\"ltr\">Los Rieleros del Norte<\/li>\n<p>&#13;<\/p>\n<li dir=\"ltr\">Ivan Cornejo<\/li>\n<p>&#13;<\/p>\n<li dir=\"ltr\">Alacranes Musical<\/li>\n<p>&#13;<\/p>\n<li dir=\"ltr\">Los Huracanes del Norte<\/li>\n<p>&#13;<\/p>\n<li dir=\"ltr\">Voz de Mando<\/li>\n<p>&#13;<\/p>\n<li dir=\"ltr\">Sech<\/li>\n<p>&#13;<\/p>\n<li dir=\"ltr\">Kali Uchis<\/li>\n<p>&#13;<\/p>\n<li dir=\"ltr\">Los Angeles Azules<\/li>\n<p>&#13;<\/p>\n<li dir=\"ltr\">Los Horoscopos de Durango<\/li>\n<p>&#13;<\/p>\n<li dir=\"ltr\">Palomo<\/li>\n<p>&#13;\n<\/ol>\n","protected":false},"excerpt":{"rendered":"A revista americana Billboard divulgou a lista dos 100 melhores artistas latino-americanos do s\u00e9culo XXI, com base no&hellip;\n","protected":false},"author":2,"featured_media":102222,"comment_status":"","ping_status":"","sticky":false,"template":"","format":"standard","meta":{"footnotes":""},"categories":[145],"tags":[6648,1028,18582,1678,726,211,210,114,115,1952,150,32,33],"class_list":{"0":"post-102221","1":"post","2":"type-post","3":"status-publish","4":"format-standard","5":"has-post-thumbnail","7":"category-celebridades","8":"tag-alexandre-pires","9":"tag-america-latina","10":"tag-bad-bunny","11":"tag-billboard","12":"tag-brasil","13":"tag-celebridades","14":"tag-celebrities","15":"tag-entertainment","16":"tag-entretenimento","17":"tag-lista","18":"tag-musica","19":"tag-portugal","20":"tag-pt"},"share_on_mastodon":{"url":"","error":""},"_links":{"self":[{"href":"https:\/\/www.europesays.com\/pt\/wp-json\/wp\/v2\/posts\/102221","targetHints":{"allow":["GET"]}}],"collection":[{"href":"https:\/\/www.europesays.com\/pt\/wp-json\/wp\/v2\/posts"}],"about":[{"href":"https:\/\/www.europesays.com\/pt\/wp-json\/wp\/v2\/types\/post"}],"author":[{"embeddable":true,"href":"https:\/\/www.europesays.com\/pt\/wp-json\/wp\/v2\/users\/2"}],"replies":[{"embeddable":true,"href":"https:\/\/www.europesays.com\/pt\/wp-json\/wp\/v2\/comments?post=102221"}],"version-history":[{"count":0,"href":"https:\/\/www.europesays.com\/pt\/wp-json\/wp\/v2\/posts\/102221\/revisions"}],"wp:featuredmedia":[{"embeddable":true,"href":"https:\/\/www.europesays.com\/pt\/wp-json\/wp\/v2\/media\/102222"}],"wp:attachment":[{"href":"https:\/\/www.europesays.com\/pt\/wp-json\/wp\/v2\/media?parent=102221"}],"wp:term":[{"taxonomy":"category","embeddable":true,"href":"https:\/\/www.europesays.com\/pt\/wp-json\/wp\/v2\/categories?post=102221"},{"taxonomy":"post_tag","embeddable":true,"href":"https:\/\/www.europesays.com\/pt\/wp-json\/wp\/v2\/tags?post=102221"}],"curies":[{"name":"wp","href":"https:\/\/api.w.org\/{rel}","templated":true}]}}