{"id":102279,"date":"2025-10-08T16:12:09","date_gmt":"2025-10-08T16:12:09","guid":{"rendered":"https:\/\/www.europesays.com\/pt\/102279\/"},"modified":"2025-10-08T16:12:09","modified_gmt":"2025-10-08T16:12:09","slug":"reta-final-de-vale-tudo-cesar-e-fatima-vao-ficar-juntos-apos-herdar-fortuna-malandro-tem-atitude-surpreendente-com-a-ex-o-globo","status":"publish","type":"post","link":"https:\/\/www.europesays.com\/pt\/102279\/","title":{"rendered":"Reta final de &#039;Vale tudo&#039;: C\u00e9sar e F\u00e1tima v\u00e3o ficar juntos? Ap\u00f3s herdar fortuna, malandro tem atitude surpreendente com a ex &#8211; O Globo"},"content":{"rendered":"<ol>\n<li><a href=\"https:\/\/news.google.com\/rss\/articles\/CBMijwJBVV95cUxNQ1FRZk9QOHRsLWRIQzIwYjBwRk1QbXk1UlB4TUQtdG1BOG9EeE5JaVNqSlc0eUw2Z1ZhVkNUbVIwUUtISk9LTHJwRVh0UHRSMXZBRHhwUGM4Z1F0bUhsSXhsWGZHZjF0eUlvUFR3NFNzdVp6ZTI1T0xZaGpYcHhDSVkySU9KZ09nQ3M2RmZPQ1RWd1IxVWJfMFpmekZnbnlwc05hQWNkcTIzZkR0TFhCZlFDWk03blY2alpkZDB0b2I0NVplTjJzOGx5bzB4bEVwcS1XVU1mcW5BV2RfN3AtZ29qU0U1Y2dSTUU1NllpYmV3UEJJNEJWOWFVTG1PbDdVS3VSbS1XVDJ3WEZfZnZB0gGeAkFVX3lxTE5LMU9XV0VmOTV4bDhvMGVBNUdQWTlucF9PeGtxV3VTaWt4SHhnMDk4NVNxdnJ0ZE5XTUNyX2wwU0RkWDNDcUVvdURJbnlPUVIxZk5wVlllMGxwVUp0TTM5ZDZHQmxoNXZkX3hFeGJLUnpvbXBWakRBUnhVZWRuTm1zRnZWYlJ1YjA1NklEcEthWDlMTlBzcGZrUzluWW11ODB6emlMc1dQbTA1SWhoMzF4b1Z4ZXhGUjFRdzNGN1F4OVFHTDhqNW9zcTBVN0xCSXEwUm1id1ExaW1hb0tjUzBOZm55UFViSUJWU21VNlBxYnN6eksxYm16N1RtU2VLT0ZLbVhpbjZ3cEF2SDhSZkQ5bzlRU2RXLWZZUVZtUFE?oc=5\" target=\"_blank\" rel=\"nofollow noopener\">Reta final de &#8216;Vale tudo&#8217;: C\u00e9sar e F\u00e1tima v\u00e3o ficar juntos? Ap\u00f3s herdar fortuna, malandro tem atitude surpreendente com a ex<\/a>&nbsp;&nbsp;O Globo<\/li>\n<li><a href=\"https:\/\/news.google.com\/rss\/articles\/CBMixAFBVV95cUxPLTg0c2xuOWtXaHNuam9VZml3dkZoVl9wR25QU0xHQzRna1RhSnAzUXN5YVduZXNFb29TYUQycEZTQ05xd29XZkNMd000ajJYMS0wR25wRFBPV3BiNkw0NjFFWG5aSFhjN0N6bUc3WEJJWWhiRk1Gd1UxLTF1R1BRNmc0NlN6eExHLTRvcTI4S1RKbThGNWQyUFlPM2kyRDJkb29INXp6YzRSMkZWVnd5bmk3WTJmUWNLRWJmNnVTMldoR1Aw?oc=5\" target=\"_blank\" rel=\"nofollow noopener\">Ap\u00f3s enterro, C\u00e9sar surpreende em farra com Maria de F\u00e1tima em Vale Tudo<\/a>&nbsp;&nbsp;Not\u00edcias da TV<\/li>\n<li><a href=\"https:\/\/news.google.com\/rss\/articles\/CBMizgFBVV95cUxNekFWeXNrUW50VzFncVpEWFBmQ2ttYnpHNE1oeER6bmNZVEN1WlplcWVvcFhqMmMxRE1OaTI3M2pnUG9RNldtbWZzbnJxd1JXV3VJVVAxRnFtcS1zMUJVTF9CejhpWFR0TlBydDg3SnZLd25jZG5yZjE1eW5xRzNOQUVsYV9DYVhQUm5yemRXWGYtc0FuU19wSmJUTU9BZHFGME4yQTdWLU5Iai1IMEJVVHRuQTJDLVFJZEF3cFlDekd3Z0JCWnI1blBxQnM5UQ?oc=5\" target=\"_blank\" rel=\"nofollow noopener\">Ap\u00f3s enterro de Odete, C\u00e9sar despacha Olavo e ganha um novo amor em Vale Tudo<\/a>&nbsp;&nbsp;O TEMPO<\/li>\n<li><a href=\"https:\/\/news.google.com\/rss\/articles\/CBMi3wFBVV95cUxNem05UUNsdGgwemJhUkVfeExWc2pTeUtTWXpldmhxNnd4VzdNNWxKZVJBRGNsZ0JoeU1vUjRkbUZGbmpKbGxTOFE3emkxdnlWN2xRMFJkSHFrdmhEa0M5bzZpeUtRdDE4MXNTbi1pakhHN3hxVkZlcDdoakNDeVFDb2tlNm52eVBqZ0VfT0piZURpczV6Sm8wNzRPSUZTVWZXNnNhNkVza1VOSG9USWVGa0dFU3BpbGNORUVXUl9rcmcwbzRycVpGUmJ5eFh3bjFSTFFqQkx3dGdnVE9jQmhB?oc=5\" target=\"_blank\" rel=\"nofollow noopener\">&#8216;Vale Tudo&#8217;: F\u00e1tima \u00e9 escorra\u00e7ada por C\u00e9sar e fica na pior<\/a>&nbsp;&nbsp;Terra<\/li>\n<li><a href=\"https:\/\/news.google.com\/rss\/articles\/CBMivgFBVV95cUxOZkh4bGpXMi1MX1E1OFQ3a28xZkdTOU1aVlJreVlYbjNuaXNaNy0wMEstcl9KajZoX2YtUVNrVEpoYVU2TXpZTG1WY3pGSzM5dm1PMmtWeFV4eFc0NmF3TGVHZks4anl6S3hfZFcybEdRNWFmcmNYdEljQUJ5aFI5Ymhvc003dHdMM3M0S2JSYTJFTTIwVVd3aXcwbWlDdnBuSlVYZWtJYXR5Qlh6OG5UUUFLeVBMNHpHdVFZXzB3?oc=5\" target=\"_blank\" rel=\"nofollow noopener\">Qual o final de Maria de F\u00e1tima em &#8220;Vale Tudo&#8221;? Relembre vers\u00e3o original<\/a>&nbsp;&nbsp;Band<\/li>\n<\/ol>\n","protected":false},"excerpt":{"rendered":"Reta final de &#8216;Vale tudo&#8217;: C\u00e9sar e F\u00e1tima v\u00e3o ficar juntos? Ap\u00f3s herdar fortuna, malandro tem atitude surpreendente&hellip;\n","protected":false},"author":2,"featured_media":102280,"comment_status":"","ping_status":"","sticky":false,"template":"","format":"standard","meta":{"footnotes":""},"categories":[142],"tags":[813,2813,1939,2324,114,115,32,33,679,5456,151,2323,2154],"class_list":{"0":"post-102279","1":"post","2":"type-post","3":"status-publish","4":"format-standard","5":"has-post-thumbnail","7":"category-tv","8":"tag-atriz","9":"tag-bella-campos","10":"tag-caua-reymond","11":"tag-debora-bloch","12":"tag-entertainment","13":"tag-entretenimento","14":"tag-portugal","15":"tag-pt","16":"tag-reportagem","17":"tag-tais-araujo","18":"tag-tv","19":"tag-tv-globo","20":"tag-vale-tudo"},"share_on_mastodon":{"url":"","error":""},"_links":{"self":[{"href":"https:\/\/www.europesays.com\/pt\/wp-json\/wp\/v2\/posts\/102279","targetHints":{"allow":["GET"]}}],"collection":[{"href":"https:\/\/www.europesays.com\/pt\/wp-json\/wp\/v2\/posts"}],"about":[{"href":"https:\/\/www.europesays.com\/pt\/wp-json\/wp\/v2\/types\/post"}],"author":[{"embeddable":true,"href":"https:\/\/www.europesays.com\/pt\/wp-json\/wp\/v2\/users\/2"}],"replies":[{"embeddable":true,"href":"https:\/\/www.europesays.com\/pt\/wp-json\/wp\/v2\/comments?post=102279"}],"version-history":[{"count":0,"href":"https:\/\/www.europesays.com\/pt\/wp-json\/wp\/v2\/posts\/102279\/revisions"}],"wp:featuredmedia":[{"embeddable":true,"href":"https:\/\/www.europesays.com\/pt\/wp-json\/wp\/v2\/media\/102280"}],"wp:attachment":[{"href":"https:\/\/www.europesays.com\/pt\/wp-json\/wp\/v2\/media?parent=102279"}],"wp:term":[{"taxonomy":"category","embeddable":true,"href":"https:\/\/www.europesays.com\/pt\/wp-json\/wp\/v2\/categories?post=102279"},{"taxonomy":"post_tag","embeddable":true,"href":"https:\/\/www.europesays.com\/pt\/wp-json\/wp\/v2\/tags?post=102279"}],"curies":[{"name":"wp","href":"https:\/\/api.w.org\/{rel}","templated":true}]}}