{"id":102311,"date":"2025-10-08T16:37:07","date_gmt":"2025-10-08T16:37:07","guid":{"rendered":"https:\/\/www.europesays.com\/pt\/102311\/"},"modified":"2025-10-08T16:37:07","modified_gmt":"2025-10-08T16:37:07","slug":"o-emotivo-gesto-de-rute-cardoso-em-nova-homenagem-a-diogo-jota","status":"publish","type":"post","link":"https:\/\/www.europesays.com\/pt\/102311\/","title":{"rendered":"O emotivo gesto de Rute Cardoso em nova homenagem a Diogo Jota"},"content":{"rendered":"<p>As principais figuras do futebol estiveram reunidas na cerim\u00f3nia de entrega de galard\u00f5es da Federa\u00e7\u00e3o Portuguesa de Futebol, que distinguiu, entre outros, as sele\u00e7\u00f5es nacionais que conquistaram trof\u00e9us durante o ano.<\/p>\n<p>Tr\u00eas meses depois da trag\u00e9dia que tirou a vida a <a href=\"https:\/\/selfie.iol.pt\/famosos\/diogo-jota\/familia-de-diogo-jota-recebe-16-8-milhoes-de-euros-do-liverpool\/20250926\/68d6c173d34ee0c2fed09789\" target=\"_blank\" rel=\"nofollow noopener\">Diogo Jota<\/a> e Andr\u00e9 Silva, o atleta do Liverpool voltou a ser homenageado e a vi\u00fava, Rute Cardoso, marcou presen\u00e7a nos Portugal Football Globes 2025.<\/p>\n<p>De vestido branco, Rute Cardoso sentou-se junto aos companheiros de sele\u00e7\u00e3o do falecido marido e, quando\u00a0a sele\u00e7\u00e3o nacional de futebol foi chamada ao palco para receber o Globo Sele\u00e7\u00e3o do Ano &#8211;\u00a0depois da conquista da Liga das Na\u00e7\u00f5es, no m\u00eas de junho &#8211; ,\u00a0o guarda-redes Jos\u00e9 S\u00e1, que era tamb\u00e9m um dos melhores amigos de <a href=\"https:\/\/selfie.iol.pt\/famosos\/diogo-jota\/em-dia-marcante-liverpool-nao-se-esquece-de-diogo-jota-veja-a-imagem\/20250925\/68d51b9cd34e58bc679629e1\" target=\"_blank\" rel=\"nofollow noopener\">Diogo Jota<\/a>, insistiu para que a amiga se juntasse ao grupo e subisse ao palco em representa\u00e7\u00e3o do marido.<\/p>\n<p>Rute Cardoso recusou, entendendo que aquele era o momento dos jogadores e preferiu continuar a ver aquele momento na bancada. A decis\u00e3o da vi\u00fava de Diogo Jota foi amplamente comentada nas redes sociais, com muitos a elogiaram a postura de Rute Cardoso, descrevendo-a como &#8220;digna&#8221;, &#8220;respeitosa&#8221; e &#8220;emocionalmente poderosa&#8221;.<\/p>\n<p>&#8220;A conquista da Liga das Na\u00e7\u00f5es \u00e9 reflexo do trabalho, da dedica\u00e7\u00e3o e do esp\u00edrito de equipa. Acima de tudo, \u00e9 s\u00edmbolo e apoio da for\u00e7a que recebemos de um pa\u00eds inteiro. N\u00e3o deixo de recordar os que n\u00e3o est\u00e3o entre n\u00f3s, mas continuam vivos na nossa mem\u00f3ria e no nosso cora\u00e7\u00e3o. A for\u00e7a do <a href=\"https:\/\/selfie.iol.pt\/famosos\/diogo-jota\/treinador-do-liverpool-faz-revelacao-que-envolve-diogo-jota-nao-e-comum\/20250926\/68d67cb8d34ee0c2fed093ab\" target=\"_blank\" rel=\"nofollow noopener\">Diogo Jota<\/a> continuar\u00e1 para sempre nesta fam\u00edlia que \u00e9 a sele\u00e7\u00e3o&#8221;, recordou o selecionador Roberto Mart\u00ednez, sobre o malogrado jogador.<\/p>\n<p>Mais tarde, no momento de homenagem a figuras do futebol nacional que morreram recentemente, Rute Cardoso n\u00e3o conseguir conter as l\u00e1grimas ao ver imagens do marido no ecr\u00e3.<\/p>\n","protected":false},"excerpt":{"rendered":"As principais figuras do futebol estiveram reunidas na cerim\u00f3nia de entrega de galard\u00f5es da Federa\u00e7\u00e3o Portuguesa de Futebol,&hellip;\n","protected":false},"author":2,"featured_media":30973,"comment_status":"","ping_status":"","sticky":false,"template":"","format":"standard","meta":{"footnotes":""},"categories":[145],"tags":[211,210,1691,114,115,980,285,524,997,619,32,33,10175,1012],"class_list":{"0":"post-102311","1":"post","2":"type-post","3":"status-publish","4":"format-standard","5":"has-post-thumbnail","7":"category-celebridades","8":"tag-celebridades","9":"tag-celebrities","10":"tag-diogo-jota","11":"tag-entertainment","12":"tag-entretenimento","13":"tag-famosos","14":"tag-fpf","15":"tag-futebol","16":"tag-homenagem","17":"tag-nacional","18":"tag-portugal","19":"tag-pt","20":"tag-rute-cardoso","21":"tag-selfie"},"share_on_mastodon":{"url":"","error":""},"_links":{"self":[{"href":"https:\/\/www.europesays.com\/pt\/wp-json\/wp\/v2\/posts\/102311","targetHints":{"allow":["GET"]}}],"collection":[{"href":"https:\/\/www.europesays.com\/pt\/wp-json\/wp\/v2\/posts"}],"about":[{"href":"https:\/\/www.europesays.com\/pt\/wp-json\/wp\/v2\/types\/post"}],"author":[{"embeddable":true,"href":"https:\/\/www.europesays.com\/pt\/wp-json\/wp\/v2\/users\/2"}],"replies":[{"embeddable":true,"href":"https:\/\/www.europesays.com\/pt\/wp-json\/wp\/v2\/comments?post=102311"}],"version-history":[{"count":0,"href":"https:\/\/www.europesays.com\/pt\/wp-json\/wp\/v2\/posts\/102311\/revisions"}],"wp:featuredmedia":[{"embeddable":true,"href":"https:\/\/www.europesays.com\/pt\/wp-json\/wp\/v2\/media\/30973"}],"wp:attachment":[{"href":"https:\/\/www.europesays.com\/pt\/wp-json\/wp\/v2\/media?parent=102311"}],"wp:term":[{"taxonomy":"category","embeddable":true,"href":"https:\/\/www.europesays.com\/pt\/wp-json\/wp\/v2\/categories?post=102311"},{"taxonomy":"post_tag","embeddable":true,"href":"https:\/\/www.europesays.com\/pt\/wp-json\/wp\/v2\/tags?post=102311"}],"curies":[{"name":"wp","href":"https:\/\/api.w.org\/{rel}","templated":true}]}}