{"id":102312,"date":"2025-10-08T16:39:13","date_gmt":"2025-10-08T16:39:13","guid":{"rendered":"https:\/\/www.europesays.com\/pt\/102312\/"},"modified":"2025-10-08T16:39:13","modified_gmt":"2025-10-08T16:39:13","slug":"angelo-oswaldo-lanca-no-rio-o-livro-geraes-arte-barroca-em-minas","status":"publish","type":"post","link":"https:\/\/www.europesays.com\/pt\/102312\/","title":{"rendered":"Angelo Oswaldo lan\u00e7a,\u00a0no Rio, o livro \u201cGeraes: Arte Barroca em Minas\u201d"},"content":{"rendered":"<p> &#13;<br \/>\n&#13;<br \/>\n    Angelo Oswaldo lan\u00e7a,\u00a0no Rio, o livro \u201cGeraes: Arte Barroca em Minas\u201d | Monitor Mercantil&#13;<br \/>\n    &#13;<br \/>\n    &#13;<br \/>\n    &#13;<\/p>\n<p>&#13;<br \/>\n&#13;<br \/>\n&#13;<br \/>\n&#13;<br \/>\n&#13;<br \/>\n&#13;<br \/>\n&#13;<br \/>\n&#13;<br \/>\n&#13;<br \/>\n&#13;<br \/>\n&#13;<br \/>\n&#13;<br \/>\n&#13;<br \/>\n&#13;<br \/>\n&#13;<br \/>\n&#13;<br \/>\n&#13;<br \/>\n&#13;<br \/>\n&#13;<\/p>\n<p>    &#13;<\/p>\n<p>    &#13;<br \/>\n&#13;<br \/>\n    &#13;<br \/>\n\t            &#13;<\/p>\n<p>&#13;<\/p>\n<p>\t&#13;<br \/>\n&#13;<\/p>\n<p>&#13;<br \/>\n&#13;<br \/>\n&#13;<br \/>\n    &#13;<br \/>\n&#13;<br \/>\n&#13;<br \/>\n&#13;<br \/>\n    &#13;<br \/>\n&#13;<br \/>\n&#13;<\/p>\n<p>&#13;<br \/>\n&#13;<br \/>\n    &#13;<br \/>\n&#13;<\/p>\n<p>&#13;<\/p>\n<p>&#13;<br \/>\n\t\t&#13;<\/p>\n<p>Usamos cookies para garantir que oferecemos a melhor experi\u00eancia em nosso site. Se voc\u00ea continuar a usar este site, assumiremos que est\u00e1 satisfeito com ele.OK<\/p>\n<p>\t\t&#13;<br \/>\n\t\t&#13;<br \/>\n&#13;<\/p>\n","protected":false},"excerpt":{"rendered":"&#13; &#13; Angelo Oswaldo lan\u00e7a,\u00a0no Rio, o livro \u201cGeraes: Arte Barroca em Minas\u201d | Monitor Mercantil&#13; &#13; &#13;&hellip;\n","protected":false},"author":2,"featured_media":102313,"comment_status":"","ping_status":"","sticky":false,"template":"","format":"standard","meta":{"footnotes":""},"categories":[143],"tags":[169,114,115,170,32,33],"class_list":{"0":"post-102312","1":"post","2":"type-post","3":"status-publish","4":"format-standard","5":"has-post-thumbnail","7":"category-livros","8":"tag-books","9":"tag-entertainment","10":"tag-entretenimento","11":"tag-livros","12":"tag-portugal","13":"tag-pt"},"share_on_mastodon":{"url":"","error":""},"_links":{"self":[{"href":"https:\/\/www.europesays.com\/pt\/wp-json\/wp\/v2\/posts\/102312","targetHints":{"allow":["GET"]}}],"collection":[{"href":"https:\/\/www.europesays.com\/pt\/wp-json\/wp\/v2\/posts"}],"about":[{"href":"https:\/\/www.europesays.com\/pt\/wp-json\/wp\/v2\/types\/post"}],"author":[{"embeddable":true,"href":"https:\/\/www.europesays.com\/pt\/wp-json\/wp\/v2\/users\/2"}],"replies":[{"embeddable":true,"href":"https:\/\/www.europesays.com\/pt\/wp-json\/wp\/v2\/comments?post=102312"}],"version-history":[{"count":0,"href":"https:\/\/www.europesays.com\/pt\/wp-json\/wp\/v2\/posts\/102312\/revisions"}],"wp:featuredmedia":[{"embeddable":true,"href":"https:\/\/www.europesays.com\/pt\/wp-json\/wp\/v2\/media\/102313"}],"wp:attachment":[{"href":"https:\/\/www.europesays.com\/pt\/wp-json\/wp\/v2\/media?parent=102312"}],"wp:term":[{"taxonomy":"category","embeddable":true,"href":"https:\/\/www.europesays.com\/pt\/wp-json\/wp\/v2\/categories?post=102312"},{"taxonomy":"post_tag","embeddable":true,"href":"https:\/\/www.europesays.com\/pt\/wp-json\/wp\/v2\/tags?post=102312"}],"curies":[{"name":"wp","href":"https:\/\/api.w.org\/{rel}","templated":true}]}}