{"id":102316,"date":"2025-10-08T16:41:13","date_gmt":"2025-10-08T16:41:13","guid":{"rendered":"https:\/\/www.europesays.com\/pt\/102316\/"},"modified":"2025-10-08T16:41:13","modified_gmt":"2025-10-08T16:41:13","slug":"monopolizando-paradas-do-spotify-taylor-swift-indica-musica-de-outra-cantora-saiba-qual","status":"publish","type":"post","link":"https:\/\/www.europesays.com\/pt\/102316\/","title":{"rendered":"Monopolizando paradas do Spotify, Taylor Swift indica m\u00fasica de outra cantora: saiba qual"},"content":{"rendered":"<p><strong>Taylor Swift<\/strong> \u00e9 a artista mais ouvida do mundo no Spotify atualmente. <a href=\"https:\/\/portalpopline.com.br\/taylor-swift-top-12-inteiro-spotify-global-2o-dia-consecutivo-the-life-of-a-showgirl\/\" target=\"_blank\" rel=\"noopener nofollow\">As 12 faixas do \u00e1lbum <strong>\u201cThe Life of a Showgirl\u201d<\/strong> estrearam no Top 12 global da plataforma<\/a> e aparecem no Top 13 na atualiza\u00e7\u00e3o mais recente. Mas d\u00e1 para os f\u00e3s ouvirem outros artistas.<strong> Taylor<\/strong> indicou \u201cTIT FOR TAT\u201d, da<strong> Tate McRae<\/strong>, durante sua entrevista para <strong>Jimmy Fallon<\/strong> na segunda (6\/10). <a href=\"https:\/\/portalpopline.com.br\/taylor-swift-revela-artistas-favoritos-momento\/\" target=\"_blank\" rel=\"noopener nofollow\">Ela disse que tem ouvido muito <strong>Tate<\/strong>.<\/a><\/p>\n<p><img loading=\"lazy\" decoding=\"async\" aria-describedby=\"caption-attachment-999165\" class=\"size-full wp-image-999165\" src=\"data:image\/svg+xml,%3Csvg%20xmlns=\" http:=\"\" alt=\"Monopolizando paradas do Spotify, Taylor Swift indica m\u00fasica de outra cantora: saiba qual\" width=\"1500\" height=\"1000\" data-lazy-src=\"https:\/\/www.europesays.com\/pt\/wp-content\/uploads\/2025\/10\/taylor-swif-no-jimmy-fallon.jpg\"\/><\/p>\n<p id=\"caption-attachment-999165\" class=\"wp-caption-text\">(Foto: NBC)<\/p>\n<p>Leia mais:<\/p>\n<p>Ela contou que essa foi a \u00faltima m\u00fasica, cantada por outro artista, que ouviu antes da entrevista. J\u00e1 do repert\u00f3rio dela mesma, a \u00faltima foi \u201cThe Manuscript\u201d, porque ela tem o h\u00e1bito de ouvir seu \u00e1lbum anterior na v\u00e9spera do lan\u00e7amento de um novo. Como uma despedida.<\/p>\n<p><strong>Tate McRae<\/strong> ficou super feliz com a recomenda\u00e7\u00e3o de <strong>Taylor Swift<\/strong> na TV. Afinal, todos os olhares est\u00e3o voltados para a popstar nesta semana. <a href=\"https:\/\/portalpopline.com.br\/the-life-of-a-showgirl-3-milhoes-copias-vendidas-eua\/\" target=\"_blank\" rel=\"noopener nofollow\">O \u00e1lbum <strong>\u201cThe Life of a Showgirl\u201d<\/strong> j\u00e1 bateu tr\u00eas milh\u00f5es de c\u00f3pias vendidas nos Estados Unidos.<\/a> Tate comemorou a cita\u00e7\u00e3o de <strong>Taylor<\/strong> no Instagram:<\/p>\n<blockquote>\n<p>\u201cAi meu Deeeeeeeeeus! O qu\u00ea\u00ea\u00ea\u00ea\u00ea\u00ea?\u201d<\/p>\n<\/blockquote>\n<p><img loading=\"lazy\" decoding=\"async\" aria-describedby=\"caption-attachment-999162\" class=\"size-full wp-image-999162\" src=\"data:image\/svg+xml,%3Csvg%20xmlns=\" http:=\"\" alt=\"Monopolizando paradas do Spotify, Taylor Swift indica m\u00fasica de outra cantora: saiba qual\" width=\"1241\" height=\"1573\" data-lazy-src=\"https:\/\/www.europesays.com\/pt\/wp-content\/uploads\/2025\/10\/taylor-swift-tate-mcrae.jpg\"\/><\/p>\n<p id=\"caption-attachment-999162\" class=\"wp-caption-text\">(Foto: Instagram @tatemcrae)<\/p>\n<p>Essa \u00e9 a m\u00fasica indicada por Taylor Swift:<\/p>\n<p>O novo single da\u00a0<strong>Tate McRae<\/strong>,\u00a0\u201cTIT FOR TAT\u201d,\u00a0estreou em 3\u00ba lugar na Billboard Hot 100. \u00c9 a\u00a0<strong>melhor estreia de uma m\u00fasica solo da carreira de Tate na parada dos Estados Unidos<\/strong>. \u00c9 tamb\u00e9m a\u00a0<strong>melhor estreia da semana<\/strong>. A faixa \u00e9 interpretada como\u00a0<a href=\"https:\/\/portalpopline.com.br\/musica-nova-tate-mcrae-associacao-the-kid-laroi\/\" target=\"_blank\" rel=\"noopener nofollow\">uma resposta ao ex-namorado dela,\u00a0<strong>The Kid LAROI,<\/strong>\u00a0<\/a>que lan\u00e7ou uma can\u00e7\u00e3o sobre o t\u00e9rmino deles no in\u00edcio de setembro.<\/p>\n<p>\u201cTIT FOR TAT\u201d\u00a0fechou a semana de lan\u00e7amento nos Estados Unidos com 19,7 milh\u00f5es de reprodu\u00e7\u00f5es nas plataformas de streaming, dois mil downloads vendidos e 53 mil impress\u00f5es (execu\u00e7\u00f5es x audi\u00eancia) nas r\u00e1dios. Vale destacar que a RCA Records ainda est\u00e1 promovendo o single\u00a0\u201cRevolving Door\u201d\u00a0nas r\u00e1dios. A m\u00fasica est\u00e1 em 9\u00ba lugar na lista das mais tocadas no segmento pop.<\/p>\n","protected":false},"excerpt":{"rendered":"Taylor Swift \u00e9 a artista mais ouvida do mundo no Spotify atualmente. As 12 faixas do \u00e1lbum \u201cThe&hellip;\n","protected":false},"author":2,"featured_media":102317,"comment_status":"","ping_status":"","sticky":false,"template":"","format":"standard","meta":{"footnotes":""},"categories":[141],"tags":[114,115,20776,149,150,274,571,32,33,24838,13955,1973,22386],"class_list":{"0":"post-102316","1":"post","2":"type-post","3":"status-publish","4":"format-standard","5":"has-post-thumbnail","7":"category-musica","8":"tag-entertainment","9":"tag-entretenimento","10":"tag-indicacao","11":"tag-music","12":"tag-musica","13":"tag-musica-pop","14":"tag-plantao","15":"tag-portugal","16":"tag-pt","17":"tag-recomendacao","18":"tag-tate-mcrae","19":"tag-taylor-swift","20":"tag-tit-for-tat"},"share_on_mastodon":{"url":"","error":""},"_links":{"self":[{"href":"https:\/\/www.europesays.com\/pt\/wp-json\/wp\/v2\/posts\/102316","targetHints":{"allow":["GET"]}}],"collection":[{"href":"https:\/\/www.europesays.com\/pt\/wp-json\/wp\/v2\/posts"}],"about":[{"href":"https:\/\/www.europesays.com\/pt\/wp-json\/wp\/v2\/types\/post"}],"author":[{"embeddable":true,"href":"https:\/\/www.europesays.com\/pt\/wp-json\/wp\/v2\/users\/2"}],"replies":[{"embeddable":true,"href":"https:\/\/www.europesays.com\/pt\/wp-json\/wp\/v2\/comments?post=102316"}],"version-history":[{"count":0,"href":"https:\/\/www.europesays.com\/pt\/wp-json\/wp\/v2\/posts\/102316\/revisions"}],"wp:featuredmedia":[{"embeddable":true,"href":"https:\/\/www.europesays.com\/pt\/wp-json\/wp\/v2\/media\/102317"}],"wp:attachment":[{"href":"https:\/\/www.europesays.com\/pt\/wp-json\/wp\/v2\/media?parent=102316"}],"wp:term":[{"taxonomy":"category","embeddable":true,"href":"https:\/\/www.europesays.com\/pt\/wp-json\/wp\/v2\/categories?post=102316"},{"taxonomy":"post_tag","embeddable":true,"href":"https:\/\/www.europesays.com\/pt\/wp-json\/wp\/v2\/tags?post=102316"}],"curies":[{"name":"wp","href":"https:\/\/api.w.org\/{rel}","templated":true}]}}