{"id":102318,"date":"2025-10-08T16:42:08","date_gmt":"2025-10-08T16:42:08","guid":{"rendered":"https:\/\/www.europesays.com\/pt\/102318\/"},"modified":"2025-10-08T16:42:08","modified_gmt":"2025-10-08T16:42:08","slug":"wonder-man-ator-posta-foto-com-bone-da-serie-de-magnum","status":"publish","type":"post","link":"https:\/\/www.europesays.com\/pt\/102318\/","title":{"rendered":"Wonder Man | Ator posta foto com bon\u00e9 da s\u00e9rie de Magnum"},"content":{"rendered":"<p>O ator\u00a0<strong>Yahya Abdul-Maten II\u00a0<\/strong>postou uma foto com um bon\u00e9 da s\u00e9rie\u00a0<strong>Wonder Man<\/strong>,\u00a0nova produ\u00e7\u00e3o do <strong>MCU<\/strong>. Veja a seguir.<\/p>\n<p>A s\u00e9rie contar\u00e1 com 8 epis\u00f3dios com 30 minutos de dura\u00e7\u00e3o, conforme foi revelado pela\u00a0<strong>Disney<\/strong>.\u00a0Introduzido em 1964 nos quadrinhos, Wonder Man (Magnum no Brasil) \u00e9\u00a0Simon Williams,\u00a0que possui super for\u00e7a e j\u00e1 trabalhou como capanga do Bar\u00e3o Zemo, mas depois acabou conquistando a confian\u00e7a dos Vingadores, eventualmente se tornando membro fundador dos Vingadores da Costa Oeste. Apesar de ter trabalhado como cientista por muito tempo, o personagem eventualmente se tornou um ator e dubl\u00ea.<\/p>\n<p>Magnum se tornou uma celebridade, usando jaqueta vermelha e \u00f3culos escuros, e trabalhou tamb\u00e9m como ator e dubl\u00ea em Hollywood. Seus poderes incluem superfor\u00e7a, velocidade e a capacidade de projetar e manipular energia i\u00f4nica. Nos quadrinhos, ele j\u00e1 interagiu muito com o Vis\u00e3o e Wanda, chegando a se apaixonar pela Feiticeira Escarlate durante um tempo. A proposta da s\u00e9rie \u00e9 ser uma par\u00f3dia de Hollywood, usando o personagem para brincar com a ideia de super-her\u00f3is no cinema.<\/p>\n<p><strong>Yahya Abdul-Mateen II<\/strong>\u00a0(Watchmen)\u00a0viver\u00e1 o personagem principal da produ\u00e7\u00e3o, que tamb\u00e9m deve ter no elenco<strong>\u00a0Ben Kingsley<\/strong>\u00a0fazendo seu retorno como o infame Trevor Slattery, de\u00a0Homem de Ferro 3\u00a0e\u00a0Shang-Chi. H\u00e1 rumores de que a Marvel tamb\u00e9m quer\u00a0<strong>Bob Odenkirk\u00a0<\/strong>ocupando um papel importante na produ\u00e7\u00e3o.<\/p>\n<p><strong>Destin Daniel Cretton<\/strong>, de Shang-Chi, ser\u00e1 o produtor executivo e tamb\u00e9m deve dirigir alguns dos epis\u00f3dios de Wonder Man. O roteiro \u00e9 de <strong>Andrew Guest<\/strong>, de\u00a0Brooklyn 99\u00a0e\u00a0Community.\u00a0<strong>Stella Meghie<\/strong>, de\u00a0A Fotografia, tamb\u00e9m vai dirigir epis\u00f3dios.<\/p>\n<p data-gtm-vis-first-on-screen67967661_30=\"124208\" data-gtm-vis-has-fired67967661_30=\"1\" data-gtm-vis-total-visible-time67967661_30=\"100\">Wonder Man\u00a0ser\u00e1 lan\u00e7ado no <strong>Disney+<\/strong> em dezembro, mas ainda sem data oficial.<\/p>\n","protected":false},"excerpt":{"rendered":"O ator\u00a0Yahya Abdul-Maten II\u00a0postou uma foto com um bon\u00e9 da s\u00e9rie\u00a0Wonder Man,\u00a0nova produ\u00e7\u00e3o do MCU. Veja a seguir.&hellip;\n","protected":false},"author":2,"featured_media":102319,"comment_status":"","ping_status":"","sticky":false,"template":"","format":"standard","meta":{"footnotes":""},"categories":[140],"tags":[114,115,147,148,146,32,33],"class_list":{"0":"post-102318","1":"post","2":"type-post","3":"status-publish","4":"format-standard","5":"has-post-thumbnail","7":"category-filmes","8":"tag-entertainment","9":"tag-entretenimento","10":"tag-film","11":"tag-filmes","12":"tag-movies","13":"tag-portugal","14":"tag-pt"},"share_on_mastodon":{"url":"","error":""},"_links":{"self":[{"href":"https:\/\/www.europesays.com\/pt\/wp-json\/wp\/v2\/posts\/102318","targetHints":{"allow":["GET"]}}],"collection":[{"href":"https:\/\/www.europesays.com\/pt\/wp-json\/wp\/v2\/posts"}],"about":[{"href":"https:\/\/www.europesays.com\/pt\/wp-json\/wp\/v2\/types\/post"}],"author":[{"embeddable":true,"href":"https:\/\/www.europesays.com\/pt\/wp-json\/wp\/v2\/users\/2"}],"replies":[{"embeddable":true,"href":"https:\/\/www.europesays.com\/pt\/wp-json\/wp\/v2\/comments?post=102318"}],"version-history":[{"count":0,"href":"https:\/\/www.europesays.com\/pt\/wp-json\/wp\/v2\/posts\/102318\/revisions"}],"wp:featuredmedia":[{"embeddable":true,"href":"https:\/\/www.europesays.com\/pt\/wp-json\/wp\/v2\/media\/102319"}],"wp:attachment":[{"href":"https:\/\/www.europesays.com\/pt\/wp-json\/wp\/v2\/media?parent=102318"}],"wp:term":[{"taxonomy":"category","embeddable":true,"href":"https:\/\/www.europesays.com\/pt\/wp-json\/wp\/v2\/categories?post=102318"},{"taxonomy":"post_tag","embeddable":true,"href":"https:\/\/www.europesays.com\/pt\/wp-json\/wp\/v2\/tags?post=102318"}],"curies":[{"name":"wp","href":"https:\/\/api.w.org\/{rel}","templated":true}]}}