{"id":102326,"date":"2025-10-08T16:52:26","date_gmt":"2025-10-08T16:52:26","guid":{"rendered":"https:\/\/www.europesays.com\/pt\/102326\/"},"modified":"2025-10-08T16:52:26","modified_gmt":"2025-10-08T16:52:26","slug":"noruega-estreia-o-primeiro-armazem-de-carbono-sob-o-mar","status":"publish","type":"post","link":"https:\/\/www.europesays.com\/pt\/102326\/","title":{"rendered":"Noruega estreia o primeiro armaz\u00e9m de carbono sob o mar"},"content":{"rendered":"<p>Foram injetados e armazenados com sucesso os primeiros volumes de CO\u2082 no reservat\u00f3rio Aurora, da Noruega, a 2.600 metros sob o leito marinho do Mar do Norte. Este marco assinala o in\u00edcio da primeira instala\u00e7\u00e3o mundial de transporte e armazenamento de CO\u2082 para terceiros.<\/p>\n<p><a target=\"_blank\" href=\"https:\/\/pplware.sapo.pt\/wp-content\/uploads\/2025\/10\/enterrar_co2_00.webp\" rel=\"nofollow noopener\"><img fetchpriority=\"high\" decoding=\"async\" src=\"https:\/\/www.europesays.com\/pt\/wp-content\/uploads\/2025\/10\/enterrar_co2_00-720x405.webp.webp\" alt=\"\" width=\"720\" height=\"405\" class=\"aligncenter size-medium wp-image-1082214\"  \/><\/a><\/p>\n<p><strong>9 pontos importantes do artigo:<\/strong><\/p>\n<ul>\n<li>Primeiro CO\u2082 injetado sob o mar.<\/li>\n<li>2.600 metros de profundidade.<\/li>\n<li>F\u00e1brica de cimento na Noruega, origem do CO\u2082.<\/li>\n<li>Transporte mar\u00edtimo + tubagem submarina.<\/li>\n<li>Fase 1: 1,5 milh\u00f5es de toneladas\/ano.<\/li>\n<li>Fase 2: m\u00ednimo 5 milh\u00f5es de toneladas\/ano.<\/li>\n<li>Projeto pioneiro na Europa.<\/li>\n<li>Apoio decisivo da Noruega e da UE.<\/li>\n<li>Refer\u00eancia mundial em captura e armazenamento de carbono.<\/li>\n<\/ul>\n<p>Primeiro CO\u2082 armazenado no Northern Lights<\/p>\n<p>As instala\u00e7\u00f5es de captura e armazenamento de carbono (CAC) do projeto <a target=\"_blank\" href=\"https:\/\/www.equinor.com\/energy\/northern-lights\" rel=\"nofollow noopener\">Northern Lights<\/a>, localizadas em \u00d8ygarden, na Noruega, marcaram um feito mundial: <strong>come\u00e7aram a armazenar CO\u2082 a 2.600 metros sob o leito marinho do Mar do Norte<\/strong>.<\/p>\n<p>Este passo torna o projeto na primeira infraestrutura aberta a terceiros, um avan\u00e7o crucial para descarbonizar setores dif\u00edceis de eletrificar, como o cimento, o a\u00e7o e os res\u00edduos urbanos.<\/p>\n<p>O CO\u2082 prov\u00e9m da f\u00e1brica de cimento da Heidelberg Materials em Brevik, onde \u00e9 capturado, liquefeito e transportado por navio at\u00e9 \u00d8ygarden.<\/p>\n<p>A partir da\u00ed, \u00e9 bombeado atrav\u00e9s de uma tubagem submarina de 100 quil\u00f3metros at\u00e9 ao reservat\u00f3rio geol\u00f3gico Aurora, onde fica confinado de forma permanente numa forma\u00e7\u00e3o salina profunda, sem risco de fuga para o exterior.<\/p>\n<p><a target=\"_blank\" href=\"https:\/\/pplware.sapo.pt\/wp-content\/uploads\/2025\/10\/enterrar_co2_02.webp\" rel=\"nofollow noopener\"><img loading=\"lazy\" decoding=\"async\" src=\"https:\/\/www.europesays.com\/pt\/wp-content\/uploads\/2025\/10\/enterrar_co2_02-720x405.webp.webp\" alt=\"\" width=\"720\" height=\"405\" class=\"aligncenter size-medium wp-image-1082215\"  \/><\/a><\/p>\n<p>Uma infraestrutura com impacto tang\u00edvel<\/p>\n<p>Este projeto n\u00e3o \u00e9 uma experi\u00eancia, mas sim uma solu\u00e7\u00e3o operacional que reduz diretamente as emiss\u00f5es de gases com efeito de estufa na Europa.<\/p>\n<p>Na sua fase inicial, o Northern Lights poder\u00e1 armazenar 1,5 milh\u00f5es de toneladas de CO\u2082 por ano, uma capacidade j\u00e1 totalmente contratada. \u00c9 o equivalente \u00e0s emiss\u00f5es anuais de mais de 320.000 ve\u00edculos particulares.<\/p>\n<p>O mais relevante aqui n\u00e3o \u00e9 apenas o volume, mas o modelo: uma cadeia de valor completa e funcional, desde a captura at\u00e9 ao armazenamento, acess\u00edvel a ind\u00fastrias de diferentes pa\u00edses.<\/p>\n<p>A participa\u00e7\u00e3o da Equinor, Shell e TotalEnergies refor\u00e7a a sua viabilidade t\u00e9cnica e financeira, enquanto o apoio do Governo da Noruega, que cobre cerca de 80% dos custos da primeira fase, foi decisivo.<\/p>\n<p><a target=\"_blank\" href=\"https:\/\/pplware.sapo.pt\/wp-content\/uploads\/2025\/10\/enterrar_co2_01.webp\" rel=\"nofollow noopener\"><img loading=\"lazy\" decoding=\"async\" src=\"https:\/\/www.europesays.com\/pt\/wp-content\/uploads\/2025\/10\/enterrar_co2_01-720x405.webp.webp\" alt=\"\" width=\"720\" height=\"405\" class=\"aligncenter size-medium wp-image-1082211\"  \/><\/a><\/p>\n<p>Rumo a uma amplia\u00e7\u00e3o em escala industrial<\/p>\n<p>Com a inje\u00e7\u00e3o de CO\u2082 j\u00e1 em curso, o Northern Lights entrou plenamente na sua fase 2 de expans\u00e3o, que permitir\u00e1 armazenar pelo menos 5 milh\u00f5es de toneladas por ano.\u00a0O impulso final chegou ap\u00f3s a assinatura de um acordo com a Stockholm Exergi, que enviar\u00e1 at\u00e9 900.000 toneladas de CO\u2082 por ano a partir da Su\u00e9cia.<\/p>\n<p>A amplia\u00e7\u00e3o inclui a constru\u00e7\u00e3o de um novo cais, mais tanques de armazenamento em terra e novos po\u00e7os de inje\u00e7\u00e3o, tudo baseado na infraestrutura j\u00e1 existente.\u00a0No ver\u00e3o de 2025 foram entregues nove novos tanques de CO\u2082 em \u00d8ygarden, o que demonstra o ritmo acelerado do projeto.<\/p>\n<p>Este crescimento foi apoiado pela Uni\u00e3o Europeia, que atribuiu 131 milh\u00f5es de euros atrav\u00e9s do programa Connecting Europe Facility for Energy (CEF Energy).<\/p>\n<p>Este financiamento reafirma o papel estrat\u00e9gico da CAC nos planos clim\u00e1ticos europeus e antecipa um ecossistema transfronteiri\u00e7o de descarboniza\u00e7\u00e3o.<\/p>\n<p style=\"text-align: center;\">\n<p>Um modelo replic\u00e1vel para a Europa e al\u00e9m<\/p>\n<p>O que distingue o Northern Lights \u00e9 que n\u00e3o se trata de um projeto isolado. Faz parte do programa Longship, a iniciativa abrangente do Governo da Noruega para desenvolver a captura e armazenamento de carbono em grande escala.<\/p>\n<p>A sua abordagem \u00e9 aberta e colaborativa: qualquer empresa emissora de CO\u2082 que cumpra os requisitos t\u00e9cnicos pode utilizar a infraestrutura.\u00a0Este tipo de plataforma partilhada reduz significativamente os custos unit\u00e1rios para empresas mais pequenas ou sem acesso a infraestrutura pr\u00f3pria.<\/p>\n<p>Nesse sentido, o Northern Lights abre caminho para uma descarboniza\u00e7\u00e3o mais democr\u00e1tica e r\u00e1pida, algo essencial para cumprir os objetivos do Acordo de Paris.<\/p>\n","protected":false},"excerpt":{"rendered":"Foram injetados e armazenados com sucesso os primeiros volumes de CO\u2082 no reservat\u00f3rio Aurora, da Noruega, a 2.600&hellip;\n","protected":false},"author":2,"featured_media":102327,"comment_status":"","ping_status":"","sticky":false,"template":"","format":"standard","meta":{"footnotes":""},"categories":[83],"tags":[88,8654,89,90,965,32,33],"class_list":{"0":"post-102326","1":"post","2":"type-post","3":"status-publish","4":"format-standard","5":"has-post-thumbnail","7":"category-empresas","8":"tag-business","9":"tag-carbono","10":"tag-economy","11":"tag-empresas","12":"tag-noruega","13":"tag-portugal","14":"tag-pt"},"share_on_mastodon":{"url":"","error":""},"_links":{"self":[{"href":"https:\/\/www.europesays.com\/pt\/wp-json\/wp\/v2\/posts\/102326","targetHints":{"allow":["GET"]}}],"collection":[{"href":"https:\/\/www.europesays.com\/pt\/wp-json\/wp\/v2\/posts"}],"about":[{"href":"https:\/\/www.europesays.com\/pt\/wp-json\/wp\/v2\/types\/post"}],"author":[{"embeddable":true,"href":"https:\/\/www.europesays.com\/pt\/wp-json\/wp\/v2\/users\/2"}],"replies":[{"embeddable":true,"href":"https:\/\/www.europesays.com\/pt\/wp-json\/wp\/v2\/comments?post=102326"}],"version-history":[{"count":0,"href":"https:\/\/www.europesays.com\/pt\/wp-json\/wp\/v2\/posts\/102326\/revisions"}],"wp:featuredmedia":[{"embeddable":true,"href":"https:\/\/www.europesays.com\/pt\/wp-json\/wp\/v2\/media\/102327"}],"wp:attachment":[{"href":"https:\/\/www.europesays.com\/pt\/wp-json\/wp\/v2\/media?parent=102326"}],"wp:term":[{"taxonomy":"category","embeddable":true,"href":"https:\/\/www.europesays.com\/pt\/wp-json\/wp\/v2\/categories?post=102326"},{"taxonomy":"post_tag","embeddable":true,"href":"https:\/\/www.europesays.com\/pt\/wp-json\/wp\/v2\/tags?post=102326"}],"curies":[{"name":"wp","href":"https:\/\/api.w.org\/{rel}","templated":true}]}}