{"id":102330,"date":"2025-10-08T16:54:07","date_gmt":"2025-10-08T16:54:07","guid":{"rendered":"https:\/\/www.europesays.com\/pt\/102330\/"},"modified":"2025-10-08T16:54:07","modified_gmt":"2025-10-08T16:54:07","slug":"nervos-trairam-jovens-traficantes-em-matosinhos","status":"publish","type":"post","link":"https:\/\/www.europesays.com\/pt\/102330\/","title":{"rendered":"Nervos tra\u00edram jovens traficantes em Matosinhos"},"content":{"rendered":"<p>Segundo a GNR, os militares mandaram parar os suspeitos no \u00e2mbito de uma a\u00e7\u00e3o de fiscaliza\u00e7\u00e3o rodovi\u00e1ria. No decorrer da a\u00e7\u00e3o, e &#8220;dado o evidente nervosismo dos dois homens que seguiam na viatura&#8221;, foi realizada uma busca ao ve\u00edculo, e duas revistas pessoais de seguran\u00e7a aos ocupantes, tendo sido detetado produto estupefaciente.<\/p>\n<p data-remotead-prev-elm=\"true\" data-remotead-elm-id=\"inread\">Da a\u00e7\u00e3o resultou a apreens\u00e3o de 199 doses de haxixe, 79 de coca\u00edna, 13 de hero\u00edna e 646 euros em dinheiro.<\/p>\n<p>Os factos foram remetidos ao Tribunal Judicial de Matosinhos.<\/p>\n","protected":false},"excerpt":{"rendered":"Segundo a GNR, os militares mandaram parar os suspeitos no \u00e2mbito de uma a\u00e7\u00e3o de fiscaliza\u00e7\u00e3o rodovi\u00e1ria. No&hellip;\n","protected":false},"author":2,"featured_media":102331,"comment_status":"","ping_status":"","sticky":false,"template":"","format":"standard","meta":{"footnotes":""},"categories":[10],"tags":[27,28,19764,15,16,2002,24839,14,603,25,26,21,22,6406,12,13,19,20,32,23,24,33,17,18,29,30,31],"class_list":{"0":"post-102330","1":"post","2":"type-post","3":"status-publish","4":"format-standard","5":"has-post-thumbnail","7":"category-portugal","8":"tag-breaking-news","9":"tag-breakingnews","10":"tag-cocaina","11":"tag-featured-news","12":"tag-featurednews","13":"tag-gnr","14":"tag-haxixe","15":"tag-headlines","16":"tag-justica","17":"tag-latest-news","18":"tag-latestnews","19":"tag-main-news","20":"tag-mainnews","21":"tag-matosinhos","22":"tag-news","23":"tag-noticias","24":"tag-noticias-principais","25":"tag-noticiasprincipais","26":"tag-portugal","27":"tag-principais-noticias","28":"tag-principaisnoticias","29":"tag-pt","30":"tag-top-stories","31":"tag-topstories","32":"tag-ultimas","33":"tag-ultimas-noticias","34":"tag-ultimasnoticias"},"share_on_mastodon":{"url":"","error":""},"_links":{"self":[{"href":"https:\/\/www.europesays.com\/pt\/wp-json\/wp\/v2\/posts\/102330","targetHints":{"allow":["GET"]}}],"collection":[{"href":"https:\/\/www.europesays.com\/pt\/wp-json\/wp\/v2\/posts"}],"about":[{"href":"https:\/\/www.europesays.com\/pt\/wp-json\/wp\/v2\/types\/post"}],"author":[{"embeddable":true,"href":"https:\/\/www.europesays.com\/pt\/wp-json\/wp\/v2\/users\/2"}],"replies":[{"embeddable":true,"href":"https:\/\/www.europesays.com\/pt\/wp-json\/wp\/v2\/comments?post=102330"}],"version-history":[{"count":0,"href":"https:\/\/www.europesays.com\/pt\/wp-json\/wp\/v2\/posts\/102330\/revisions"}],"wp:featuredmedia":[{"embeddable":true,"href":"https:\/\/www.europesays.com\/pt\/wp-json\/wp\/v2\/media\/102331"}],"wp:attachment":[{"href":"https:\/\/www.europesays.com\/pt\/wp-json\/wp\/v2\/media?parent=102330"}],"wp:term":[{"taxonomy":"category","embeddable":true,"href":"https:\/\/www.europesays.com\/pt\/wp-json\/wp\/v2\/categories?post=102330"},{"taxonomy":"post_tag","embeddable":true,"href":"https:\/\/www.europesays.com\/pt\/wp-json\/wp\/v2\/tags?post=102330"}],"curies":[{"name":"wp","href":"https:\/\/api.w.org\/{rel}","templated":true}]}}