{"id":102338,"date":"2025-10-08T17:02:19","date_gmt":"2025-10-08T17:02:19","guid":{"rendered":"https:\/\/www.europesays.com\/pt\/102338\/"},"modified":"2025-10-08T17:02:19","modified_gmt":"2025-10-08T17:02:19","slug":"duna-3-tem-um-guiao-fenomenal-diz-atriz","status":"publish","type":"post","link":"https:\/\/www.europesays.com\/pt\/102338\/","title":{"rendered":"Duna 3 tem um gui\u00e3o fenomenal, diz atriz"},"content":{"rendered":"<p>Duna: Parte 3 \u00e9 a \u00faltima parte da adapta\u00e7\u00e3o liderada por Denis Villeneuve, um filme que contar\u00e1 com v\u00e1rias novas faces, mas tamb\u00e9m com o regresso de outras que j\u00e1 viste nos dois filmes j\u00e1 dispon\u00edveis, incluindo Rebecca Ferguson.<\/p>\n<p>Numa conversa com o IndieWire, Ferguson revelou que j\u00e1 filmou as suas cenas para o filme Duna: Parte 3, onde n\u00e3o tem uma grande parte, uma vez que a sua personagem \u201cmal aparece no livro\u201d.<\/p>\n<p>\u201cN\u00e3o sei se era suposto estar no filme e o Denis teve uma pequena ideia. O gui\u00e3o \u00e9 fenomenal, \u00e9 mesmo dif\u00edcil criar um filme, \u00e9 um livro muito denso. H\u00e1 imenso para contar,\u201d disse a atriz que tamb\u00e9m elogiou o realizador pelo seu esfor\u00e7o e manter conex\u00f5es ao livro.<\/p>\n<p>Ferguson junta-se a Timoth\u00e9e Chalamet (Paul Atreides), Zendaya (Chani), Florence Pugh (Princess Irulan), Josh Brolin (Gurney Halleck) e Jason Momoa (Duncan Idaho) como parte do elenco que regressa dos filmes anteriores para Duna: Parte 3, que v\u00e3o contar com a companhia de novos nomes como Nakoa-Wolf Momoa e Ida Brooke.<\/p>\n<p>Desta forma, a atriz refor\u00e7a a sensa\u00e7\u00e3o que Denis Villeneuve vai tomar algumas liberdades criativas na sua adapta\u00e7\u00e3o ao combinar eventos de outros livros nesta terceira parte, mas teremos de esperar por dezembro de 2026 para saber os seus planos concretos.<\/p>\n","protected":false},"excerpt":{"rendered":"Duna: Parte 3 \u00e9 a \u00faltima parte da adapta\u00e7\u00e3o liderada por Denis Villeneuve, um filme que contar\u00e1 com&hellip;\n","protected":false},"author":2,"featured_media":102339,"comment_status":"","ping_status":"","sticky":false,"template":"","format":"standard","meta":{"footnotes":""},"categories":[140],"tags":[114,115,147,148,146,32,33],"class_list":{"0":"post-102338","1":"post","2":"type-post","3":"status-publish","4":"format-standard","5":"has-post-thumbnail","7":"category-filmes","8":"tag-entertainment","9":"tag-entretenimento","10":"tag-film","11":"tag-filmes","12":"tag-movies","13":"tag-portugal","14":"tag-pt"},"share_on_mastodon":{"url":"","error":""},"_links":{"self":[{"href":"https:\/\/www.europesays.com\/pt\/wp-json\/wp\/v2\/posts\/102338","targetHints":{"allow":["GET"]}}],"collection":[{"href":"https:\/\/www.europesays.com\/pt\/wp-json\/wp\/v2\/posts"}],"about":[{"href":"https:\/\/www.europesays.com\/pt\/wp-json\/wp\/v2\/types\/post"}],"author":[{"embeddable":true,"href":"https:\/\/www.europesays.com\/pt\/wp-json\/wp\/v2\/users\/2"}],"replies":[{"embeddable":true,"href":"https:\/\/www.europesays.com\/pt\/wp-json\/wp\/v2\/comments?post=102338"}],"version-history":[{"count":0,"href":"https:\/\/www.europesays.com\/pt\/wp-json\/wp\/v2\/posts\/102338\/revisions"}],"wp:featuredmedia":[{"embeddable":true,"href":"https:\/\/www.europesays.com\/pt\/wp-json\/wp\/v2\/media\/102339"}],"wp:attachment":[{"href":"https:\/\/www.europesays.com\/pt\/wp-json\/wp\/v2\/media?parent=102338"}],"wp:term":[{"taxonomy":"category","embeddable":true,"href":"https:\/\/www.europesays.com\/pt\/wp-json\/wp\/v2\/categories?post=102338"},{"taxonomy":"post_tag","embeddable":true,"href":"https:\/\/www.europesays.com\/pt\/wp-json\/wp\/v2\/tags?post=102338"}],"curies":[{"name":"wp","href":"https:\/\/api.w.org\/{rel}","templated":true}]}}