{"id":102351,"date":"2025-10-08T17:14:08","date_gmt":"2025-10-08T17:14:08","guid":{"rendered":"https:\/\/www.europesays.com\/pt\/102351\/"},"modified":"2025-10-08T17:14:08","modified_gmt":"2025-10-08T17:14:08","slug":"pedro-ve-liliana-e-fabio-a-dormir-em-conchinha-e-reage-que-vergonha-amanha-isto-ja-acaba-tudo-secret-story","status":"publish","type":"post","link":"https:\/\/www.europesays.com\/pt\/102351\/","title":{"rendered":"Pedro v\u00ea Liliana e F\u00e1bio a dormir em conchinha e reage: \u00abQue vergonha (\u2026) amanh\u00e3 isto j\u00e1 acaba tudo\u00bb &#8211; Secret Story"},"content":{"rendered":"<p>No Secret Story 9, Pedro v\u00ea Liliana e F\u00e1bio a dormir em conchinha e sussurra que \u00e9 uma vergonha e que n\u00e3o pode acontecer.\u00a0<\/p>\n<p><strong>Esta semana h\u00e1 6 concorrentes em risco. Vote para salvar:<\/strong><\/p>\n<p><strong>ANA &#8211; 761 20 20 01<br \/>ANA CRISTINA &#8211; 761 20 20 02<br \/>DYLAN &#8211; 761 20 20 07<br \/>F\u00c1BIO &#8211; 761 20 20 08<br \/>LEANDRO &#8211; 761 20 20 12<br \/>L\u00cdDIA &#8211; 761 20 20 13<\/strong><\/p>\n<p> Mantenha-se a par dos \u00faltimos acontecimentos: <\/p>\n<p><strong><a href=\"https:\/\/tvi.iol.pt\/secretstory\/\" wbo-id=\"34\" rel=\"nofollow noopener\" target=\"_blank\">Continue a acompanhar tudo no site do Secret Story e na app do TVI Reality.<\/a><\/strong><\/p>\n","protected":false},"excerpt":{"rendered":"No Secret Story 9, Pedro v\u00ea Liliana e F\u00e1bio a dormir em conchinha e sussurra que \u00e9 uma&hellip;\n","protected":false},"author":2,"featured_media":102352,"comment_status":"","ping_status":"","sticky":false,"template":"","format":"standard","meta":{"footnotes":""},"categories":[142],"tags":[114,115,19082,19033,19016,19034,14646,32,33,151,19032],"class_list":{"0":"post-102351","1":"post","2":"type-post","3":"status-publish","4":"format-standard","5":"has-post-thumbnail","7":"category-tv","8":"tag-entertainment","9":"tag-entretenimento","10":"tag-fabio","11":"tag-galas-em-video","12":"tag-liliana","13":"tag-melhores-momentos-casa-dos-segredos","14":"tag-pedro","15":"tag-portugal","16":"tag-pt","17":"tag-tv","18":"tag-videos-secret-story-tvi"},"share_on_mastodon":{"url":"","error":""},"_links":{"self":[{"href":"https:\/\/www.europesays.com\/pt\/wp-json\/wp\/v2\/posts\/102351","targetHints":{"allow":["GET"]}}],"collection":[{"href":"https:\/\/www.europesays.com\/pt\/wp-json\/wp\/v2\/posts"}],"about":[{"href":"https:\/\/www.europesays.com\/pt\/wp-json\/wp\/v2\/types\/post"}],"author":[{"embeddable":true,"href":"https:\/\/www.europesays.com\/pt\/wp-json\/wp\/v2\/users\/2"}],"replies":[{"embeddable":true,"href":"https:\/\/www.europesays.com\/pt\/wp-json\/wp\/v2\/comments?post=102351"}],"version-history":[{"count":0,"href":"https:\/\/www.europesays.com\/pt\/wp-json\/wp\/v2\/posts\/102351\/revisions"}],"wp:featuredmedia":[{"embeddable":true,"href":"https:\/\/www.europesays.com\/pt\/wp-json\/wp\/v2\/media\/102352"}],"wp:attachment":[{"href":"https:\/\/www.europesays.com\/pt\/wp-json\/wp\/v2\/media?parent=102351"}],"wp:term":[{"taxonomy":"category","embeddable":true,"href":"https:\/\/www.europesays.com\/pt\/wp-json\/wp\/v2\/categories?post=102351"},{"taxonomy":"post_tag","embeddable":true,"href":"https:\/\/www.europesays.com\/pt\/wp-json\/wp\/v2\/tags?post=102351"}],"curies":[{"name":"wp","href":"https:\/\/api.w.org\/{rel}","templated":true}]}}