{"id":102378,"date":"2025-10-08T17:37:19","date_gmt":"2025-10-08T17:37:19","guid":{"rendered":"https:\/\/www.europesays.com\/pt\/102378\/"},"modified":"2025-10-08T17:37:19","modified_gmt":"2025-10-08T17:37:19","slug":"medico-e-enfermeiro-condenados-por-morte-de-doente-alergico-a-penicilina","status":"publish","type":"post","link":"https:\/\/www.europesays.com\/pt\/102378\/","title":{"rendered":"M\u00e9dico e enfermeiro condenados por morte de doente al\u00e9rgico \u00e0 penicilina"},"content":{"rendered":"<p>O m\u00e9dico e o enfermeiro respons\u00e1veis pela prescri\u00e7\u00e3o e administra\u00e7\u00e3o do medicamento come\u00e7aram por ser absolvidos pelo tribunal de primeira inst\u00e2ncia, mas, ap\u00f3s recurso, foram condenados pela Rela\u00e7\u00e3o do Porto, por crime de ofensa \u00e0 integridade f\u00edsica por neglig\u00eancia, a pagar 900 euros de multa e, ainda, uma indemniza\u00e7\u00e3o de 25 mil euros ao filho do doente. Tal senten\u00e7a foi agora confirmada pelo Supremo Tribunal de Justi\u00e7a.<\/p>\n<p data-remotead-prev-elm=\"true\" data-remotead-elm-id=\"inread\">O paciente tinha sofrido um acidente de via\u00e7\u00e3o, a 4 de janeiro de 2015, no IC5, em Vila Real. Foi operado a v\u00e1rias fraturas no hospital local, onde foi registado no processo cl\u00ednico do doente que era al\u00e9rgico \u00e0 penicilina. Dois dias depois, o homem seria transferido para a Unidade Local de Sa\u00fade de Matosinhos, na sua \u00e1rea de resid\u00eancia, j\u00e1 medicado com outro antibi\u00f3tico adequado ao seu caso (clindamicina).<\/p>\n<p>Acesso exclusivo a assinantes<\/p>\n<p>Acesso ilimitado a conte\u00fados exclusivos<\/p>\n<p>Navega\u00e7\u00e3o sem publicidade intrusiva<\/p>\n<p>Vers\u00e3o digital do jornal, suplementos e revistas<\/p>\n","protected":false},"excerpt":{"rendered":"O m\u00e9dico e o enfermeiro respons\u00e1veis pela prescri\u00e7\u00e3o e administra\u00e7\u00e3o do medicamento come\u00e7aram por ser absolvidos pelo tribunal&hellip;\n","protected":false},"author":2,"featured_media":102379,"comment_status":"","ping_status":"","sticky":false,"template":"","format":"standard","meta":{"footnotes":""},"categories":[10],"tags":[27,28,15,16,14,24842,603,25,26,21,22,12,13,19,20,24841,32,23,24,33,17,18,29,30,31],"class_list":{"0":"post-102378","1":"post","2":"type-post","3":"status-publish","4":"format-standard","5":"has-post-thumbnail","7":"category-portugal","8":"tag-breaking-news","9":"tag-breakingnews","10":"tag-featured-news","11":"tag-featurednews","12":"tag-headlines","13":"tag-hospital-de-pedro-hispano","14":"tag-justica","15":"tag-latest-news","16":"tag-latestnews","17":"tag-main-news","18":"tag-mainnews","19":"tag-news","20":"tag-noticias","21":"tag-noticias-principais","22":"tag-noticiasprincipais","23":"tag-penicilina","24":"tag-portugal","25":"tag-principais-noticias","26":"tag-principaisnoticias","27":"tag-pt","28":"tag-top-stories","29":"tag-topstories","30":"tag-ultimas","31":"tag-ultimas-noticias","32":"tag-ultimasnoticias"},"share_on_mastodon":{"url":"","error":""},"_links":{"self":[{"href":"https:\/\/www.europesays.com\/pt\/wp-json\/wp\/v2\/posts\/102378","targetHints":{"allow":["GET"]}}],"collection":[{"href":"https:\/\/www.europesays.com\/pt\/wp-json\/wp\/v2\/posts"}],"about":[{"href":"https:\/\/www.europesays.com\/pt\/wp-json\/wp\/v2\/types\/post"}],"author":[{"embeddable":true,"href":"https:\/\/www.europesays.com\/pt\/wp-json\/wp\/v2\/users\/2"}],"replies":[{"embeddable":true,"href":"https:\/\/www.europesays.com\/pt\/wp-json\/wp\/v2\/comments?post=102378"}],"version-history":[{"count":0,"href":"https:\/\/www.europesays.com\/pt\/wp-json\/wp\/v2\/posts\/102378\/revisions"}],"wp:featuredmedia":[{"embeddable":true,"href":"https:\/\/www.europesays.com\/pt\/wp-json\/wp\/v2\/media\/102379"}],"wp:attachment":[{"href":"https:\/\/www.europesays.com\/pt\/wp-json\/wp\/v2\/media?parent=102378"}],"wp:term":[{"taxonomy":"category","embeddable":true,"href":"https:\/\/www.europesays.com\/pt\/wp-json\/wp\/v2\/categories?post=102378"},{"taxonomy":"post_tag","embeddable":true,"href":"https:\/\/www.europesays.com\/pt\/wp-json\/wp\/v2\/tags?post=102378"}],"curies":[{"name":"wp","href":"https:\/\/api.w.org\/{rel}","templated":true}]}}