{"id":102393,"date":"2025-10-08T17:50:21","date_gmt":"2025-10-08T17:50:21","guid":{"rendered":"https:\/\/www.europesays.com\/pt\/102393\/"},"modified":"2025-10-08T17:50:21","modified_gmt":"2025-10-08T17:50:21","slug":"alemanha-declara-guerra-aos-drones-com-novo-sistema-laser-no-aeroporto-de-munique","status":"publish","type":"post","link":"https:\/\/www.europesays.com\/pt\/102393\/","title":{"rendered":"Alemanha declara guerra aos drones com novo sistema laser no aeroporto de Munique"},"content":{"rendered":"<p>A guerra dos drones. Perante o aumento de avistamentos destas pequenas m\u00e1quinas voadoras em zonas cr\u00edticas, a Alemanha decidiu agir. As autoridades instalaram um sistema de laser junto ao aeroporto de Munique, numa medida in\u00e9dita que marca o in\u00edcio de uma nova fase na defesa contra amea\u00e7as a\u00e9reas n\u00e3o tripuladas.<\/p>\n<p><a target=\"_blank\" href=\"https:\/\/pplware.sapo.pt\/wp-content\/uploads\/2025\/10\/alemanha_laser_aeroporto00.webp\" rel=\"nofollow noopener\"><img fetchpriority=\"high\" decoding=\"async\" src=\"https:\/\/www.europesays.com\/pt\/wp-content\/uploads\/2025\/10\/alemanha_laser_aeroporto00-720x405.webp.webp\" alt=\"Imagem de carros da pol\u00edcia para detetar e abater drones no aeroporto der Munique\" width=\"720\" height=\"405\" class=\"aligncenter wp-image-1082219 size-medium\"  \/><\/a><\/p>\n<p>Laser colocado junto ao aeroporto<\/p>\n<p>O jornal alem\u00e3o <a target=\"_blank\" href=\"https:\/\/www.bild.de\/regional\/muenchen\/drohnen-am-flughafen-muenchen-polizei-bringt-laser-in-stellung-68e146d589973cba61e817bb?utm_source=pplware.com\" rel=\"nofollow noopener\">Bild<\/a> revelou que as autoridades instalaram um sistema de laser nas proximidades do Aeroporto de Munique, preparado para atuar em caso de novos avistamentos de drones.<\/p>\n<p>Segundo o jornal, que cita fontes de seguran\u00e7a an\u00f3nimas, o equipamento permitir\u00e1 determinar a dist\u00e2ncia entre o drone e o aeroporto.<\/p>\n<p><a target=\"_blank\" href=\"https:\/\/pplware.sapo.pt\/wp-content\/uploads\/2025\/10\/alemanha_laser_aeroporto01.webp\" rel=\"nofollow noopener\"><img loading=\"lazy\" decoding=\"async\" src=\"https:\/\/www.europesays.com\/pt\/wp-content\/uploads\/2025\/10\/alemanha_laser_aeroporto01-720x405.webp.webp\" alt=\"Imagem do aeroporto de Munique onde apareceram os drones\" width=\"720\" height=\"405\" class=\"aligncenter wp-image-1082220 size-medium\"  \/><\/a><\/p>\n<p>Encerramentos e opera\u00e7\u00f5es de busca<\/p>\n<p>A not\u00edcia surge depois de o <strong>aeroporto de Munique ter sido encerrado durante dois dias<\/strong> consecutivos na semana passada devido a voos suspeitos de drones.<\/p>\n<p>Os primeiros avistamentos ocorreram por volta das 20h30 de 2 de outubro nas \u00e1reas circundantes, incluindo as cidades de Freising e Erding. Posteriormente, <strong>os drones foram vistos junto \u00e0 veda\u00e7\u00e3o<\/strong> e, duas horas depois, novamente em redor do aeroporto, de acordo com um comunicado da administra\u00e7\u00e3o aeroportu\u00e1ria.<\/p>\n<p>O <strong>encerramento preventivo levou ao cancelamento de 17 voos<\/strong> e ao desvio de outros 15 para Estugarda, Nuremberga, Viena e Frankfurt, enquanto a pol\u00edcia lan\u00e7ava \u201c<a target=\"_blank\" href=\"https:\/\/www.munich-airport.com\/press-drone-sighting-at-munich-airport-35709068\" rel=\"nofollow noopener\">opera\u00e7\u00f5es de busca extensivas<\/a>\u201d na zona. Foram montadas camas de campanha com cobertores, bebidas e snacks para os passageiros afetados.<\/p>\n<p>No dia seguinte, a pol\u00edcia alem\u00e3 <a target=\"_blank\" href=\"https:\/\/apnews.com\/article\/germany-drone-sightings-airport-closure-munich-3188f09a96daedc2aeb86aa07d0b4073\" rel=\"nofollow noopener\">relatou dois novos<\/a> avistamentos, pouco antes das 23h00, perto das pistas norte e sul, mas os drones afastaram-se antes de poderem ser identificados.<\/p>\n<p>Na manh\u00e3 de 4 de outubro, novos avistamentos provocaram o <strong>cancelamento ou desvio de mais 170 voos<\/strong>.<\/p>\n<p><a target=\"_blank\" href=\"https:\/\/pplware.sapo.pt\/wp-content\/uploads\/2025\/10\/alemanha_laser_aeroporto02.webp\" rel=\"nofollow noopener\"><img loading=\"lazy\" decoding=\"async\" src=\"https:\/\/www.europesays.com\/pt\/wp-content\/uploads\/2025\/10\/alemanha_laser_aeroporto02-720x405.webp.webp\" alt=\"\" width=\"720\" height=\"405\" class=\"aligncenter size-medium wp-image-1082222\"  \/><\/a><\/p>\n<p>O <strong>aeroporto acabou de encerrar as celebra\u00e7\u00f5es da Oktoberfest<\/strong>, que atraem milh\u00f5es de pessoas todos os anos. Em simult\u00e2neo, decorreu o Munich Migration Meeting, organizado pelo governo, onde grande parte das discuss\u00f5es se centraram na resposta a drones.<\/p>\n<p>Munique junta-se assim a uma lista crescente de locais europeus que t\u00eam registado incurs\u00f5es de drones nas \u00faltimas semanas. Pelo menos 11 pa\u00edses, incluindo Litu\u00e2nia, Let\u00f3nia, Dinamarca, Noruega, Rom\u00e9nia, Pol\u00f3nia, Est\u00f3nia, Alemanha, B\u00e9lgica e Fran\u00e7a, registaram drones ou perturba\u00e7\u00f5es no seu espa\u00e7o a\u00e9reo nos \u00faltimos tr\u00eas meses.<\/p>\n<p>Na semana passada, l\u00edderes europeus reuniram-se em Copenhaga e concordaram em avan\u00e7ar com os planos para uma chamada \u201cmuralha de drones\u201d ao longo da fronteira oriental do bloco.<\/p>\n","protected":false},"excerpt":{"rendered":"A guerra dos drones. Perante o aumento de avistamentos destas pequenas m\u00e1quinas voadoras em zonas cr\u00edticas, a Alemanha&hellip;\n","protected":false},"author":2,"featured_media":102394,"comment_status":"","ping_status":"","sticky":false,"template":"","format":"standard","meta":{"footnotes":""},"categories":[50],"tags":[322,1305,27,28,837,15,16,14,25,26,21,22,62,12,13,19,20,23,24,17,18,29,30,31,63,64,65],"class_list":{"0":"post-102393","1":"post","2":"type-post","3":"status-publish","4":"format-standard","5":"has-post-thumbnail","7":"category-mundo","8":"tag-aeroporto","9":"tag-alemanha","10":"tag-breaking-news","11":"tag-breakingnews","12":"tag-drones","13":"tag-featured-news","14":"tag-featurednews","15":"tag-headlines","16":"tag-latest-news","17":"tag-latestnews","18":"tag-main-news","19":"tag-mainnews","20":"tag-mundo","21":"tag-news","22":"tag-noticias","23":"tag-noticias-principais","24":"tag-noticiasprincipais","25":"tag-principais-noticias","26":"tag-principaisnoticias","27":"tag-top-stories","28":"tag-topstories","29":"tag-ultimas","30":"tag-ultimas-noticias","31":"tag-ultimasnoticias","32":"tag-world","33":"tag-world-news","34":"tag-worldnews"},"share_on_mastodon":{"url":"","error":""},"_links":{"self":[{"href":"https:\/\/www.europesays.com\/pt\/wp-json\/wp\/v2\/posts\/102393","targetHints":{"allow":["GET"]}}],"collection":[{"href":"https:\/\/www.europesays.com\/pt\/wp-json\/wp\/v2\/posts"}],"about":[{"href":"https:\/\/www.europesays.com\/pt\/wp-json\/wp\/v2\/types\/post"}],"author":[{"embeddable":true,"href":"https:\/\/www.europesays.com\/pt\/wp-json\/wp\/v2\/users\/2"}],"replies":[{"embeddable":true,"href":"https:\/\/www.europesays.com\/pt\/wp-json\/wp\/v2\/comments?post=102393"}],"version-history":[{"count":0,"href":"https:\/\/www.europesays.com\/pt\/wp-json\/wp\/v2\/posts\/102393\/revisions"}],"wp:featuredmedia":[{"embeddable":true,"href":"https:\/\/www.europesays.com\/pt\/wp-json\/wp\/v2\/media\/102394"}],"wp:attachment":[{"href":"https:\/\/www.europesays.com\/pt\/wp-json\/wp\/v2\/media?parent=102393"}],"wp:term":[{"taxonomy":"category","embeddable":true,"href":"https:\/\/www.europesays.com\/pt\/wp-json\/wp\/v2\/categories?post=102393"},{"taxonomy":"post_tag","embeddable":true,"href":"https:\/\/www.europesays.com\/pt\/wp-json\/wp\/v2\/tags?post=102393"}],"curies":[{"name":"wp","href":"https:\/\/api.w.org\/{rel}","templated":true}]}}