{"id":102395,"date":"2025-10-08T17:51:15","date_gmt":"2025-10-08T17:51:15","guid":{"rendered":"https:\/\/www.europesays.com\/pt\/102395\/"},"modified":"2025-10-08T17:51:15","modified_gmt":"2025-10-08T17:51:15","slug":"sondagem-do-porto-fartos-do-transito-e-preocupados-com-a-corrupcao","status":"publish","type":"post","link":"https:\/\/www.europesays.com\/pt\/102395\/","title":{"rendered":"Sondagem do Porto: fartos do tr\u00e2nsito e preocupados com a corrup\u00e7\u00e3o"},"content":{"rendered":"<p>De resto, o tema da mobilidade acabou por dominar a campanha e os debates entre os candidatos ao Porto, com dois dossi\u00eas quentes \u00e0 cabe\u00e7a: a VCI, e a possibilidade de introduzir portagens na via que rasga o Porto (ou, em alternativa, limitar o tr\u00e2nsito de pesados, retirando as portagens da CREP); e o metrobus, o famigerado sistema de transportes para a Avenida da Boavista que tanta tinta fez correr e que, 80 milh\u00f5es de euros de investimento depois, ainda n\u00e3o est\u00e1 operacional, tendo-se transformado numa guerra pol\u00edtica entre a Metro do Porto e a autarquia. O zoom aos portuenses permite-nos ainda perceber que s\u00e3o bairristas, portistas, prezam a presen\u00e7a dos imigrantes e n\u00e3o trocavam a sua terra por nenhuma outra.<\/p>\n<blockquote data-type=\"articles\" data-id=\"related-article-18004699\"><p>\n              <strong>Leia tamb\u00e9m <\/strong><br \/>\n              <a href=\"https:\/\/www.jn.pt\/pais\/artigo\/sondagem-do-porto-pedro-duarte-e-manuel-pizarro-empatados-chega-em-terceiro-e-esquerda-em-queda\/18004699\" rel=\"nofollow noopener\" target=\"_blank\">Sondagem do Porto: Pedro Duarte e Manuel Pizarro empatados, Chega em terceiro e Esquerda em queda<\/a>\n            <\/p><\/blockquote>\n<p>Mas n\u00e3o \u00e9 apenas a mobilidade que tira o sono a quem vive no Porto. Para uma larga maioria dos inquiridos (72%), a seriedade e transpar\u00eancia democr\u00e1tica na gest\u00e3o camar\u00e1ria tamb\u00e9m devem ser uma prioridade para o sucessor de Rui Moreira.<\/p>\n<p data-remotead-prev-elm=\"true\" data-remotead-elm-id=\"centro1\">Ali\u00e1s, neste particular constata-se que quase metade do eleitorado do concelho (48%) elege a corrup\u00e7\u00e3o como um tema s\u00e9rio, ao passo que apenas 28% acreditam que n\u00e3o deve ser um motivo de preocupa\u00e7\u00e3o.<\/p>\n<p data-remotead-prev-elm=\"true\" data-remotead-elm-id=\"centro2\">Por\u00e9m, olhando para o que foi a agenda pol\u00edtica da campanha, verifica-se que as prioridades program\u00e1ticas dos candidatos nem sempre estiveram alinhadas com a escala de prioridades dos portuenses. Assim, logo depois da mobilidade e da transpar\u00eancia municipal, surge como preocupa\u00e7\u00e3o o &#8220;apoio a idosos e pessoas vulner\u00e1veis&#8221; (70%). A seguran\u00e7a p\u00fablica (65%) e a habita\u00e7\u00e3o (62%), temas muito presentes durante a campanha, surgem logo atr\u00e1s. E, ainda que a turistifica\u00e7\u00e3o da cidade seja um t\u00f3pico cl\u00e1ssico, a verdade \u00e9 que apenas 18% dos inquiridos consideram essa uma \u00e1rea priorit\u00e1ria para o pr\u00f3ximo presidente da C\u00e2mara.<\/p>\n<p>A sondagem da Pitag\u00f3rica, recorde-se, concluiu por um empate t\u00e9cnico entre o candidato do PSD\/CDS\/IL, Pedro Duarte, e o do PS, Manuel Pizarro, estando o primeiro em vantagem sobre o segundo apenas por duas d\u00e9cimas. Valor que se dilui facilmente, dados os 4% de margem de erro.<\/p>\n<p>Ficha T\u00e9cnica<\/p>\n<p data-remotead-prev-elm=\"true\" data-remotead-elm-id=\"centro3\">Sondagem realizada pela Pitag\u00f3rica para a TVI, CNN Portugal, TSF, JN, Nascer do Sol e ECO com o objetivo de avaliar a opini\u00e3o dos eleitores recenseados no concelho do Porto sobre temas relacionados com as elei\u00e7\u00f5es aut\u00e1rquicas 2025. O trabalho de campo decorreu entre os dias 29 de setembro e 4 de outubro de 2025.<\/p>\n<p>A amostra foi recolhida de forma aleat\u00f3ria junto de eleitores recenseados no concelho do Porto e foi devidamente estratificada por g\u00e9nero, idade e freguesia. Foram realizadas 1229 tentativas de contacto, para alcan\u00e7armos 625 entrevistas efetivas, pelo que a taxa de resposta foi de 50,85%. As 625 entrevistas telef\u00f3nicas recolhidas correspondem a uma margem de erro m\u00e1xima de +\/-4,00% para um n\u00edvel de confian\u00e7a de 95,5%.<\/p>\n<p data-remotead-prev-elm=\"true\" data-remotead-elm-id=\"centro4\">A distribui\u00e7\u00e3o de indecisos \u00e9 feita de forma proporcional.<\/p>\n<p>A dire\u00e7\u00e3o t\u00e9cnica do estudo \u00e9 da responsabilidade de Rita Marques da Silva. A ficha t\u00e9cnica completa, bem como todos os resultados, foram depositados junto da ERC-Entidade Reguladora da Comunica\u00e7\u00e3o Social que os disponibilizar\u00e1 para consulta online.<\/p>\n","protected":false},"excerpt":{"rendered":"De resto, o tema da mobilidade acabou por dominar a campanha e os debates entre os candidatos ao&hellip;\n","protected":false},"author":2,"featured_media":102396,"comment_status":"","ping_status":"","sticky":false,"template":"","format":"standard","meta":{"footnotes":""},"categories":[10],"tags":[27,28,20018,17593,15,16,14,25,26,21,22,12,13,19,20,32,23,24,33,4862,17,18,29,30,31],"class_list":{"0":"post-102395","1":"post","2":"type-post","3":"status-publish","4":"format-standard","5":"has-post-thumbnail","7":"category-portugal","8":"tag-breaking-news","9":"tag-breakingnews","10":"tag-concelho-porto","11":"tag-eleicoes-autarquicas","12":"tag-featured-news","13":"tag-featurednews","14":"tag-headlines","15":"tag-latest-news","16":"tag-latestnews","17":"tag-main-news","18":"tag-mainnews","19":"tag-news","20":"tag-noticias","21":"tag-noticias-principais","22":"tag-noticiasprincipais","23":"tag-portugal","24":"tag-principais-noticias","25":"tag-principaisnoticias","26":"tag-pt","27":"tag-sondagem","28":"tag-top-stories","29":"tag-topstories","30":"tag-ultimas","31":"tag-ultimas-noticias","32":"tag-ultimasnoticias"},"share_on_mastodon":{"url":"","error":""},"_links":{"self":[{"href":"https:\/\/www.europesays.com\/pt\/wp-json\/wp\/v2\/posts\/102395","targetHints":{"allow":["GET"]}}],"collection":[{"href":"https:\/\/www.europesays.com\/pt\/wp-json\/wp\/v2\/posts"}],"about":[{"href":"https:\/\/www.europesays.com\/pt\/wp-json\/wp\/v2\/types\/post"}],"author":[{"embeddable":true,"href":"https:\/\/www.europesays.com\/pt\/wp-json\/wp\/v2\/users\/2"}],"replies":[{"embeddable":true,"href":"https:\/\/www.europesays.com\/pt\/wp-json\/wp\/v2\/comments?post=102395"}],"version-history":[{"count":0,"href":"https:\/\/www.europesays.com\/pt\/wp-json\/wp\/v2\/posts\/102395\/revisions"}],"wp:featuredmedia":[{"embeddable":true,"href":"https:\/\/www.europesays.com\/pt\/wp-json\/wp\/v2\/media\/102396"}],"wp:attachment":[{"href":"https:\/\/www.europesays.com\/pt\/wp-json\/wp\/v2\/media?parent=102395"}],"wp:term":[{"taxonomy":"category","embeddable":true,"href":"https:\/\/www.europesays.com\/pt\/wp-json\/wp\/v2\/categories?post=102395"},{"taxonomy":"post_tag","embeddable":true,"href":"https:\/\/www.europesays.com\/pt\/wp-json\/wp\/v2\/tags?post=102395"}],"curies":[{"name":"wp","href":"https:\/\/api.w.org\/{rel}","templated":true}]}}