{"id":102503,"date":"2025-10-08T19:13:21","date_gmt":"2025-10-08T19:13:21","guid":{"rendered":"https:\/\/www.europesays.com\/pt\/102503\/"},"modified":"2025-10-08T19:13:21","modified_gmt":"2025-10-08T19:13:21","slug":"pai-de-tom-holland-detalha-acidente-que-causou-lesao-no-ator-nas-filmagens-de-novo-homem-aranha","status":"publish","type":"post","link":"https:\/\/www.europesays.com\/pt\/102503\/","title":{"rendered":"Pai de Tom Holland detalha acidente que causou les\u00e3o no ator nas filmagens de novo &#8216;Homem-Aranha&#8217;"},"content":{"rendered":"<p>\n                        Dominic Holland desmentiu vers\u00e3o inicialmente divulgada sobre as circunst\u00e2ncias do acidente do filho\n                    <\/p>\n<p class=\"text\">Pai do ator <b>Tom Holland<\/b>, <b>Dominic Holland<\/b> deus novos detalhes da les\u00e3o sofrida pelo astro durante as filmagens de <b>Homem-Aranha: Um Novo Dia<\/b>. Ele explicou que a vers\u00e3o divulgada inicialmente na m\u00eddia foi exagerada e que o pr\u00f3prio filho percebeu que n\u00e3o estava bem ap\u00f3s a grava\u00e7\u00e3o de uma cena de a\u00e7\u00e3o lhe causar uma concuss\u00e3o.<\/p>\n<p class=\"text\">&#8220;Ler as not\u00edcias na m\u00eddia sobre o &#8216;ferimento horr\u00edvel&#8217; de Tom me fez lembrar do ditado que diz que nunca se deve acreditar no que est\u00e1 escrito nos jornais. Eles estavam quase completamente errados, citando um motorista de ambul\u00e2ncia que havia buscado a &#8216;estrela ferida&#8217; no Leavesden Film Studios, no norte de Londres. N\u00e3o havia ambul\u00e2ncia, e o filme n\u00e3o est\u00e1 sendo filmado no Leavesden Studio&#8221;, escreveu Dominic em publica\u00e7\u00e3o no site da The Brothers Trust, institui\u00e7\u00e3o beneficente comandada pela fam\u00edlia Holland.<\/p>\n<p class=\"text\">O pai do ator tamb\u00e9m negou que uma &#8220;mulher misteriosa&#8221; tenha sido ferida nas filmagens. Segundo ele, Tom havia avisado aos pais que bateu a cabe\u00e7a e que iria ao hospital como &#8220;precau\u00e7\u00e3o&#8221;. A liga\u00e7\u00e3o aconteceu na v\u00e9spera de um dos eventos promovidos pela The Brothers Trust. &#8220;[Na manh\u00e3 do evento] soubemos que Tom passou a noite no hospital, mas num hospital chique sem as intermin\u00e1veis esperas que pessoas comuns enfrentam.&#8221;<\/p>\n<p><img loading=\"lazy\" decoding=\"async\" alt=\"Filmagens de 'Homem-Aranha: Um Novo Dia' foram interrompidas ap\u00f3s les\u00e3o de Tom Holland\" class=\"img-1a1ed421f876afe6682ad3542c5460fejhkya50n\" height=\"435\" src=\"https:\/\/www.europesays.com\/pt\/wp-content\/uploads\/2025\/10\/1760804891-6p5wpee7bvhkfi646xhpukme3e.png\"  title=\"Filmagens de 'Homem-Aranha: Um Novo Dia' foram interrompidas ap\u00f3s les\u00e3o de Tom Holland\" width=\"774\"\/><\/p>\n<p>Filmagens de &#8216;Homem-Aranha: Um Novo Dia&#8217; foram interrompidas ap\u00f3s les\u00e3o de Tom Holland<\/p>\n<p>Foto: Sony Pictures\/Divulga\u00e7\u00e3o \/ Estad\u00e3o<\/p>\n<p class=\"text\">O evento, um pub quiz, come\u00e7ou de forma normal, mas o astro come\u00e7ou a passar mal durante o jantar. &#8220;[Ele] instintivamente foi para tr\u00e1s dos palcos. Lembrem-se de que, em caso de concuss\u00e3o [les\u00e3o sofrida por Tom], duas coisas a serem evitadas s\u00e3o luzes fortes e barulho excessivo.&#8221; Dominic e a esposa, a fot\u00f3grafa <b>Nikki Holland<\/b>, foram ao encontro do filho e se depararam com ele vomitando.<\/p>\n<p class=\"text\">Ap\u00f3s instru\u00e7\u00e3o de um m\u00e9dico presente no evento, Holland deixou o local acompanhado da noiva, <b>Zendaya<\/b>, e o evento seguiu normalmente, com Dominic no comando. &#8220;Fui at\u00e9 a mesa da Sony \u2014 que tinha alguns nomes grandes, incluindo o diretor [de Homem-Aranha: Um Novo Dia, <b>Destin Cretton<\/b>], o diretor de arte [<b>Charles Wood<\/b>] e um produtor. Achei que deveria avis\u00e1-los que sua estrela precisou ir para casa e que eu ia provavelmente me divertiria \u00e0s suas custas&#8221;, seguiu ele, dizendo que teve uma conversa interessante com Cretton.<\/p>\n<p class=\"text\">Por fim, Dominic garantiu que &#8220;Tom segue se recuperando&#8221;.<\/p>\n<p class=\"text\">A les\u00e3o de Holland fez com que a produ\u00e7\u00e3o de Homem-Aranha: Um Novo Dia fosse temporariamente paralisada, mas as filmagens j\u00e1 foram retomadas.<\/p>\n<p class=\"text\">Com dire\u00e7\u00e3o de Destin Cretton, Homem-Aranha: Um Novo Dia conta com os retornos de Tom Holland, Zendaya, <b>Jacob Batalon<\/b> e <b>Michael Mando<\/b>. <b>Sadie Sink<\/b> (Stranger Things), <b>Tramell Tillman<\/b> (Ruptura), <b>Marvin Jones III<\/b> (The Equilizer \u2014 A Protetora) e <b>Liza Col\u00f3n-Zayas<\/b> (The Bear) s\u00e3o as novidades do elenco. Veteranos do Universo Cinematogr\u00e1fico da Marvel (MCU), <b>Jon Bernthal<\/b> (Demolidor: Renascido), o Justiceiro, e <b>Mark Ruffalo<\/b> (Pobres Criaturas), o Hulk, tamb\u00e9m est\u00e3o confirmados.<\/p>\n<p class=\"text\">O longa, quarto de Holland no papel principal, tem estreia prevista para 30 de julho de 2026.<\/p>\n","protected":false},"excerpt":{"rendered":"Dominic Holland desmentiu vers\u00e3o inicialmente divulgada sobre as circunst\u00e2ncias do acidente do filho Pai do ator Tom Holland,&hellip;\n","protected":false},"author":2,"featured_media":102504,"comment_status":"","ping_status":"","sticky":false,"template":"","format":"standard","meta":{"footnotes":""},"categories":[140],"tags":[470,114,115,147,148,5814,792,146,32,33,6705,14105],"class_list":{"0":"post-102503","1":"post","2":"type-post","3":"status-publish","4":"format-standard","5":"has-post-thumbnail","7":"category-filmes","8":"tag-cinema","9":"tag-entertainment","10":"tag-entretenimento","11":"tag-film","12":"tag-filmes","13":"tag-homem-aranha","14":"tag-marvel","15":"tag-movies","16":"tag-portugal","17":"tag-pt","18":"tag-tom-holland","19":"tag-zendaya"},"share_on_mastodon":{"url":"","error":""},"_links":{"self":[{"href":"https:\/\/www.europesays.com\/pt\/wp-json\/wp\/v2\/posts\/102503","targetHints":{"allow":["GET"]}}],"collection":[{"href":"https:\/\/www.europesays.com\/pt\/wp-json\/wp\/v2\/posts"}],"about":[{"href":"https:\/\/www.europesays.com\/pt\/wp-json\/wp\/v2\/types\/post"}],"author":[{"embeddable":true,"href":"https:\/\/www.europesays.com\/pt\/wp-json\/wp\/v2\/users\/2"}],"replies":[{"embeddable":true,"href":"https:\/\/www.europesays.com\/pt\/wp-json\/wp\/v2\/comments?post=102503"}],"version-history":[{"count":0,"href":"https:\/\/www.europesays.com\/pt\/wp-json\/wp\/v2\/posts\/102503\/revisions"}],"wp:featuredmedia":[{"embeddable":true,"href":"https:\/\/www.europesays.com\/pt\/wp-json\/wp\/v2\/media\/102504"}],"wp:attachment":[{"href":"https:\/\/www.europesays.com\/pt\/wp-json\/wp\/v2\/media?parent=102503"}],"wp:term":[{"taxonomy":"category","embeddable":true,"href":"https:\/\/www.europesays.com\/pt\/wp-json\/wp\/v2\/categories?post=102503"},{"taxonomy":"post_tag","embeddable":true,"href":"https:\/\/www.europesays.com\/pt\/wp-json\/wp\/v2\/tags?post=102503"}],"curies":[{"name":"wp","href":"https:\/\/api.w.org\/{rel}","templated":true}]}}