{"id":102517,"date":"2025-10-08T19:21:13","date_gmt":"2025-10-08T19:21:13","guid":{"rendered":"https:\/\/www.europesays.com\/pt\/102517\/"},"modified":"2025-10-08T19:21:13","modified_gmt":"2025-10-08T19:21:13","slug":"sporting-avanca-com-participacao-disciplinar-contra-andre-villas-boas","status":"publish","type":"post","link":"https:\/\/www.europesays.com\/pt\/102517\/","title":{"rendered":"Sporting avan\u00e7a com participa\u00e7\u00e3o disciplinar contra Andr\u00e9 Villas-Boas"},"content":{"rendered":"<p>O <a class=\"autolink-enabled\" data-resource-id=\"448\" data-resource-type=\"team\" data-sport=\"football\" href=\"https:\/\/www.abola.pt\/futebol\/sporting-448\" rel=\"nofollow noopener\" target=\"_blank\">Sporting<\/a> avan\u00e7ou com participa\u00e7\u00e3o disciplinar contra Andr\u00e9 Villas-Boas, na sequ\u00eancia das declara\u00e7\u00f5es proferidas pelo presidente do <a class=\"autolink-enabled\" data-resource-id=\"451\" data-resource-type=\"team\" data-sport=\"football\" href=\"https:\/\/www.abola.pt\/futebol\/fc-porto-451\" rel=\"nofollow noopener\" target=\"_blank\">FC Porto<\/a> durante a Gala Portugal Football Globes. Os verdes e brancos consideram que as mesmas atentam contra a honra do presidente Frederico Varandas e a reputa\u00e7\u00e3o da <a class=\"autolink-enabled\" data-resource-id=\"448\" data-resource-type=\"team\" data-sport=\"football\" href=\"https:\/\/www.abola.pt\/futebol\/sporting-448\" rel=\"nofollow noopener\" target=\"_blank\">Sporting<\/a> SAD.<\/p>\n<p>Foi antes da gala da Federa\u00e7\u00e3o Portuguesa de Futebol que Villas-Boas disparou contra Sporting e <a class=\"autolink-enabled\" data-resource-id=\"450\" data-resource-type=\"team\" data-sport=\"football\" href=\"https:\/\/www.abola.pt\/futebol\/benfica-450\" rel=\"nofollow noopener\" target=\"_blank\">Benfica<\/a>, contra Varandas e o l\u00edder encarnado, Rui Costa, tendo as arbitragens como base para os tiros.<\/p>\n<p>\u00abA \u00fanica coisa que tenho notado \u00e9 a aus\u00eancia de um dos melhores VAR portugueses, Tiago Martins, que tem sido amplamente criticado pelo presidente do Sporting e do <a class=\"autolink-enabled\" data-resource-id=\"450\" data-resource-type=\"team\" data-sport=\"football\" href=\"https:\/\/www.abola.pt\/futebol\/benfica-450\" rel=\"nofollow noopener\" target=\"_blank\">Benfica<\/a> e est\u00e1 afastado dos cl\u00e1ssicos. A coa\u00e7\u00e3o feita pelos presidentes dos rivais tem impacto direto nas nomea\u00e7\u00f5es, Tiago Martins esteve na final da Champions feminina e \u00e9 supostamente reconhecido como um dos melhores VAR, mas deixou de existir para os jogos grandes&#8230; Como \u00e9 que a mediocridade \u00e9 premiada com um cl\u00e1ssico?\u00bb, perguntou o presidente dos azuis e brancos.<\/p>\n<blockquote>\n<p>A \u00fanica coisa que tenho notado \u00e9 a aus\u00eancia de um dos melhores VAR portugueses, Tiago Martins, que tem sido amplamente criticado pelo presidente do Sporting e do Benfica e est\u00e1 afastado dos cl\u00e1ssicos. A coa\u00e7\u00e3o feita pelos presidentes dos rivais tem impacto direto nas nomea\u00e7\u00f5es, Tiago Martins esteve na final da Champions feminina e \u00e9 supostamente reconhecido como um dos melhores VAR, mas deixou de existir para os jogos grandes&#8230; Como \u00e9 que a mediocridade \u00e9 premiada com um cl\u00e1ssico? (Andr\u00e9 Villas-Boas)<\/p>\n<\/blockquote>\n<p>\u00abN\u00e3o sei se esse n\u00edvel de via comunicacional est\u00e1 a ter impacto nas nomea\u00e7\u00f5es, mas n\u00e3o posso deixar de constatar factos evidentes para toda a gente. N\u00e3o queremos estar nessa posi\u00e7\u00e3o e entrar no mesmo jogo dos outros. Estamos todos ansiosos para ver a quem ser\u00e1 hoje atribu\u00eddo o pr\u00e9mio de &#8216;Calimero do Ano&#8217;. N\u00e3o faltam candidatos\u2026 Sabemos que temos de lutar muito para chegar ao t\u00edtulo, \u00e9 o nosso objetivo\u00bb, continuou Villas-Boas nas declara\u00e7\u00f5es aos jornalistas na black carpet do Portugal Football Globes.<\/p>\n<p>Na mesma ocasi\u00e3o, o l\u00edder portistas apontou ainda e tamb\u00e9m diretamente a Varandas sobre declara\u00e7\u00f5es recentemente preferidas em que o l\u00edder sportinguista contestou a ideia de que os le\u00f5es t\u00eam controlo sobre as inst\u00e2ncias que gerem o futebol portugu\u00eas. \u00abS\u00f3 o presidente do <a class=\"autolink-enabled\" data-resource-id=\"448\" data-resource-type=\"team\" data-sport=\"football\" href=\"https:\/\/www.abola.pt\/futebol\/sporting-448\" rel=\"nofollow noopener\" target=\"_blank\">Sporting<\/a> pode responder pelas declara\u00e7\u00f5es que fez. O mais grave \u00e9 ter havido um encontro entre o presidente do <a class=\"autolink-enabled\" data-resource-id=\"448\" data-resource-type=\"team\" data-sport=\"football\" href=\"https:\/\/www.abola.pt\/futebol\/sporting-448\" rel=\"nofollow noopener\" target=\"_blank\">Sporting<\/a> e o presidente da Federa\u00e7\u00e3o para o mapeamento club\u00edstico dos \u00f3rg\u00e3os sociais da FPF. Estas declara\u00e7\u00f5es n\u00e3o devem passar impunes ao presidente da Federa\u00e7\u00e3o. Escrevi uma mensagem ao presidente Pedro Proen\u00e7a, porque se o seu lema \u00e9 unir o futebol, estas declara\u00e7\u00f5es do presidente Frederico Varandas n\u00e3o s\u00e3o o caminho\u00bb, afirmou Villas-Boas.<\/p>\n<blockquote>\n<p>S\u00f3 o presidente do Sporting pode responder pelas declara\u00e7\u00f5es que fez. O mais grave \u00e9 ter havido um encontro entre o presidente do Sporting e o presidente da Federa\u00e7\u00e3o para o mapeamento club\u00edstico dos \u00f3rg\u00e3os sociais da FPF. Estas declara\u00e7\u00f5es n\u00e3o devem passar impunes ao presidente da Federa\u00e7\u00e3o. Escrevi uma mensagem ao presidente Pedro Proen\u00e7a, porque se o seu lema \u00e9 unir o futebol, estas declara\u00e7\u00f5es do presidente Frederico Varandas n\u00e3o s\u00e3o o caminho. (Andr\u00e9 Villas-Boas)<\/p>\n<\/blockquote>\n<p>A rea\u00e7\u00e3o do <a class=\"autolink-enabled\" data-resource-id=\"448\" data-resource-type=\"team\" data-sport=\"football\" href=\"https:\/\/www.abola.pt\/futebol\/sporting-448\" rel=\"nofollow noopener\" target=\"_blank\">Sporting<\/a> demorou ent\u00e3o um pouco menos de 24 horas, com a participa\u00e7\u00e3o ao Conselho de Disciplina da FPF, na medida em que considera as declara\u00e7\u00f5es atentam contra a honra e reputa\u00e7\u00e3o de Frederico Varandas.<\/p>\n<p>J\u00e1 esta quarta-feira o <a class=\"autolink-enabled\" data-resource-id=\"450\" data-resource-type=\"team\" data-sport=\"football\" href=\"https:\/\/www.abola.pt\/futebol\/benfica-450\" rel=\"nofollow noopener\" target=\"_blank\">Benfica<\/a> tinha reagido e, utilizando a deixa de Villas-Boas sobre \u2018calimeros\u2019, indicou alegados erros de arbitragem que ter\u00e3o beneficiado os drag\u00f5es no cl\u00e1ssico do \u00faltimo domingo para a 8.\u00aa jornada da Liga.<\/p>\n","protected":false},"excerpt":{"rendered":"O Sporting avan\u00e7ou com participa\u00e7\u00e3o disciplinar contra Andr\u00e9 Villas-Boas, na sequ\u00eancia das declara\u00e7\u00f5es proferidas pelo presidente do FC&hellip;\n","protected":false},"author":2,"featured_media":102518,"comment_status":"","ping_status":"","sticky":false,"template":"","format":"standard","meta":{"footnotes":""},"categories":[8],"tags":[27,28,15,16,14,25,26,21,22,12,13,19,20,32,23,24,33,17,18,29,30,31],"class_list":{"0":"post-102517","1":"post","2":"type-post","3":"status-publish","4":"format-standard","5":"has-post-thumbnail","7":"category-principais-noticias","8":"tag-breaking-news","9":"tag-breakingnews","10":"tag-featured-news","11":"tag-featurednews","12":"tag-headlines","13":"tag-latest-news","14":"tag-latestnews","15":"tag-main-news","16":"tag-mainnews","17":"tag-news","18":"tag-noticias","19":"tag-noticias-principais","20":"tag-noticiasprincipais","21":"tag-portugal","22":"tag-principais-noticias","23":"tag-principaisnoticias","24":"tag-pt","25":"tag-top-stories","26":"tag-topstories","27":"tag-ultimas","28":"tag-ultimas-noticias","29":"tag-ultimasnoticias"},"share_on_mastodon":{"url":"","error":""},"_links":{"self":[{"href":"https:\/\/www.europesays.com\/pt\/wp-json\/wp\/v2\/posts\/102517","targetHints":{"allow":["GET"]}}],"collection":[{"href":"https:\/\/www.europesays.com\/pt\/wp-json\/wp\/v2\/posts"}],"about":[{"href":"https:\/\/www.europesays.com\/pt\/wp-json\/wp\/v2\/types\/post"}],"author":[{"embeddable":true,"href":"https:\/\/www.europesays.com\/pt\/wp-json\/wp\/v2\/users\/2"}],"replies":[{"embeddable":true,"href":"https:\/\/www.europesays.com\/pt\/wp-json\/wp\/v2\/comments?post=102517"}],"version-history":[{"count":0,"href":"https:\/\/www.europesays.com\/pt\/wp-json\/wp\/v2\/posts\/102517\/revisions"}],"wp:featuredmedia":[{"embeddable":true,"href":"https:\/\/www.europesays.com\/pt\/wp-json\/wp\/v2\/media\/102518"}],"wp:attachment":[{"href":"https:\/\/www.europesays.com\/pt\/wp-json\/wp\/v2\/media?parent=102517"}],"wp:term":[{"taxonomy":"category","embeddable":true,"href":"https:\/\/www.europesays.com\/pt\/wp-json\/wp\/v2\/categories?post=102517"},{"taxonomy":"post_tag","embeddable":true,"href":"https:\/\/www.europesays.com\/pt\/wp-json\/wp\/v2\/tags?post=102517"}],"curies":[{"name":"wp","href":"https:\/\/api.w.org\/{rel}","templated":true}]}}