{"id":102523,"date":"2025-10-08T19:27:09","date_gmt":"2025-10-08T19:27:09","guid":{"rendered":"https:\/\/www.europesays.com\/pt\/102523\/"},"modified":"2025-10-08T19:27:09","modified_gmt":"2025-10-08T19:27:09","slug":"jao-vai-bancar-faculdade-de-ex-moradora-de-rua-que-comoveu-madonna","status":"publish","type":"post","link":"https:\/\/www.europesays.com\/pt\/102523\/","title":{"rendered":"J\u00e3o vai bancar faculdade de ex-moradora de rua que comoveu Madonna"},"content":{"rendered":"<p>J\u00e3o ficou comovido com a hist\u00f3ria de Maria Solange Amorim, ex-moradora de rua que viralizou ao dan\u00e7ar hit de Madonna<\/p>\n<p>O cantor J\u00e3o se ofereceu para bancar os estudos de Maria Solange Amorim, a ex-moradora de rua que viralizou ao dan\u00e7ar Holiday, da cantora Madonna. Em suma, a mulher tem o sonho de se formar em Psicologia.<\/p>\n<p><strong>\ud83d\udca3<a href=\"https:\/\/whatsapp.com\/channel\/0029Vb6NDlGAInPmOTHyxW0U\" rel=\"nofollow noopener\" target=\"_blank\">Gosta de ler not\u00edcias pol\u00eamicas? Clique aqui e participe de canal no WhatsApp<\/a>\ud83d\udca3<\/strong><\/p>\n<p>De acordo com o Portal LeoDias, o artista ficou comovido ao se deparar com a entrevista da mulher ao Sem <a href=\"https:\/\/midiamax.uol.com.br\/tag\/censura\/\" class=\"st_tag internal_tag \" rel=\"tag nofollow noopener\" title=\"Mais not\u00edcias de Censura\" target=\"_blank\">Censura<\/a>. Na ocasi\u00e3o, ela pediu ajuda para conseguir pagar uma <a href=\"https:\/\/midiamax.uol.com.br\/tag\/universidade\/\" class=\"st_tag internal_tag \" rel=\"tag nofollow noopener\" title=\"Mais not\u00edcias de Universidade\" target=\"_blank\">universidade<\/a>.<\/p>\n<p>Ali\u00e1s, para quem n\u00e3o se lembra: em 2020, Madonna ficou emocionada ao se deparar com um v\u00eddeo de Maria Solange Amorim dan\u00e7ando uma de suas m\u00fasicas enquanto lidava com o luto pela morte do filho. Na \u00e9poca, ela ainda lutava contra o v\u00edcio em drogas e estava em situa\u00e7\u00e3o de rua.<\/p>\n<p>Hoje, a mulher est\u00e1 limpa das drogas h\u00e1 cinco anos, mora em Guarulhos, regi\u00e3o metropolitana de <a href=\"https:\/\/midiamax.uol.com.br\/municipios\/sao-paulo\/\" class=\"st_tag internal_tag \" rel=\"tag nofollow noopener\" title=\"Mais not\u00edcias de S\u00e3o Paulo\" target=\"_blank\">S\u00e3o Paulo<\/a>, e trabalha como cuidadora de crian\u00e7as.<\/p>\n<p>\u2705 Siga o @midiamax no Instagram<\/p>\n<p>Fique por dentro de tudo que acontece em Mato Grosso do Sul, no Brasil e no mundo! No perfil do @midiamax voc\u00ea encontra <strong>not\u00edcias quentinhas, v\u00eddeos informativos, coberturas em tempo real <\/strong>e muito mais! \ud83d\udcf0<\/p>\n<p>\ud83c\udf81 E n\u00e3o para por a\u00ed! Temos sorteios, promo\u00e7\u00f5es e at\u00e9 bastidores exclusivos para voc\u00ea!<\/p>\n<p>\ud83d\udd14 <a href=\"https:\/\/www.instagram.com\/midiamax\/\" rel=\"nofollow noopener\" target=\"_blank\"><strong>Clique aqui para seguir e n\u00e3o perder nada!<\/strong><\/a><\/p>\n<p>(Revis\u00e3o: Bianca Iglesias)<\/p>\n<p>        <script async src=\"\/\/www.instagram.com\/embed.js\"><\/script><\/p>\n","protected":false},"excerpt":{"rendered":"J\u00e3o ficou comovido com a hist\u00f3ria de Maria Solange Amorim, ex-moradora de rua que viralizou ao dan\u00e7ar hit&hellip;\n","protected":false},"author":2,"featured_media":102524,"comment_status":"","ping_status":"","sticky":false,"template":"","format":"standard","meta":{"footnotes":""},"categories":[141],"tags":[2766,114,115,149,150,32,33,3062],"class_list":{"0":"post-102523","1":"post","2":"type-post","3":"status-publish","4":"format-standard","5":"has-post-thumbnail","7":"category-musica","8":"tag-censura","9":"tag-entertainment","10":"tag-entretenimento","11":"tag-music","12":"tag-musica","13":"tag-portugal","14":"tag-pt","15":"tag-universidade"},"share_on_mastodon":{"url":"","error":""},"_links":{"self":[{"href":"https:\/\/www.europesays.com\/pt\/wp-json\/wp\/v2\/posts\/102523","targetHints":{"allow":["GET"]}}],"collection":[{"href":"https:\/\/www.europesays.com\/pt\/wp-json\/wp\/v2\/posts"}],"about":[{"href":"https:\/\/www.europesays.com\/pt\/wp-json\/wp\/v2\/types\/post"}],"author":[{"embeddable":true,"href":"https:\/\/www.europesays.com\/pt\/wp-json\/wp\/v2\/users\/2"}],"replies":[{"embeddable":true,"href":"https:\/\/www.europesays.com\/pt\/wp-json\/wp\/v2\/comments?post=102523"}],"version-history":[{"count":0,"href":"https:\/\/www.europesays.com\/pt\/wp-json\/wp\/v2\/posts\/102523\/revisions"}],"wp:featuredmedia":[{"embeddable":true,"href":"https:\/\/www.europesays.com\/pt\/wp-json\/wp\/v2\/media\/102524"}],"wp:attachment":[{"href":"https:\/\/www.europesays.com\/pt\/wp-json\/wp\/v2\/media?parent=102523"}],"wp:term":[{"taxonomy":"category","embeddable":true,"href":"https:\/\/www.europesays.com\/pt\/wp-json\/wp\/v2\/categories?post=102523"},{"taxonomy":"post_tag","embeddable":true,"href":"https:\/\/www.europesays.com\/pt\/wp-json\/wp\/v2\/tags?post=102523"}],"curies":[{"name":"wp","href":"https:\/\/api.w.org\/{rel}","templated":true}]}}