{"id":102535,"date":"2025-10-08T19:34:12","date_gmt":"2025-10-08T19:34:12","guid":{"rendered":"https:\/\/www.europesays.com\/pt\/102535\/"},"modified":"2025-10-08T19:34:12","modified_gmt":"2025-10-08T19:34:12","slug":"reconstrucao-de-gaza-vai-custar-cerca-de-45-mil-milhoes-de-euros","status":"publish","type":"post","link":"https:\/\/www.europesays.com\/pt\/102535\/","title":{"rendered":"Reconstru\u00e7\u00e3o de Gaza vai custar cerca de 45 mil milh\u00f5es de euros"},"content":{"rendered":"<p>Em declara\u00e7\u00f5es \u00e0 margem de uma iniciativa da Comiss\u00e3o Europeia, em Bruxelas, Jorge Moreira da Silva, diretor executivo do Gabinete da ONU para Projetos e Servi\u00e7os (UNOPS, na sigla em ingl\u00eas) disse que &#8220;80% das infraestruturas [de Gaza] est\u00e3o destru\u00eddas, 94% das escolas, grandes parte dos hospitais, mais de 80% das casas&#8221;.<\/p>\n<p>&#8220;Em termos pr\u00e1ticos, estamos a falar de uma necessidade na ordem dos 52 mil milh\u00f5es de d\u00f3lares [cerca de 45 mil milh\u00f5es de euros] para a reconstru\u00e7\u00e3o de Gaza&#8221;, completou, considerando que vai ser &#8220;um grande esfor\u00e7o&#8221; e a &#8220;comunidade internacional vai ter de se mobilizar&#8221;.<\/p>\n<p>No entanto, antes da reconstru\u00e7\u00e3o vai ser necess\u00e1rio remover cerca de &#8220;50 milh\u00f5es de toneladas de escombros que est\u00e3o em Gaza&#8221;, disse.<\/p>\n<p>&#8220;Sem essa remo\u00e7\u00e3o \u00e9 imposs\u00edvel avan\u00e7ar para a reabilita\u00e7\u00e3o e a reabilita\u00e7\u00e3o pressup\u00f5e desde \u00e1gua, saneamento, eletricidade e, depois sim, a reconstru\u00e7\u00e3o&#8221;, acrescentou.<\/p>\n<p>Praticamente todas as infraestruturas na Faixa de Gaza est\u00e3o destru\u00eddas.<\/p>\n<p>Questionado sobre se Israel deve pagar repara\u00e7\u00f5es \u00e0 popula\u00e7\u00e3o palestiniana pela destrui\u00e7\u00e3o do enclave nos \u00faltimos dois anos, Jorge Moreira da Silva escusou comentar e afirmou que as Na\u00e7\u00f5es Unidas est\u00e3o preparadas para entrar no terreno com apoio para os cidad\u00e3os de Gaza assim que houver um acordo para um cessar-fogo.<\/p>\n<p>&#8220;Sei que pode parecer uma miragem e quem nos est\u00e1 a ouvir pode achar que \u00e9 uma utopia estar a falar da reconstru\u00e7\u00e3o de Gaza numa altura em que 66.000 pessoas foram mortas &#8211; 20.000 crian\u00e7as -, mas a verdade \u00e9 que vai ser absolutamente imprescind\u00edvel, logos nos primeiros dias, assim que se consiga um cessar-fogo [&#8230;] avan\u00e7ar com toda a ajuda humanit\u00e1ria&#8221;, comentou.<\/p>\n<p>At\u00e9 hoje, a interven\u00e7\u00e3o da ONU, incluindo da UNOPS, est\u00e1 a ser impossibilitada pelo bloqueio israelita, que impede a entrada de comida, medicamentos e combust\u00edvel em Gaza.<\/p>\n<p>Sobre se o primeiro-ministro israelita, Benjamin Netanyahu, deve um pedido de desculpas \u00e0s Na\u00e7\u00f5es Unidas, que criticou a organiza\u00e7\u00e3o mundial ter apelado para um cessar-fogo e por ter denunciado a exist\u00eancia de evid\u00eancias de que a &#8220;opera\u00e7\u00e3o militar&#8221;, como \u00e9 definida por Israel, configura um genoc\u00eddio, Jorge Moreira da Silva disse que &#8220;o sentimento de impunidade \u00e9 evidente que \u00e9 uma das coisas mais perturbadoras na diplomacia nos dias de hoje&#8221;.<\/p>\n<p>Leia Tamb\u00e9m: <a href=\"https:\/\/www.noticiasaominuto.com\/mundo\/2867002\/jihad-islamica-e-frente-popular-juntam-se-as-negociacoes-de-paz-para-gaza\" target=\"_blank\" rel=\"noreferrer noopener nofollow\">Jihad Isl\u00e2mica e Frente Popular juntam-se \u00e0s negocia\u00e7\u00f5es de paz para Gaza<\/a><\/p>\n","protected":false},"excerpt":{"rendered":"Em declara\u00e7\u00f5es \u00e0 margem de uma iniciativa da Comiss\u00e3o Europeia, em Bruxelas, Jorge Moreira da Silva, diretor executivo&hellip;\n","protected":false},"author":2,"featured_media":102536,"comment_status":"","ping_status":"","sticky":false,"template":"","format":"standard","meta":{"footnotes":""},"categories":[50],"tags":[27,28,15,16,14,25,26,21,22,62,12,13,19,20,23,24,17,18,29,30,31,63,64,65],"class_list":{"0":"post-102535","1":"post","2":"type-post","3":"status-publish","4":"format-standard","5":"has-post-thumbnail","7":"category-mundo","8":"tag-breaking-news","9":"tag-breakingnews","10":"tag-featured-news","11":"tag-featurednews","12":"tag-headlines","13":"tag-latest-news","14":"tag-latestnews","15":"tag-main-news","16":"tag-mainnews","17":"tag-mundo","18":"tag-news","19":"tag-noticias","20":"tag-noticias-principais","21":"tag-noticiasprincipais","22":"tag-principais-noticias","23":"tag-principaisnoticias","24":"tag-top-stories","25":"tag-topstories","26":"tag-ultimas","27":"tag-ultimas-noticias","28":"tag-ultimasnoticias","29":"tag-world","30":"tag-world-news","31":"tag-worldnews"},"share_on_mastodon":{"url":"","error":""},"_links":{"self":[{"href":"https:\/\/www.europesays.com\/pt\/wp-json\/wp\/v2\/posts\/102535","targetHints":{"allow":["GET"]}}],"collection":[{"href":"https:\/\/www.europesays.com\/pt\/wp-json\/wp\/v2\/posts"}],"about":[{"href":"https:\/\/www.europesays.com\/pt\/wp-json\/wp\/v2\/types\/post"}],"author":[{"embeddable":true,"href":"https:\/\/www.europesays.com\/pt\/wp-json\/wp\/v2\/users\/2"}],"replies":[{"embeddable":true,"href":"https:\/\/www.europesays.com\/pt\/wp-json\/wp\/v2\/comments?post=102535"}],"version-history":[{"count":0,"href":"https:\/\/www.europesays.com\/pt\/wp-json\/wp\/v2\/posts\/102535\/revisions"}],"wp:featuredmedia":[{"embeddable":true,"href":"https:\/\/www.europesays.com\/pt\/wp-json\/wp\/v2\/media\/102536"}],"wp:attachment":[{"href":"https:\/\/www.europesays.com\/pt\/wp-json\/wp\/v2\/media?parent=102535"}],"wp:term":[{"taxonomy":"category","embeddable":true,"href":"https:\/\/www.europesays.com\/pt\/wp-json\/wp\/v2\/categories?post=102535"},{"taxonomy":"post_tag","embeddable":true,"href":"https:\/\/www.europesays.com\/pt\/wp-json\/wp\/v2\/tags?post=102535"}],"curies":[{"name":"wp","href":"https:\/\/api.w.org\/{rel}","templated":true}]}}