{"id":102537,"date":"2025-10-08T19:36:08","date_gmt":"2025-10-08T19:36:08","guid":{"rendered":"https:\/\/www.europesays.com\/pt\/102537\/"},"modified":"2025-10-08T19:36:08","modified_gmt":"2025-10-08T19:36:08","slug":"fabio-abre-os-olhos-e-lanca-ultimato-a-liliana-nao-vou-prejudicar-me-novamente","status":"publish","type":"post","link":"https:\/\/www.europesays.com\/pt\/102537\/","title":{"rendered":"F\u00e1bio &#8220;abre os olhos&#8221; e lan\u00e7a ultimato a Liliana: &#8220;N\u00e3o vou prejudicar-me novamente&#8230;&#8221;"},"content":{"rendered":"<p>\t\t\t\t\t\t\t\t\t\t\t\t\t\tLiliana voltou a mexer com a casa do \u201cSecret Story\u201d, com algumas provoca\u00e7\u00f5es a F\u00e1bio, com Pedro Jorge \u00e0 mistura.<\/p>\n<p>F\u00e1bio assumiu, na noite de ter\u00e7a-feira, estar a sentir ci\u00fames do rival, mas, nem por isso Liliana parou com as \u201cbrincadeiras\u201d com Pedro Jorge.<\/p>\n<p>Nesta quarta-feira, 8 de outubro, F\u00e1bio perdeu a paci\u00eancia e confrontou Liliana: <strong>\u201cEstamos num jogo e est\u00e1 uma pessoa a atacar-me, a usar-te para provocar-me e tu est\u00e1s a deixar isso acontecer\u201d<\/strong>.<\/p>\n<p>A jovem desmentiu: <strong>\u201cN\u00e3o estou F\u00e1bio, n\u00e3o estou\u201d<\/strong> \u2013 e o concorrente atirou:<strong> \u201cSe tu est\u00e1s a ver a prejudicar-me no jogo, oh Lili, ele est\u00e1 a tentar provocar-me e tu est\u00e1s a ajudar\u201d<\/strong>.<\/p>\n<p>Liliana voltou a tentar explicar:<strong> \u201cN\u00e3o estou a ajudar, estamos num jogo, pronto. N\u00e3o vais falar assim para mim como andas a falar\u201d<\/strong> \u2013 mas n\u00e3o convenceu.<\/p>\n<p>F\u00e1bio insistiu: <strong>\u201cEstamos num jogo e ent\u00e3o? N\u00e3o est\u00e1s aqui para me proteger? Pronto. N\u00e3o me est\u00e1s a proteger. J\u00e1 te disse que tenho ci\u00fames e tu continuas. Em vez de me proteger est\u00e1s a ajudar outra pessoa a atacar-me\u201d<\/strong>.<\/p>\n<p><strong>\u201cLili, eu n\u00e3o vou prejudicar-me novamente. Se continuas com isso eu afasto-me de ti. Vais continuar com isso?\u201d<\/strong> \u2013 questionou, em jeito de ultimato.<\/p>\n<p>Liliana respondeu: <strong>\u201cN\u00e3o, n\u00e3o vou\u201d<\/strong> \u2013 mas n\u00e3o bastou para sanar toda a discuss\u00e3o: <strong>\u201cVais virar-me costas? N\u00e3o precisas de falar mais para mim. N\u00e3o vou andar atr\u00e1s de ti\u201d<\/strong>.<\/p>\n<p><a href=\"https:\/\/tvi.iol.pt\/secretstory\/videos\/liliana-tenta-entender-se-com-fabio-mas-ele-nao-perdoa-estas-a-ajudar-outra-pessoa-a-atacar-me\/68e6a5b40cf285ab53a609db\" rel=\"nofollow noopener\" target=\"_blank\">Veja o v\u00eddeo aqui.<\/a><\/p>\n","protected":false},"excerpt":{"rendered":"Liliana voltou a mexer com a casa do \u201cSecret Story\u201d, com algumas provoca\u00e7\u00f5es a F\u00e1bio, com Pedro Jorge&hellip;\n","protected":false},"author":2,"featured_media":102538,"comment_status":"","ping_status":"","sticky":false,"template":"","format":"standard","meta":{"footnotes":""},"categories":[8],"tags":[27,28,2632,15,16,24621,14,25,26,19016,21,22,12,13,19,20,21416,32,23,24,33,16686,17,18,162,29,30,31],"class_list":{"0":"post-102537","1":"post","2":"type-post","3":"status-publish","4":"format-standard","5":"has-post-thumbnail","7":"category-principais-noticias","8":"tag-breaking-news","9":"tag-breakingnews","10":"tag-casa-dos-segredos","11":"tag-featured-news","12":"tag-featurednews","13":"tag-fu00e1bio","14":"tag-headlines","15":"tag-latest-news","16":"tag-latestnews","17":"tag-liliana","18":"tag-main-news","19":"tag-mainnews","20":"tag-news","21":"tag-noticias","22":"tag-noticias-principais","23":"tag-noticiasprincipais","24":"tag-pedro-jorge","25":"tag-portugal","26":"tag-principais-noticias","27":"tag-principaisnoticias","28":"tag-pt","29":"tag-secret-story-9","30":"tag-top-stories","31":"tag-topstories","32":"tag-tvi","33":"tag-ultimas","34":"tag-ultimas-noticias","35":"tag-ultimasnoticias"},"share_on_mastodon":{"url":"","error":""},"_links":{"self":[{"href":"https:\/\/www.europesays.com\/pt\/wp-json\/wp\/v2\/posts\/102537","targetHints":{"allow":["GET"]}}],"collection":[{"href":"https:\/\/www.europesays.com\/pt\/wp-json\/wp\/v2\/posts"}],"about":[{"href":"https:\/\/www.europesays.com\/pt\/wp-json\/wp\/v2\/types\/post"}],"author":[{"embeddable":true,"href":"https:\/\/www.europesays.com\/pt\/wp-json\/wp\/v2\/users\/2"}],"replies":[{"embeddable":true,"href":"https:\/\/www.europesays.com\/pt\/wp-json\/wp\/v2\/comments?post=102537"}],"version-history":[{"count":0,"href":"https:\/\/www.europesays.com\/pt\/wp-json\/wp\/v2\/posts\/102537\/revisions"}],"wp:featuredmedia":[{"embeddable":true,"href":"https:\/\/www.europesays.com\/pt\/wp-json\/wp\/v2\/media\/102538"}],"wp:attachment":[{"href":"https:\/\/www.europesays.com\/pt\/wp-json\/wp\/v2\/media?parent=102537"}],"wp:term":[{"taxonomy":"category","embeddable":true,"href":"https:\/\/www.europesays.com\/pt\/wp-json\/wp\/v2\/categories?post=102537"},{"taxonomy":"post_tag","embeddable":true,"href":"https:\/\/www.europesays.com\/pt\/wp-json\/wp\/v2\/tags?post=102537"}],"curies":[{"name":"wp","href":"https:\/\/api.w.org\/{rel}","templated":true}]}}