{"id":102541,"date":"2025-10-08T19:39:10","date_gmt":"2025-10-08T19:39:10","guid":{"rendered":"https:\/\/www.europesays.com\/pt\/102541\/"},"modified":"2025-10-08T19:39:10","modified_gmt":"2025-10-08T19:39:10","slug":"poeta-e-historiadora-angolana-ana-paula-tavares-vence-premio-camoes-2025","status":"publish","type":"post","link":"https:\/\/www.europesays.com\/pt\/102541\/","title":{"rendered":"Poeta e historiadora angolana Ana Paula Tavares vence Pr\u00e9mio Cam\u00f5es 2025"},"content":{"rendered":"<p>Ao atribuir o Pr\u00e9mio Cam\u00f5es 2025 a Ana Paula Tavares, \u00e9 distinguida <strong>\u201ca sua fecunda e coerente trajet\u00f3ria de cria\u00e7\u00e3o est\u00e9tica e, em especial, o seu resgate de dignidade da Poesia\u201d<\/strong>, refere o j\u00fari, num comunicado hoje divulgado pela DGLAB.<\/p>\n<p>\u201cO J\u00fari sublinhou que, com a dic\u00e7\u00e3o do seu lirismo sem concess\u00f5es evasivas e com os livres compromissos da produ\u00e7\u00e3o em cr\u00f3nica e em fic\u00e7\u00e3o narrativa, a obra de Ana Paula Tavares ganha tamb\u00e9m relevante dimens\u00e3o antropol\u00f3gica em perspectiva hist\u00f3rica\u201d, l\u00ea-se no comunicado.<\/p>\n<p>Nascida em 1952 em Angola, na cidade de Lubango, Ana Paula Tavares \u00e9 doutorada em Antropologia da Hist\u00f3ria, pela Universidade Nova de Lisboa.<\/p>\n<p>A poeta e historiadora vive atualmente em Lisboa e \u00e9 docente na Faculdade de Letras da Universidade de Lisboa, colaborando tamb\u00e9m com v\u00e1rias institui\u00e7\u00f5es como investigadora convidada, como o CLEPUL (Centro de Literaturas e Culturas Lus\u00f3fonas e Europeias) da Faculdade de Letras da Universidade de Lisboa, o AHNA (Arquivo Hist\u00f3rico Nacional de Angola).<\/p>\n","protected":false},"excerpt":{"rendered":"Ao atribuir o Pr\u00e9mio Cam\u00f5es 2025 a Ana Paula Tavares, \u00e9 distinguida \u201ca sua fecunda e coerente trajet\u00f3ria&hellip;\n","protected":false},"author":2,"featured_media":102542,"comment_status":"","ping_status":"","sticky":false,"template":"","format":"standard","meta":{"footnotes":""},"categories":[143],"tags":[169,114,115,170,32,33],"class_list":{"0":"post-102541","1":"post","2":"type-post","3":"status-publish","4":"format-standard","5":"has-post-thumbnail","7":"category-livros","8":"tag-books","9":"tag-entertainment","10":"tag-entretenimento","11":"tag-livros","12":"tag-portugal","13":"tag-pt"},"share_on_mastodon":{"url":"","error":""},"_links":{"self":[{"href":"https:\/\/www.europesays.com\/pt\/wp-json\/wp\/v2\/posts\/102541","targetHints":{"allow":["GET"]}}],"collection":[{"href":"https:\/\/www.europesays.com\/pt\/wp-json\/wp\/v2\/posts"}],"about":[{"href":"https:\/\/www.europesays.com\/pt\/wp-json\/wp\/v2\/types\/post"}],"author":[{"embeddable":true,"href":"https:\/\/www.europesays.com\/pt\/wp-json\/wp\/v2\/users\/2"}],"replies":[{"embeddable":true,"href":"https:\/\/www.europesays.com\/pt\/wp-json\/wp\/v2\/comments?post=102541"}],"version-history":[{"count":0,"href":"https:\/\/www.europesays.com\/pt\/wp-json\/wp\/v2\/posts\/102541\/revisions"}],"wp:featuredmedia":[{"embeddable":true,"href":"https:\/\/www.europesays.com\/pt\/wp-json\/wp\/v2\/media\/102542"}],"wp:attachment":[{"href":"https:\/\/www.europesays.com\/pt\/wp-json\/wp\/v2\/media?parent=102541"}],"wp:term":[{"taxonomy":"category","embeddable":true,"href":"https:\/\/www.europesays.com\/pt\/wp-json\/wp\/v2\/categories?post=102541"},{"taxonomy":"post_tag","embeddable":true,"href":"https:\/\/www.europesays.com\/pt\/wp-json\/wp\/v2\/tags?post=102541"}],"curies":[{"name":"wp","href":"https:\/\/api.w.org\/{rel}","templated":true}]}}