{"id":102543,"date":"2025-10-08T19:40:11","date_gmt":"2025-10-08T19:40:11","guid":{"rendered":"https:\/\/www.europesays.com\/pt\/102543\/"},"modified":"2025-10-08T19:40:11","modified_gmt":"2025-10-08T19:40:11","slug":"a-estrategia-dos-bolsonaros-fracassou","status":"publish","type":"post","link":"https:\/\/www.europesays.com\/pt\/102543\/","title":{"rendered":"A estrat\u00e9gia dos Bolsonaros fracassou"},"content":{"rendered":"<p data-component-name=\"paragraph\" class=\"styles__ParagraphStyled-sc-6adecn-0 gsLklW  \"><a href=\"https:\/\/www.estadao.com.br\/politica\/lula-fala-com-trump-por-videochamada-nesta-manha\/?srsltid=AfmBOooh2aHcp71x9tBio87uw7dQcFdkVnK9za4EXFHiw-OJWqQ16I6b\" target=\"_blank\" rel=\"nofollow noopener\" title=\"https:\/\/www.estadao.com.br\/politica\/lula-fala-com-trump-por-videochamada-nesta-manha\/?srsltid=AfmBOooh2aHcp71x9tBio87uw7dQcFdkVnK9za4EXFHiw-OJWqQ16I6b\"><strong>A conversa telef\u00f4nica entre os presidentes Donald Trump e Luiz In\u00e1cio Lula da Silva<\/strong><\/a>, na segunda-feira, 6, encerra de vez a estrat\u00e9gia da fam\u00edlia Bolsonaro de usar a tens\u00e3o diplom\u00e1tica com os Estados Unidos como ativo pol\u00edtico. A tentativa de condicionar o restabelecimento das rela\u00e7\u00f5es comerciais a uma esp\u00e9cie de \u201canistia branca\u201d \u2013 ou \u00e0 redu\u00e7\u00e3o de penas a Bolsonaro e aos demais condenados pela trama golpista e pelos atos de 8 de janeiro \u2013 <strong>naufragou de vez<\/strong>.<\/p>\n<p data-component-name=\"paragraph\" class=\"styles__ParagraphStyled-sc-6adecn-0 gsLklW  \">O <strong>pragmatismo comercial<\/strong> \u2013 que h\u00e1 d\u00e9cadas orienta as rela\u00e7\u00f5es entre Brasil e EUA \u2013 voltou a prevalecer sobre a ideologia. O c\u00e1lculo de Trump, centrado em resultados econ\u00f4micos e em sua pr\u00f3pria reelei\u00e7\u00e3o, n\u00e3o comporta mais o risco de se associar a <a href=\"https:\/\/www.estadao.com.br\/tudo-sobre\/jair-bolsonaro\/?srsltid=AfmBOopZCslpMYQ7zOHkAqyG7eTzUkl2Mjd9aDM0_0y0m8kSPNaxXajk\" target=\"_blank\" rel=\"nofollow noopener\" title=\"https:\/\/www.estadao.com.br\/tudo-sobre\/jair-bolsonaro\/?srsltid=AfmBOopZCslpMYQ7zOHkAqyG7eTzUkl2Mjd9aDM0_0y0m8kSPNaxXajk\"><strong>uma lideran\u00e7a t\u00f3xica e juridicamente enredada como Bolsonaro<\/strong><\/a>. A essa altura, o presidente americano j\u00e1 percebeu que comprou \u201cgato por lebre\u201d: a narrativa de persegui\u00e7\u00e3o pol\u00edtica vendida pelo bolsonarismo n\u00e3o convenceu o establishment americano, tampouco justificou as barreiras comerciais e as san\u00e7\u00f5es impostas ao Brasil.<\/p>\n<p><img  loading=\"lazy\" class=\"lazy-load-img\"\/><\/p>\n<p>Montagem com fotos de Donald Trump e Luiz In\u00e1cio Lula da Silva\u00a0Foto:  Evan Vucci\/AP Photo e Wilton Junior\/Estad\u00e3o<\/p>\n<p>A ret\u00f3rica de confronto \u2013 incluindo o apoio de aliados de Trump \u00e0 aplica\u00e7\u00e3o da Lei Magnitsky contra autoridades brasileiras \u2013 revelou-se um tiro no p\u00e9. Ao tentar usar o ressentimento ideol\u00f3gico como moeda de negocia\u00e7\u00e3o, o bolsonarismo apenas refor\u00e7ou a imagem de um pa\u00eds inst\u00e1vel e com institui\u00e7\u00f5es fr\u00e1geis, o que n\u00e3o condiz com a realidade. Os EUA entenderam que \u00e9 mais racional retomar o caminho do <strong>ganha-ganha<\/strong>, com investimentos rec\u00edprocos, equil\u00edbrio tarif\u00e1rio e previsibilidade diplom\u00e1tica.<\/p>\n<p>Na reaproxima\u00e7\u00e3o entre Trump e Lula, o que prevaleceu foi justamente o c\u00e1lculo estrat\u00e9gico que sempre sustentou a diplomacia americana. At\u00e9 Trump parece ter percebido que n\u00e3o tem interesse em continuar apadrinhando um condenado por atentar contra as institui\u00e7\u00f5es democr\u00e1ticas do Brasil. Para ele, Bolsonaro pode ter virado um ativo t\u00f3xico \u2013 in\u00fatil para a pol\u00edtica externa e arriscado para a pol\u00edtica e a economia dom\u00e9stica.<\/p>\n<p data-component-name=\"paragraph\" class=\"styles__ParagraphStyled-sc-6adecn-0 gsLklW  \">A ironia \u00e9 que apenas a <strong>direita n\u00e3o bolsonarista <\/strong>brasileira ainda n\u00e3o percebeu o tamanho desse isolamento. Ao continuar orbitando Bolsonaro, esses setores se condenam a repetir o erro da esquerda em 2018: submeter um projeto pol\u00edtico amplo \u00e0 figura de um l\u00edder politicamente invi\u00e1vel. Enquanto isso, EUA e Brasil retomam lentamente um caminho de normaliza\u00e7\u00e3o, em que prevalece o interesse m\u00fatuo \u2013 n\u00e3o o del\u00edrio conspirat\u00f3rio.<\/p>\n<p data-component-name=\"paragraph\" class=\"styles__ParagraphStyled-sc-6adecn-0 gsLklW  \">Ao continuar <strong>concedendo espa\u00e7o ao bolsonarismo<\/strong>, <a href=\"https:\/\/www.estadao.com.br\/politica\/centrao-caminha-para-as-eleicoes-com-dissidencias-regionais-cobicadas-por-lula-e-pelo-bolsonarismo\/?srsltid=AfmBOoqVYbStL-Bv_qZ0tQpJKHrG5WbN-yzFr7wm_iAh_sw1cBK65zur\" target=\"_blank\" rel=\"nofollow noopener\" title=\"https:\/\/www.estadao.com.br\/politica\/centrao-caminha-para-as-eleicoes-com-dissidencias-regionais-cobicadas-por-lula-e-pelo-bolsonarismo\/?srsltid=AfmBOoqVYbStL-Bv_qZ0tQpJKHrG5WbN-yzFr7wm_iAh_sw1cBK65zur\"><strong>a centro-direita terminar\u00e1 fortalecendo o projeto de reelei\u00e7\u00e3o de Lula<\/strong><\/a>. A \u00fanica forma de se tornar competitiva e reconquistar legitimidade entre os eleitores de centro e da direita n\u00e3o bolsonarista em 2026 \u00e9 se <strong>diferenciar claramente de Bolsonaro<\/strong> e de sua l\u00f3gica antidemocr\u00e1tica e retr\u00f3grada.<\/p>\n<p data-component-name=\"paragraph\" class=\"styles__ParagraphStyled-sc-6adecn-0 gsLklW  \">A estrat\u00e9gia dos Bolsonaros fracassou porque partiu de uma ilus\u00e3o: a de que <strong>chantagem e vitimiza\u00e7\u00e3o<\/strong> poderiam substituir <strong>diplomacia e racionalidade econ\u00f4mica<\/strong>. O resultado \u00e9 o oposto \u2013 isolamento externo, descr\u00e9dito interno e a constata\u00e7\u00e3o de que, at\u00e9 para Donald Trump, Bolsonaro j\u00e1 parece ser <strong>carta fora do baralho<\/strong>.<\/p>\n","protected":false},"excerpt":{"rendered":"A conversa telef\u00f4nica entre os presidentes Donald Trump e Luiz In\u00e1cio Lula da Silva, na segunda-feira, 6, encerra&hellip;\n","protected":false},"author":2,"featured_media":102544,"comment_status":"","ping_status":"","sticky":false,"template":"","format":"standard","meta":{"footnotes":""},"categories":[142],"tags":[114,115,7366,32,33,151],"class_list":{"0":"post-102543","1":"post","2":"type-post","3":"status-publish","4":"format-standard","5":"has-post-thumbnail","7":"category-tv","8":"tag-entertainment","9":"tag-entretenimento","10":"tag-horizontal","11":"tag-portugal","12":"tag-pt","13":"tag-tv"},"share_on_mastodon":{"url":"","error":""},"_links":{"self":[{"href":"https:\/\/www.europesays.com\/pt\/wp-json\/wp\/v2\/posts\/102543","targetHints":{"allow":["GET"]}}],"collection":[{"href":"https:\/\/www.europesays.com\/pt\/wp-json\/wp\/v2\/posts"}],"about":[{"href":"https:\/\/www.europesays.com\/pt\/wp-json\/wp\/v2\/types\/post"}],"author":[{"embeddable":true,"href":"https:\/\/www.europesays.com\/pt\/wp-json\/wp\/v2\/users\/2"}],"replies":[{"embeddable":true,"href":"https:\/\/www.europesays.com\/pt\/wp-json\/wp\/v2\/comments?post=102543"}],"version-history":[{"count":0,"href":"https:\/\/www.europesays.com\/pt\/wp-json\/wp\/v2\/posts\/102543\/revisions"}],"wp:featuredmedia":[{"embeddable":true,"href":"https:\/\/www.europesays.com\/pt\/wp-json\/wp\/v2\/media\/102544"}],"wp:attachment":[{"href":"https:\/\/www.europesays.com\/pt\/wp-json\/wp\/v2\/media?parent=102543"}],"wp:term":[{"taxonomy":"category","embeddable":true,"href":"https:\/\/www.europesays.com\/pt\/wp-json\/wp\/v2\/categories?post=102543"},{"taxonomy":"post_tag","embeddable":true,"href":"https:\/\/www.europesays.com\/pt\/wp-json\/wp\/v2\/tags?post=102543"}],"curies":[{"name":"wp","href":"https:\/\/api.w.org\/{rel}","templated":true}]}}