{"id":102547,"date":"2025-10-08T19:42:09","date_gmt":"2025-10-08T19:42:09","guid":{"rendered":"https:\/\/www.europesays.com\/pt\/102547\/"},"modified":"2025-10-08T19:42:09","modified_gmt":"2025-10-08T19:42:09","slug":"filme-de-kathryn-bigelow-tem-ataque-iminente-de-missil-08-10-2025-ilustrada","status":"publish","type":"post","link":"https:\/\/www.europesays.com\/pt\/102547\/","title":{"rendered":"Filme de Kathryn Bigelow tem ataque iminente de m\u00edssil &#8211; 08\/10\/2025 &#8211; Ilustrada"},"content":{"rendered":"<p>Imagine que um m\u00edssil nuclear foi disparado contra o seu pa\u00eds. Ningu\u00e9m consegue descobrir de onde veio, e apesar de tentativas de abat\u00ea-lo, o proj\u00e9til segue seu trajeto. Em menos de 20 minutos vai destruir um centro urbano e matar milh\u00f5es de pessoas. O que fazer?<\/p>\n<p>Ou, mais precisamente: como evitar que essa situa\u00e7\u00e3o imagin\u00e1ria algum dia aconte\u00e7a, sobretudo nos tempos atuais? Eis o principal questionamento proposto por &#8220;Casa de Dinamite&#8221;, longa da cineasta americana <a href=\"https:\/\/www1.folha.uol.com.br\/ilustrada\/2025\/09\/eua-viram-alvo-de-missil-nuclear-em-filme-de-kathryn-bigelow-exibido-em-veneza.shtml\" rel=\"nofollow noopener\" target=\"\">Kathryn Bigelow<\/a> que chega aos cinemas no dia 9, e na <a href=\"https:\/\/www1.folha.uol.com.br\/folha-topicos\/netflix\/\" rel=\"nofollow noopener\" target=\"\">Netflix<\/a> estreia dia 24.<\/p>\n<p>&#8220;Minha preocupa\u00e7\u00e3o com a situa\u00e7\u00e3o nuclear me motivou a fazer este filme&#8221;, disse a diretora, quando promoveu o longa no m\u00eas passado, no <a href=\"https:\/\/www1.folha.uol.com.br\/folha-topicos\/festival-de-veneza\/\" rel=\"nofollow noopener\" target=\"\">Festival de Veneza<\/a>.<\/p>\n<p>&#8220;Minha esperan\u00e7a \u00e9 que haja di\u00e1logo agora, porque parece que n\u00e3o houve nenhum por d\u00e9cadas, afinal a amea\u00e7a nuclear n\u00e3o dava a impress\u00e3o de estar realmente presente&#8221;, diz Bigelow, que se lembra de como tudo era diferente em sua inf\u00e2ncia, nos anos 1960, o quanto o tema costumava ser debatido. &#8220;Eu sinto que precisamos come\u00e7ar a falar sobre isso. Todos n\u00f3s.&#8221;<\/p>\n<p>No filme, em uma manh\u00e3 aparentemente comum, uma base militar no <a href=\"https:\/\/www1.folha.uol.com.br\/mundo\/2025\/08\/alasca-que-recebe-cupula-entre-putin-e-trump-e-estado-americano-com-passado-russo-entenda.shtml\" rel=\"nofollow noopener\" target=\"\">Alasca <\/a>percebe que um m\u00edssil intercontinental est\u00e1 a caminho do solo americano. Se nada for feito, cair\u00e1 sobre Chicago, devastando a regi\u00e3o metropolitana da cidade e causando a morte de 20 milh\u00f5es de pessoas.<\/p>\n<p>Sem saber o motivo e nem quem enviou \u2013as suspeitas de que possa ter sido R\u00fassia ou Coreia do Norte n\u00e3o possuem robustez o suficiente\u2013, todas as esferas ligadas \u00e0 defesa do pa\u00eds precisam pensar r\u00e1pido e se organizar para evitar a cat\u00e1strofe a tempo. O filme transita entre diversos ambientes, incluindo a <a href=\"https:\/\/www1.folha.uol.com.br\/poder\/2025\/09\/ameaca-da-casa-branca-e-incompreensivel-e-nao-parece-ser-pensada-ou-estrategica-dizem-especialistas.shtml\" rel=\"nofollow noopener\" target=\"\">Casa Branca<\/a>, o <a href=\"https:\/\/www1.folha.uol.com.br\/amp\/mundo\/2025\/10\/pentagono-quer-submeter-altos-funcionarios-a-testes-de-detector-de-mentiras.shtml\" rel=\"nofollow noopener\" target=\"\">Pent\u00e1gono <\/a>e bases militares \u2013com conversas cheias de siglas e jarg\u00f5es militares e administrativos que por vezes confundem, mas com um sentimento de desespero generalizado que \u00e9 facilmente percept\u00edvel por qualquer espectador.<\/p>\n<p>No fim das contas, quem precisa tomar a decis\u00e3o de como reagir \u00e9 a figura do presidente da Rep\u00fablica, interpretado por Idris Elba. Mas tanto o ator quanto a cineasta tiveram cuidado especial para que o chefe de Estado do longa n\u00e3o se parecesse com algum presidente em espec\u00edfico. &#8220;Achamos que seria uma distra\u00e7\u00e3o tentar imitar qualquer presidente que j\u00e1 existiu. Seria um passo em falso&#8221;, diz Elba, ressaltando a import\u00e2ncia de destacar que, acima de tudo, naquele momento era um ser humano diante de uma decis\u00e3o importante.<\/p>\n<p>&#8220;Precisava ser uma figura com a qual o espectador pudesse ter alguma identifica\u00e7\u00e3o, que o fizesse conseguir se imaginar naquela situa\u00e7\u00e3o, pensando: \u2018o que eu faria em seu lugar?\u2019. Ent\u00e3o, esse foi realmente um dos pensamentos por tr\u00e1s desse personagem&#8221;, explica o ator.<\/p>\n<p>Bigelow diz que, apesar de a trama ser fict\u00edcia, tudo o que o longa mostra sobre a seguran\u00e7a nos Estados Unidos \u00e9 como na vida real. As informa\u00e7\u00f5es s\u00e3o em geral abertas e dispon\u00edveis a qualquer um, saber em detalhes o funcionamento da engrenagem da defesa do pa\u00eds foi poss\u00edvel sobretudo porque o roteirista, <a href=\"https:\/\/www1.folha.uol.com.br\/amp\/ilustrada\/2018\/08\/produtor-acusa-rede-nbc-de-ter-barrado-investigacoes-sobre-weinstein.shtml\" rel=\"nofollow noopener\" target=\"\">Noah Oppenheim<\/a>, tem \u00f3timo tr\u00e2nsito nesse universo.<\/p>\n<p>Nem precisava se aprofundar para saber que uma eventual retalia\u00e7\u00e3o americana poderia iniciar um processo de destrui\u00e7\u00e3o planet\u00e1ria, mas o que talvez mais tenha assustado a cineasta foi perceber o quanto o poder de decidir fica concentrado nas m\u00e3os de uma \u00fanica pessoa.<\/p>\n<p>&#8220;Nos Estados Unidos, o presidente tem autoridade exclusiva para tomar a decis\u00e3o. N\u00e3o \u00e9 um consenso, um grupo de pessoas que precisa concordar: \u00e9 s\u00f3 o presidente. E isso \u00e9 algo que eu acho perturbador, e muitas pessoas envolvidas na comunidade da amea\u00e7a nuclear concordam comigo.<\/p>\n<p>&#8220;Casa de Dinamite&#8221; exp\u00f5e a todo tempo o quanto a quest\u00e3o nuclear amea\u00e7a a sociedade americana, e por vezes pode deixar a impress\u00e3o de que o filme ignora o quanto outros pa\u00edses tamb\u00e9m podem sofrer com ela. &#8220;S\u00f3 posso trabalhar a partir da minha perspectiva e do acesso que eu tinha&#8221;, defende-se a cineasta. &#8220;Mas, ao mesmo tempo, \u00e9 poss\u00edvel extrapolar que a situa\u00e7\u00e3o pode se aplicar a outros pa\u00edses. E que a resposta para esses problemas \u00e9 global.&#8221;<\/p>\n<p>&#13;<br \/>\nBigelow come\u00e7ou a carreira ainda na d\u00e9cada de 1980, e no in\u00edcio fazia filmes cheios de adrenalina, como &#8220;<a href=\"https:\/\/www1.folha.uol.com.br\/ilustrada\/2016\/01\/1734113-refilmagem-de-cacadores-de-emocao-vira-catalogo-de-esportes.shtml\" rel=\"nofollow noopener\" target=\"\">Ca\u00e7adores de Emo\u00e7\u00e3o<\/a>&#8220;, de 1991, ao qual ela se refere como &#8220;uma dessas pe\u00e7as de entretenimento de que tanto gosto&#8221;.<\/p>\n<p>Mas sua carreira mudou por completo depois de &#8220;<a href=\"https:\/\/www1.folha.uol.com.br\/podcasts\/2021\/09\/as-consequencias-do-11-de-setembro-e-da-guerra-ao-terror-20-anos-depois-ouca-podcast.shtml\" rel=\"nofollow noopener\" target=\"\">Guerra ao Terror<\/a>&#8220;, de 2009, n\u00e3o s\u00f3 pela tem\u00e1tica mais ancorada na realidade \u2013no caso, sobre a ocupa\u00e7\u00e3o americana no Iraque\u2013 mas tamb\u00e9m pelo que o filme lhe proporcionou: ser a primeira mulher a ganhar um <a href=\"https:\/\/www1.folha.uol.com.br\/folha-topicos\/oscar\/\" rel=\"nofollow noopener\" target=\"\">Oscar <\/a>de dire\u00e7\u00e3o.<\/p>\n<p>Da noite de premia\u00e7\u00e3o, n\u00e3o se lembra de quase nada. &#8220;Fiquei completamente em choque. N\u00e3o imaginava que aquilo fosse acontecer&#8221;, confessa. &#8220;Guardo a estatueta no meu escrit\u00f3rio. Fica l\u00e1, para me dar carinho de vez em quando.&#8221;<\/p>\n<p>A mudan\u00e7a de foco para tem\u00e1ticas mais pol\u00edticas, ao que parece, \u00e9 um caminho sem volta. &#8220;Sinto que o cinema \u00e9 um meio incrivelmente poderoso. \u00c9 uma oportunidade para iniciar conversas. E a intersec\u00e7\u00e3o entre arte e jornalismo \u00e9 um sistema de entrega de informa\u00e7\u00f5es importantes. Ent\u00e3o eu quero aproveitar o que esse meio tem a oferecer.&#8221;<\/p>\n","protected":false},"excerpt":{"rendered":"Imagine que um m\u00edssil nuclear foi disparado contra o seu pa\u00eds. Ningu\u00e9m consegue descobrir de onde veio, e&hellip;\n","protected":false},"author":2,"featured_media":102548,"comment_status":"","ping_status":"","sticky":false,"template":"","format":"standard","meta":{"footnotes":""},"categories":[140],"tags":[207,470,114,115,1203,14554,147,148,236,5267,146,716,32,33,941,940,600],"class_list":{"0":"post-102547","1":"post","2":"type-post","3":"status-publish","4":"format-standard","5":"has-post-thumbnail","7":"category-filmes","8":"tag-arte","9":"tag-cinema","10":"tag-entertainment","11":"tag-entretenimento","12":"tag-festival-de-cinema","13":"tag-festival-de-veneza","14":"tag-film","15":"tag-filmes","16":"tag-folha","17":"tag-mostra-de-cinema","18":"tag-movies","19":"tag-netflix","20":"tag-portugal","21":"tag-pt","22":"tag-series","23":"tag-streaming","24":"tag-veja-video"},"share_on_mastodon":{"url":"","error":""},"_links":{"self":[{"href":"https:\/\/www.europesays.com\/pt\/wp-json\/wp\/v2\/posts\/102547","targetHints":{"allow":["GET"]}}],"collection":[{"href":"https:\/\/www.europesays.com\/pt\/wp-json\/wp\/v2\/posts"}],"about":[{"href":"https:\/\/www.europesays.com\/pt\/wp-json\/wp\/v2\/types\/post"}],"author":[{"embeddable":true,"href":"https:\/\/www.europesays.com\/pt\/wp-json\/wp\/v2\/users\/2"}],"replies":[{"embeddable":true,"href":"https:\/\/www.europesays.com\/pt\/wp-json\/wp\/v2\/comments?post=102547"}],"version-history":[{"count":0,"href":"https:\/\/www.europesays.com\/pt\/wp-json\/wp\/v2\/posts\/102547\/revisions"}],"wp:featuredmedia":[{"embeddable":true,"href":"https:\/\/www.europesays.com\/pt\/wp-json\/wp\/v2\/media\/102548"}],"wp:attachment":[{"href":"https:\/\/www.europesays.com\/pt\/wp-json\/wp\/v2\/media?parent=102547"}],"wp:term":[{"taxonomy":"category","embeddable":true,"href":"https:\/\/www.europesays.com\/pt\/wp-json\/wp\/v2\/categories?post=102547"},{"taxonomy":"post_tag","embeddable":true,"href":"https:\/\/www.europesays.com\/pt\/wp-json\/wp\/v2\/tags?post=102547"}],"curies":[{"name":"wp","href":"https:\/\/api.w.org\/{rel}","templated":true}]}}